{"id":543314,"date":"2025-11-18T21:46:14","date_gmt":"2025-11-18T21:46:14","guid":{"rendered":"https:\/\/www.europesays.com\/fr\/543314\/"},"modified":"2025-11-18T21:46:14","modified_gmt":"2025-11-18T21:46:14","slug":"meteo-la-neige-pourrait-elle-tomber-en-seine-maritime-cette-semaine-les-previsions","status":"publish","type":"post","link":"https:\/\/www.europesays.com\/fr\/543314\/","title":{"rendered":"M\u00e9t\u00e9o. La neige pourrait-elle tomber en Seine-Maritime cette semaine ? Les pr\u00e9visions"},"content":{"rendered":"<p>                    Par<br \/>\n        <strong><br \/>\n            <a href=\"https:\/\/actu.fr\/auteur\/julien-bouteiller\" title=\"Consulter tous les articles de Julien Bouteiller\" rel=\"nofollow noopener\" target=\"_blank\">Julien Bouteiller<\/a><br \/>\n                    <\/strong><\/p>\n<p>        Publi\u00e9 le<\/p>\n<p>            18 nov. 2025 \u00e0 16h22        <\/p>\n<p>Vous avez s\u00fbrement senti <a href=\"https:\/\/actu.fr\/meteo\/meteo-baisse-des-temperatures-pluie-ou-soleil-a-quoi-s-attendre-en-cette-mi-novembre-en-seine-maritime_63444275.html\" rel=\"nofollow noopener\" target=\"_blank\">le froid qui s\u2019est install\u00e9<\/a> depuis la mi-novembre 2025, mais <strong>va-t-il amener la neige avec lui ?<\/strong> La chute des temp\u00e9ratures pourrait en effet amener les premiers flocons de la saison en Seine-Maritime. On fait <strong>le point sur les pr\u00e9visions m\u00e9t\u00e9o<\/strong> des jours \u00e0 venir.<\/p>\n<p>Neige ou pas ? Ce que pr\u00e9voit M\u00e9t\u00e9o France<\/p>\n<p class=\" wall-content\">Du c\u00f4t\u00e9 de <a href=\"https:\/\/actu.fr\/tag\/meteo-france\" rel=\"nofollow noopener\" target=\"_blank\">M\u00e9t\u00e9o France<\/a>, on pr\u00e9voit <strong>de la pluie en continu ou presque<\/strong>, entre ce mardi 18 et jeudi 20 novembre. Le ciel se d\u00e9gageant, les temp\u00e9ratures vont continuer \u00e0 baisser, autour des 4\u00b0C du c\u00f4t\u00e9 de Rouen ce vendredi.<\/p>\n<p class=\" wall-content\">Le risque de neige sera donc plus marqu\u00e9 <strong>entre vendredi et samedi<\/strong>, avec des temp\u00e9ratures autour du 0. M\u00e9t\u00e9o France n\u2019annonce toutefois, pour le moment, que <strong>quelques flocons du c\u00f4t\u00e9 de Neufch\u00e2tel-en-Bray.<\/strong><\/p>\n<p class=\" wall-content\">Avec le retour de la pluie et les temp\u00e9ratures un peu moins fra\u00eeches entre samedi et dimanche, <strong>le risque de neige semble s\u2019\u00e9carter pour la fin de semaine<\/strong>.\u00a0<\/p>\n<p>Vers de la pluie et neige m\u00eal\u00e9es ?<\/p>\n<p class=\" wall-content\">Chez les pr\u00e9visionnistes locaux, M\u00e9t\u00e9o 76 se montre \u00e9galement prudent. \u00ab\u00a0De l\u2019air tr\u00e8s froid \u00e0 tr\u00e8s haute altitude (-34\u00b0C \u00e0 5500 m\u00e8tres d\u2019altitude environ) est attendu entre mercredi et vendredi dans le d\u00e9partement. Cela signifie <strong>une d\u00e9stabilisation importante de l\u2019atmosph\u00e8re<\/strong>, autrement dit un temps instable\u00a0\u00bb, annonce la page.<\/p>\n<p>Vid\u00e9os : en ce moment sur Actu<br \/>\n    <a href=\"https:\/\/www.facebook.com\/plugins\/post.php?href=https%3A%2F%2Fwww.facebook.com%2Fmeteo76%2Fposts%2Fpfbid0AXwfUbeyE3o9syFDu2bSW1Ph3fZR3W3h5XsspezqMKD1TyMJJrKej6Uawhi3Zdrkl&amp;show_text=true&amp;width=350\" title=\"Ouvrie le lien\" rel=\"nofollow noopener\" target=\"_blank\">Cliquez ici pour visualiser le contenu<\/a><\/p>\n<p class=\" wall-content\">\u00ab\u00a0Cet \u00e9cart va produire <strong>de fr\u00e9quentes giboul\u00e9es<\/strong>, en majorit\u00e9 sous forme de pluies, localement <strong>de pluie et neige m\u00eal\u00e9es<\/strong> et\/ou de gr\u00e9sil.\u00a0\u00bb Un risque de pluie et neige m\u00eal\u00e9es plus marqu\u00e9 ce jeudi et, dans une moindre mesure, vendredi.<\/p>\n<p>Votre r\u00e9gion, votre actu !<\/p>\n<p>Recevez chaque jour les infos qui comptent pour vous.<\/p>\n<p>\t<a href=\"https:\/\/actu.fr\/newsletter\" class=\"ac-btn ac-btn--corner ac-btn--medium ac-btn--blue800\" rel=\"nofollow noopener\" target=\"_blank\">S&rsquo;incrire<\/a><\/p>\n<p class=\" wall-content\">Toutefois,<strong> \u00ab\u00a0aucun \u00e9pisode neigeux\u00a0\u00bb<\/strong>, \u00e0 proprement dit, \u00ab\u00a0n\u2019est pour l\u2019instant pr\u00e9vu\u00a0\u00bb.<\/p>\n<p class=\" wall-content\">Sans surprise, les bonhommes de neige ne sont pas pour tout de suite, mais la prudence sera tout de m\u00eame de mise sur la route.\u00a0\u00a0<\/p>\n<p class=\" wall-content\">Personnalisez votre actualit\u00e9 en ajoutant vos villes et m\u00e9dias en favori avec <a href=\"https:\/\/moncompte.actu.fr\" title=\"D\u00e9couvez Mon Actu\" rel=\"nofollow noopener\" data-trk=\"{&quot;cta&quot;:{&quot;action&quot;:&quot;https:\\\/\\\/moncompte.actu.fr&quot;,&quot;category&quot;:&quot;mon compte&quot;,&quot;from&quot;:&quot;article footer&quot;,&quot;name&quot;:&quot;Mon actu&quot;,&quot;type&quot;:&quot;cta&quot;}}\" target=\"_blank\">Mon Actu<\/a>.<\/p>\n","protected":false},"excerpt":{"rendered":"Par Julien Bouteiller Publi\u00e9 le 18 nov. 2025 \u00e0 16h22 Vous avez s\u00fbrement senti le froid qui s\u2019est&hellip;\n","protected":false},"author":2,"featured_media":543315,"comment_status":"","ping_status":"","sticky":false,"template":"","format":"standard","meta":{"footnotes":""},"categories":[9587],"tags":[1111,11,1777,674,1011,27,3447,2487,2357,10584,12,5161,25,9590],"class_list":{"0":"post-543314","1":"post","2":"type-post","3":"status-publish","4":"format-standard","5":"has-post-thumbnail","7":"category-rouen","8":"tag-actu","9":"tag-actualites","10":"tag-eu","11":"tag-europe","12":"tag-fr","13":"tag-france","14":"tag-froid","15":"tag-meteo","16":"tag-meteo-france","17":"tag-neige","18":"tag-news","19":"tag-normandie","20":"tag-republique-francaise","21":"tag-rouen"},"share_on_mastodon":{"url":"https:\/\/pubeurope.com\/@fr\/115572898910373307","error":""},"_links":{"self":[{"href":"https:\/\/www.europesays.com\/fr\/wp-json\/wp\/v2\/posts\/543314","targetHints":{"allow":["GET"]}}],"collection":[{"href":"https:\/\/www.europesays.com\/fr\/wp-json\/wp\/v2\/posts"}],"about":[{"href":"https:\/\/www.europesays.com\/fr\/wp-json\/wp\/v2\/types\/post"}],"author":[{"embeddable":true,"href":"https:\/\/www.europesays.com\/fr\/wp-json\/wp\/v2\/users\/2"}],"replies":[{"embeddable":true,"href":"https:\/\/www.europesays.com\/fr\/wp-json\/wp\/v2\/comments?post=543314"}],"version-history":[{"count":0,"href":"https:\/\/www.europesays.com\/fr\/wp-json\/wp\/v2\/posts\/543314\/revisions"}],"wp:featuredmedia":[{"embeddable":true,"href":"https:\/\/www.europesays.com\/fr\/wp-json\/wp\/v2\/media\/543315"}],"wp:attachment":[{"href":"https:\/\/www.europesays.com\/fr\/wp-json\/wp\/v2\/media?parent=543314"}],"wp:term":[{"taxonomy":"category","embeddable":true,"href":"https:\/\/www.europesays.com\/fr\/wp-json\/wp\/v2\/categories?post=543314"},{"taxonomy":"post_tag","embeddable":true,"href":"https:\/\/www.europesays.com\/fr\/wp-json\/wp\/v2\/tags?post=543314"}],"curies":[{"name":"wp","href":"https:\/\/api.w.org\/{rel}","templated":true}]}}