{"id":543316,"date":"2025-11-18T21:47:34","date_gmt":"2025-11-18T21:47:34","guid":{"rendered":"https:\/\/www.europesays.com\/fr\/543316\/"},"modified":"2025-11-18T21:47:34","modified_gmt":"2025-11-18T21:47:34","slug":"parcours-arrets-horaires-tout-ce-quil-faut-savoir-sur-cette-nouvelle-ligne-teor-tres-attendue","status":"publish","type":"post","link":"https:\/\/www.europesays.com\/fr\/543316\/","title":{"rendered":"parcours, arr\u00eats, horaires\u2026 Tout ce qu\u2019il faut savoir sur cette nouvelle ligne Teor tr\u00e8s attendue"},"content":{"rendered":"<p class=\"article__intro\">La nouvelle ligne Teor T5 de Rouen (Seine-Maritime) va \u00eatre inaugur\u00e9e ce samedi 29 novembre 2025. Annonc\u00e9e en 2021, elle reliera la capitale normande du nord au sud. Tout ce que vous devez savoir.<\/p>\n<p>\n      La Quotidienne Soci\u00e9t\u00e9\n    <\/p>\n<p>\n      De la vie quotidienne aux grands enjeux, recevez tous les jours les sujets qui font la soci\u00e9t\u00e9 locale, comme la justice, l\u2019\u00e9ducation, la sant\u00e9 et la famille.\n    <\/p>\n<p>    France T\u00e9l\u00e9visions utilise votre adresse e-mail afin de vous envoyer la newsletter \u00ab\u00a0La Quotidienne Soci\u00e9t\u00e9\u00a0\u00bb. Vous pouvez vous d\u00e9sinscrire \u00e0 tout moment via le lien en bas de cette newsletter. <a target=\"_blank\" href=\"https:\/\/www.francetelevisions.fr\/groupe\/confidentialite\/politique-de-confidentialite\/politique-de-confidentialite-de-france-televisions-6503\" rel=\"nofollow noopener\">Notre politique de confidentialit\u00e9<\/a><\/p>\n<p>Vous avez peut-\u00eatre vu passer des bus T5 dans les rues de Rouen. Les conducteurs sont en train de r\u00e9aliser des parcours de reconnaissance avant le lancement officiel de cette nouvelle ligne.<\/p>\n<p>Tout comme la ligne T4, la T5 traversera Rouen et sa m\u00e9tropole du nord au sud. Les bus partiront de Mont-Saint-Aignan puis traverseront le pont Flaubert pour acc\u00e9der \u00e0 la rive gauche.<\/p>\n<p>Le maire (PS) de Rouen et pr\u00e9sident de la M\u00e9tropole Rouen Normandie, Nicolas Mayer-Rossignol, a annonc\u00e9 le parcours sur son compte Instagram, en insistant sur l&rsquo;\u00e9co quartier Flaubert desservi par le T5. Un nouveau lieu de vie de 90 hectares encore en construction : la ligne du T5 se dresse au milieu des amas de terre, \u00e0 c\u00f4t\u00e9 des pistes cyclables. \u00c0 terme, un coll\u00e8ge, une \u00e9cole et un \u00e9quipement sportif sortiront de terre.<\/p>\n<p>Parmi les nouveaux b\u00e2timents de la ville, le T5 desservira <a href=\"https:\/\/france3-regions.franceinfo.fr\/normandie\/seine-maritime\/rouen\/en-images-a-quoi-va-ressembler-le-futur-centre-de-congres-de-la-metropole-rouen-normandie-3229130.html\" target=\"_blank\" rel=\"noopener noreferrer nofollow\" data-tooltip-url=\"https:\/\/france3-regions.franceinfo.fr\/normandie\/seine-maritime\/rouen\/en-images-a-quoi-va-ressembler-le-futur-centre-de-congres-de-la-metropole-rouen-normandie-3229130.html\">le futur centre des congr\u00e8s au pied du pont Flaubert.<\/a><\/p>\n<ul>\n<li><strong>Joffre-Mutualit\u00e9<\/strong><\/li>\n<li><strong>Amiral C\u00e9cille<\/strong><\/li>\n<li><strong>Orl\u00e9ans<\/strong><\/li>\n<li><strong>Camille Claudel<\/strong><\/li>\n<li><strong>Mont-Riboudet<\/strong><\/li>\n<li><strong>Fond du Val<\/strong><\/li>\n<li><strong>Campus<\/strong><\/li>\n<li><strong>Place Colbert<\/strong><\/li>\n<li><strong>Mont aux Malades<\/strong><\/li>\n<\/ul>\n<p><a data-article-figure=\"\" href=\"https:\/\/france3-regions.franceinfo.fr\/image\/MuqtnVlXyvxvFQ-w3-MLlRk8A0g\/650x621\/regions\/2025\/11\/18\/t5-plan-jpg-691c57197bac0308250172.jpeg\" data-pswp-width=\"650\" data-pswp-height=\"621\" target=\"_blank\" rel=\"nofollow noopener\"><\/p>\n<p>          <img width=\"600\" height=\"400\" class=\"article-image lazy\" data-src=\"https:\/\/www.europesays.com\/fr\/wp-content\/uploads\/2025\/11\/t5-plan-jpg-691c57197bac0308250172.jpeg\" alt=\"plan T5 Rouen\" fetchpriority=\"high\" as=\"image\"\/><\/p>\n<p>\n            plan T5 Rouen<br \/>\n                           \u2022<br \/>\n                                      \u00a9 r\u00e9seau astuce\n                      <\/p>\n<p><\/a><\/p>\n<p>La ligne T5 circulera, en p\u00e9riode normale (hors vacances et jours f\u00e9ri\u00e9s),\u00a0toutes les 8 \u00e0 10 minutes entre 7h et 20h.\u00a0Le premier bus part de Champlain \u00e0 5h30 et le dernier \u00e0 minuit pile.\u00a0Les samedis, il faut compter un T5 toutes les 10 minutes l\u2019apr\u00e8s-midi.<\/p>\n<p>La nouvelle ligne de Teor doit permettre de d\u00e9sengorger un peu la T1, souvent satur\u00e9e car elle est emprunt\u00e9e par les \u00e9tudiants du campus de Mont-Saint-Aignan.<\/p>\n<p>L\u2019inauguration aura lieu le samedi 29 novembre 2025 et les voyages seront gratuits comme tous les samedis. L\u2019occasion d\u2019aller faire vos achats de No\u00ebl sans la gal\u00e8re du stationnement.<\/p><\/p>\n","protected":false},"excerpt":{"rendered":"La nouvelle ligne Teor T5 de Rouen (Seine-Maritime) va \u00eatre inaugur\u00e9e ce samedi 29 novembre 2025. Annonc\u00e9e en&hellip;\n","protected":false},"author":2,"featured_media":543317,"comment_status":"","ping_status":"","sticky":false,"template":"","format":"standard","meta":{"footnotes":""},"categories":[9587],"tags":[1111,11,1777,674,1011,27,12,5161,25,9590],"class_list":{"0":"post-543316","1":"post","2":"type-post","3":"status-publish","4":"format-standard","5":"has-post-thumbnail","7":"category-rouen","8":"tag-actu","9":"tag-actualites","10":"tag-eu","11":"tag-europe","12":"tag-fr","13":"tag-france","14":"tag-news","15":"tag-normandie","16":"tag-republique-francaise","17":"tag-rouen"},"share_on_mastodon":{"url":"https:\/\/pubeurope.com\/@fr\/115572907730124920","error":""},"_links":{"self":[{"href":"https:\/\/www.europesays.com\/fr\/wp-json\/wp\/v2\/posts\/543316","targetHints":{"allow":["GET"]}}],"collection":[{"href":"https:\/\/www.europesays.com\/fr\/wp-json\/wp\/v2\/posts"}],"about":[{"href":"https:\/\/www.europesays.com\/fr\/wp-json\/wp\/v2\/types\/post"}],"author":[{"embeddable":true,"href":"https:\/\/www.europesays.com\/fr\/wp-json\/wp\/v2\/users\/2"}],"replies":[{"embeddable":true,"href":"https:\/\/www.europesays.com\/fr\/wp-json\/wp\/v2\/comments?post=543316"}],"version-history":[{"count":0,"href":"https:\/\/www.europesays.com\/fr\/wp-json\/wp\/v2\/posts\/543316\/revisions"}],"wp:featuredmedia":[{"embeddable":true,"href":"https:\/\/www.europesays.com\/fr\/wp-json\/wp\/v2\/media\/543317"}],"wp:attachment":[{"href":"https:\/\/www.europesays.com\/fr\/wp-json\/wp\/v2\/media?parent=543316"}],"wp:term":[{"taxonomy":"category","embeddable":true,"href":"https:\/\/www.europesays.com\/fr\/wp-json\/wp\/v2\/categories?post=543316"},{"taxonomy":"post_tag","embeddable":true,"href":"https:\/\/www.europesays.com\/fr\/wp-json\/wp\/v2\/tags?post=543316"}],"curies":[{"name":"wp","href":"https:\/\/api.w.org\/{rel}","templated":true}]}}