{"id":543326,"date":"2025-11-18T21:52:15","date_gmt":"2025-11-18T21:52:15","guid":{"rendered":"https:\/\/www.europesays.com\/fr\/543326\/"},"modified":"2025-11-18T21:52:15","modified_gmt":"2025-11-18T21:52:15","slug":"assises-du-haut-rhin-deal-squat-et-megots-sinvitent-au-proces-en-appel-des-incendiaires-de-strasbourg","status":"publish","type":"post","link":"https:\/\/www.europesays.com\/fr\/543326\/","title":{"rendered":"Assises du Haut-Rhin. Deal, squat et m\u00e9gots s\u2019invitent au proc\u00e8s en appel des incendiaires de Strasbourg"},"content":{"rendered":"<p>\u00ab Le feu partait de partout \u00bb, se souvient un pompier \u00e0 la barre. Cette nuit de f\u00e9vrier 2020, un incendie s\u2019est d\u00e9clar\u00e9 brutalement au c\u0153ur du quartier de la gare, dans un immeuble connu comme point de squat et de deal. Malgr\u00e9 l\u2019intervention rapide de 45 soldats du feu, il fera cinq morts \u2013 autant que l\u2019attentat du march\u00e9 de No\u00ebl de Strasbourg \u2013 et plusieurs bless\u00e9s.<\/p>\n<p>Au c\u0153ur de l\u2019enqu\u00eate, \u00ab deux individus \u00e0 la casquette \u00e0 l\u2019envers \u00bb rep\u00e9r\u00e9s sur la vid\u00e9osurveillance de l\u2019immeuble, avec une cigarette et un briquet allum\u00e9. Dans le box des accus\u00e9s, Sassoun Azarian, 26 ans, <a href=\"https:\/\/www.dna.fr\/faits-divers-justice\/2023\/09\/25\/23-ans-pour-l-incendiaire-de-la-rue-de-barr\" target=\"_blank\" rel=\"noopener\">condamn\u00e9 \u00e0 23 ans en premi\u00e8re instance<\/a> pour avoir jet\u00e9 le m\u00e9got fatal. Munasar Ali Abdullahi, 27 ans, compara\u00eet libre apr\u00e8s avoir purg\u00e9 sa peine de quatre ans et demi pour ne pas avoir appel\u00e9&#8230;<\/p>\n","protected":false},"excerpt":{"rendered":"\u00ab Le feu partait de partout \u00bb, se souvient un pompier \u00e0 la barre. Cette nuit de f\u00e9vrier&hellip;\n","protected":false},"author":2,"featured_media":543327,"comment_status":"","ping_status":"","sticky":false,"template":"","format":"standard","meta":{"footnotes":""},"categories":[2820],"tags":[1111,11,2389,5065,2413,1777,674,274,107,1011,27,775,1637,1310,12,25,14851,640],"class_list":{"0":"post-543326","1":"post","2":"type-post","3":"status-publish","4":"format-standard","5":"has-post-thumbnail","7":"category-strasbourg","8":"tag-actu","9":"tag-actualites","10":"tag-alsace","11":"tag-colmar","12":"tag-edition-colmar-guebwiller","13":"tag-eu","14":"tag-europe","15":"tag-faits-divers-justice","16":"tag-fil-info","17":"tag-fr","18":"tag-france","19":"tag-grand-est","20":"tag-haut-rhin","21":"tag-incendie","22":"tag-news","23":"tag-republique-francaise","24":"tag-secteur-de-colmar","25":"tag-strasbourg"},"share_on_mastodon":{"url":"https:\/\/pubeurope.com\/@fr\/115572923227583447","error":""},"_links":{"self":[{"href":"https:\/\/www.europesays.com\/fr\/wp-json\/wp\/v2\/posts\/543326","targetHints":{"allow":["GET"]}}],"collection":[{"href":"https:\/\/www.europesays.com\/fr\/wp-json\/wp\/v2\/posts"}],"about":[{"href":"https:\/\/www.europesays.com\/fr\/wp-json\/wp\/v2\/types\/post"}],"author":[{"embeddable":true,"href":"https:\/\/www.europesays.com\/fr\/wp-json\/wp\/v2\/users\/2"}],"replies":[{"embeddable":true,"href":"https:\/\/www.europesays.com\/fr\/wp-json\/wp\/v2\/comments?post=543326"}],"version-history":[{"count":0,"href":"https:\/\/www.europesays.com\/fr\/wp-json\/wp\/v2\/posts\/543326\/revisions"}],"wp:featuredmedia":[{"embeddable":true,"href":"https:\/\/www.europesays.com\/fr\/wp-json\/wp\/v2\/media\/543327"}],"wp:attachment":[{"href":"https:\/\/www.europesays.com\/fr\/wp-json\/wp\/v2\/media?parent=543326"}],"wp:term":[{"taxonomy":"category","embeddable":true,"href":"https:\/\/www.europesays.com\/fr\/wp-json\/wp\/v2\/categories?post=543326"},{"taxonomy":"post_tag","embeddable":true,"href":"https:\/\/www.europesays.com\/fr\/wp-json\/wp\/v2\/tags?post=543326"}],"curies":[{"name":"wp","href":"https:\/\/api.w.org\/{rel}","templated":true}]}}