{"id":543328,"date":"2025-11-18T21:53:15","date_gmt":"2025-11-18T21:53:15","guid":{"rendered":"https:\/\/www.europesays.com\/fr\/543328\/"},"modified":"2025-11-18T21:53:15","modified_gmt":"2025-11-18T21:53:15","slug":"la-tombola-solidaire-les-resultats","status":"publish","type":"post","link":"https:\/\/www.europesays.com\/fr\/543328\/","title":{"rendered":"LA TOMBOLA SOLIDAIRE : LES R\u00c9SULTATS"},"content":{"rendered":"<p data-start=\"65\" data-end=\"205\">Durant le mois d\u2019octobre, nos SIGmen ont jou\u00e9 avec un maillot rose sp\u00e9cialement con\u00e7u pour sensibiliser \u00e0 la lutte contre le cancer du sein.<\/p>\n<p data-start=\"207\" data-end=\"425\">En partenariat avec la Ville de Strasbourg, la SIG Strasbourg a prolong\u00e9 cet engagement en proposant ces maillots roses sous la forme d\u2019une tombola solidaire au profit de la Ligue contre le cancer &#8211; comit\u00e9 du Bas-Rhin.<\/p>\n<p data-start=\"427\" data-end=\"500\">La tombola, ouverte du 22 octobre au 11 novembre, est d\u00e9sormais cl\u00f4tur\u00e9e.<\/p>\n<p data-start=\"502\" data-end=\"658\">Entre ces deux dates, <strong data-start=\"524\" data-end=\"538\">287 billets<\/strong> ont \u00e9t\u00e9 vendus, permettant de r\u00e9colter <strong data-start=\"578\" data-end=\"589\">1 435 \u20ac<\/strong>, somme que le club a g\u00e9n\u00e9reusement arrondie \u00e0 <strong data-start=\"646\" data-end=\"657\">2 000 \u20ac<\/strong>.<\/p>\n<p data-start=\"660\" data-end=\"717\">Un grand merci \u00e0 toutes celles et ceux qui ont particip\u00e9.<\/p>\n<p data-start=\"660\" data-end=\"717\">Merci \u00e9galement \u00e0 la Ville de Strasbourg qui soutient cette action.<\/p>\n<p data-start=\"719\" data-end=\"785\">La Ligue contre le cancer du Bas-Rhin a proc\u00e9d\u00e9 au tirage au sort.<\/p>\n<p data-start=\"719\" data-end=\"785\">\u00a0<\/p>\n","protected":false},"excerpt":{"rendered":"Durant le mois d\u2019octobre, nos SIGmen ont jou\u00e9 avec un maillot rose sp\u00e9cialement con\u00e7u pour sensibiliser \u00e0 la&hellip;\n","protected":false},"author":2,"featured_media":543329,"comment_status":"","ping_status":"","sticky":false,"template":"","format":"standard","meta":{"footnotes":""},"categories":[2820],"tags":[1111,11,3146,1777,674,1011,27,775,3145,12,25,3144,640],"class_list":{"0":"post-543328","1":"post","2":"type-post","3":"status-publish","4":"format-standard","5":"has-post-thumbnail","7":"category-strasbourg","8":"tag-actu","9":"tag-actualites","10":"tag-betclic-elite","11":"tag-eu","12":"tag-europe","13":"tag-fr","14":"tag-france","15":"tag-grand-est","16":"tag-lnb","17":"tag-news","18":"tag-republique-francaise","19":"tag-sig","20":"tag-strasbourg"},"share_on_mastodon":{"url":"https:\/\/pubeurope.com\/@fr\/115572927084853602","error":""},"_links":{"self":[{"href":"https:\/\/www.europesays.com\/fr\/wp-json\/wp\/v2\/posts\/543328","targetHints":{"allow":["GET"]}}],"collection":[{"href":"https:\/\/www.europesays.com\/fr\/wp-json\/wp\/v2\/posts"}],"about":[{"href":"https:\/\/www.europesays.com\/fr\/wp-json\/wp\/v2\/types\/post"}],"author":[{"embeddable":true,"href":"https:\/\/www.europesays.com\/fr\/wp-json\/wp\/v2\/users\/2"}],"replies":[{"embeddable":true,"href":"https:\/\/www.europesays.com\/fr\/wp-json\/wp\/v2\/comments?post=543328"}],"version-history":[{"count":0,"href":"https:\/\/www.europesays.com\/fr\/wp-json\/wp\/v2\/posts\/543328\/revisions"}],"wp:featuredmedia":[{"embeddable":true,"href":"https:\/\/www.europesays.com\/fr\/wp-json\/wp\/v2\/media\/543329"}],"wp:attachment":[{"href":"https:\/\/www.europesays.com\/fr\/wp-json\/wp\/v2\/media?parent=543328"}],"wp:term":[{"taxonomy":"category","embeddable":true,"href":"https:\/\/www.europesays.com\/fr\/wp-json\/wp\/v2\/categories?post=543328"},{"taxonomy":"post_tag","embeddable":true,"href":"https:\/\/www.europesays.com\/fr\/wp-json\/wp\/v2\/tags?post=543328"}],"curies":[{"name":"wp","href":"https:\/\/api.w.org\/{rel}","templated":true}]}}