{"id":543330,"date":"2025-11-18T21:54:19","date_gmt":"2025-11-18T21:54:19","guid":{"rendered":"https:\/\/www.europesays.com\/fr\/543330\/"},"modified":"2025-11-18T21:54:19","modified_gmt":"2025-11-18T21:54:19","slug":"sans-investiture-de-son-parti-un-conseiller-regional-du-rassemblement-national-brigue-la-mairie-de-carros","status":"publish","type":"post","link":"https:\/\/www.europesays.com\/fr\/543330\/","title":{"rendered":"Sans investiture de son parti, un conseiller r\u00e9gional du Rassemblement national brigue la mairie de Carros"},"content":{"rendered":"<p class=\"fs-5 \">Les \u00e9ternels seconds sont parfois les plus pugnaces, bien d\u00e9cid\u00e9s \u00e0 conjurer le sort. Briguant la mairie lors du scrutin du 15 et 22 mars 2026 avec sa liste \u00ab\u00a0Carros \u00e0 C\u0153ur\u00a0\u00bb \u2013 non investie par le Rassemblement national \u2013 Gilles Renoux est l\u2019un de ceux-l\u00e0. En 25 ans d\u2019engagement politique, tour \u00e0 tour \u00e0 l\u2019UMP (devenu Les R\u00e9publicains), le CNIP (1) et d\u00e9sormais \u00e9lu r\u00e9gional du Rassemblement national (RN), le Ni\u00e7ois s\u2019est d\u00e9j\u00e0 lanc\u00e9 \u00e0 l\u2019assaut des mairies de Saint-Laurent-du-Var (en 2000), et de Gatti\u00e8res (2006 et 2012) mais aussi des cantonales (2014) et des r\u00e9gionales (2015 et 2021). Il en sort candidat malheureux, sauf pour la derni\u00e8re \u00e9lection, o\u00f9 il devient conseiller RN \u00e0 la R\u00e9gion, poste qu\u2019il occupe toujours.<\/p>\n<p class=\"fs-5 \">Mais cantonn\u00e9 \u00e0 l\u2019opposition il est vou\u00e9 \u00e0 \u00ab regarder le train passer \u00bb, selon sa formule. Ce qu\u2019il se refuse de faire pour Carros, o\u00f9 il vit et travaille depuis 15 ans dans le secteur de l\u2019impression num\u00e9rique. \u00c0 66 ans, il n\u2019envisage pas de \u00ab carri\u00e8re en mairie \u00bb, mais esp\u00e8re r\u00e9aliser \u00ab toutes les promesses de campagne en un mandat, contrairement \u00e0 Yannick Bernard \u00bb, le maire sortant (sans \u00e9tiquette), qu\u2019il tacle copieusement.<\/p>\n<p class=\"fs-5 \"><strong>Pourquoi n\u2019\u00eates-vous pas investi par le RN ? Vous \u00eates pourtant l\u2019un de ses \u00e9lus \u00e0 la R\u00e9gion&#8230;<\/strong><\/p>\n<p class=\"fs-5 \">L\u2019investiture est contraignante. On me la payerait, je n\u2019en voudrais m\u00eame pas. Partir sans \u00e9tiquette me permet de n\u2019offusquer personne : <strong>je vise l\u2019union des droites.<\/strong> Ma liste va du RN en passant par Reconqu\u00eate, l\u2019Union des droites pour la R\u00e9publique et Les R\u00e9publicains.<\/p>\n<p class=\"fs-5 \"><strong>Si le RN vous avez investi, n\u2019aurait- il pas froiss\u00e9 leur alli\u00e9 \u00c9ric Ciotti (UDR), soutenu par le maire sortant Yannick Bernard ?<\/strong><\/p>\n<p class=\"fs-5 \">\u00c9ric Ciotti compte ses soutiens, notamment au sein du conseil d\u00e9partemental, qui sera son refuge en cas de d\u00e9faite dans sa course \u00e0 la mairie de Nice. Si j\u2019\u00e9tais parti avec le RN, il aurait \u00e9t\u00e9 oblig\u00e9 de me soutenir&#8230; Apr\u00e8s ce que Yannick Bernard a pris comme coups pour le soutenir, ce n\u2019\u00e9tait pas envisageable.<\/p>\n<p>            <img src=\"https:\/\/www.europesays.com\/fr\/wp-content\/uploads\/2025\/11\/1763502857_382_68b0ce7_upload-from-url-1-w4aebbf56hpo-data-art-16582414.jpg\"   loading=\"lazy\" decoding=\"async\" alt=\"St\u00e9phane Longin, directeur de SOS Villages d\u2019enfants, \u00e0 Carros.\" class=\"img-fluid position-absolute w-100 object-fit-cover rounded-2\" width=\"600\" height=\"400\"\/><\/p>\n<p class=\"fs-5 \"><strong>Vous d\u00e9plorez la d\u00e9gradation des relations avec la M\u00e9tropolede Christian Estrosi. Mais vous ne l\u2019aimez pas non plus&#8230;<\/strong><\/p>\n<p class=\"fs-5 \">En se faisant frondeur, Yannick Bernard a braqu\u00e9 les Ni\u00e7ois. <strong>Nous n\u2019avons plus aucune subvention ! <\/strong>De mon c\u00f4t\u00e9, j\u2019ai fait passer le message \u00e0 l\u2019entourage de Christian Estrosi. On ne peut pas faire sans la M\u00e9tropole.<\/p>\n<p class=\"fs-5 \"><strong>Pourquoi d\u00eetes-vous que la ville stagne ?<\/strong><\/p>\n<p class=\"fs-5 \">Parce que Yannick Bernard n\u2019a port\u00e9 aucun projet structurant. La maison de sant\u00e9, le parc de la Tour et l\u2019\u00e9cole Simone-Veil sont autant d\u2019id\u00e9es de Charles Scibetta, [le pr\u00e9c\u00e9dent maire de 2014 \u00e0 2020]. La seule paternit\u00e9 que Yannick Bernard peut revendiquer, c\u2019est celle du canisite. Le reste c\u2019est de l\u2019entretien, sa mission de base.<\/p>\n<p class=\"fs-5 \"><strong>Quid, alors, de la place Saint-Pierre remani\u00e9e pour 521 446 euros ?<\/strong><\/p>\n<p class=\"fs-5 \">Pour rattraper le temps perdu, il fait vite mais mal, sans chercher des subventions. Nous aurions opt\u00e9 pour un projet moins cher, en sous-terrain. \u00c7a laissait la place libre aux commer\u00e7ants qui sont aujourd\u2019hui en train de mourir.<\/p>\n<p class=\"fs-5 \"><strong>Vous souhaitez relancer l\u2019attractivit\u00e9 de la zone industrielle, la premi\u00e8re du d\u00e9partement. Comment faire mieux que 12 500 salari\u00e9s et 2,5 milliards d\u2019euros de chiffres d\u2019affaires par an ?<\/strong><\/p>\n<p class=\"fs-5 \">La zone industrielle peut ambitionner un rayonnement national et international. Mais il faut de la communication intensive et s\u2019int\u00e9resser aux industriels pour leur faciliter la vie. Pourtant, le maire s\u2019en fiche compl\u00e8tement, il n\u2019est jamais l\u00e0 aux r\u00e9unions.<\/p>\n<p class=\"fs-5 \"><strong>Vous saluez \u00ab\u00a0l\u2019h\u00e9ritage Scibetta\u00a0\u00bb. Alors pourquoi ne pas vous allier pas \u00e0 St\u00e9phane Revello, candidat de son ancien groupe d\u2019opposition \u00ab\u00a0Carros Ensemble\u00a0\u00bb ?<\/strong><\/p>\n<p class=\"fs-5 \">Pour St\u00e9phane [Revello], j\u2019ai du respect mais trop de divergences. J\u2019ai 25 ans d\u2019exp\u00e9rience. Lui, manque de maturit\u00e9. \u00c7a n\u2019emp\u00eache que c\u2019est un jeune carrossois, plein d\u2019ambition. Mais le maire lui fait trop facilement la le\u00e7on. Donc sa candidature ne g\u00eane pas. \u00c7a peut \u00eatre une transaction de deuxi\u00e8me tour.<\/p>\n<p>            <img src=\"https:\/\/www.europesays.com\/fr\/wp-content\/uploads\/2025\/11\/1763502859_959_866ef50_upload-from-url-1-dviyw4wgpwgw-data-art-16569010.jpg\"   loading=\"lazy\" decoding=\"async\" alt=\"Un toboggan adapt\u00e9 aux enfants en situation d\u2019handicap, dans le jardin des Lucioles \u00e0 Carros, le 29\u00a0octobre 2025.\" class=\"img-fluid position-absolute w-100 object-fit-cover rounded-2\" width=\"600\" height=\"400\"\/><\/p>\n<p class=\"fs-5 \"><strong>Si vous n\u2019avez pas re\u00e7u l\u2019investiture du RN, vous comptez bien capitaliser sur le score du parti lors des l\u00e9gislatives ? En 2024, Lionel Tivoli a \u00e9t\u00e9 \u00e9lu \u00e0 64 %.<\/strong><\/p>\n<p class=\"fs-5 \">Et il n\u2019\u00e9tait pas des Alpes-Maritimes ! Parce qu\u2019on est implant\u00e9s \u00e0 Carros, on va faire encore mieux. Le climat est tellement favorable que \u00e7a compense la prime aux sortants. Tout ce qui se passe aujourd\u2019hui, les coups de couteau, c\u2019est d\u00e9plorable. Mais pour nous, c\u2019est bon. C\u00f4t\u00e9 s\u00e9curit\u00e9, on va embaucher quatre nouveaux policiers, instaurer une brigade de nuit et une \u00e9quipe cynophile.<\/p>\n<p class=\"fs-5 \">(1) Cr\u00e9e en 1949, le Centre national des ind\u00e9pendants et paysans est le plus ancien parti de droite de France.<\/p>\n","protected":false},"excerpt":{"rendered":"Les \u00e9ternels seconds sont parfois les plus pugnaces, bien d\u00e9cid\u00e9s \u00e0 conjurer le sort. Briguant la mairie lors&hellip;\n","protected":false},"author":2,"featured_media":543331,"comment_status":"","ping_status":"","sticky":false,"template":"","format":"standard","meta":{"footnotes":""},"categories":[2819],"tags":[1111,11,1777,674,1011,27,3434,12,2401,882,25],"class_list":{"0":"post-543330","1":"post","2":"type-post","3":"status-publish","4":"format-standard","5":"has-post-thumbnail","7":"category-nice","8":"tag-actu","9":"tag-actualites","10":"tag-eu","11":"tag-europe","12":"tag-fr","13":"tag-france","14":"tag-municipales-2026","15":"tag-news","16":"tag-nice","17":"tag-provence-alpes-cote-dazur","18":"tag-republique-francaise"},"share_on_mastodon":{"url":"https:\/\/pubeurope.com\/@fr\/115572930900615228","error":""},"_links":{"self":[{"href":"https:\/\/www.europesays.com\/fr\/wp-json\/wp\/v2\/posts\/543330","targetHints":{"allow":["GET"]}}],"collection":[{"href":"https:\/\/www.europesays.com\/fr\/wp-json\/wp\/v2\/posts"}],"about":[{"href":"https:\/\/www.europesays.com\/fr\/wp-json\/wp\/v2\/types\/post"}],"author":[{"embeddable":true,"href":"https:\/\/www.europesays.com\/fr\/wp-json\/wp\/v2\/users\/2"}],"replies":[{"embeddable":true,"href":"https:\/\/www.europesays.com\/fr\/wp-json\/wp\/v2\/comments?post=543330"}],"version-history":[{"count":0,"href":"https:\/\/www.europesays.com\/fr\/wp-json\/wp\/v2\/posts\/543330\/revisions"}],"wp:featuredmedia":[{"embeddable":true,"href":"https:\/\/www.europesays.com\/fr\/wp-json\/wp\/v2\/media\/543331"}],"wp:attachment":[{"href":"https:\/\/www.europesays.com\/fr\/wp-json\/wp\/v2\/media?parent=543330"}],"wp:term":[{"taxonomy":"category","embeddable":true,"href":"https:\/\/www.europesays.com\/fr\/wp-json\/wp\/v2\/categories?post=543330"},{"taxonomy":"post_tag","embeddable":true,"href":"https:\/\/www.europesays.com\/fr\/wp-json\/wp\/v2\/tags?post=543330"}],"curies":[{"name":"wp","href":"https:\/\/api.w.org\/{rel}","templated":true}]}}