{"id":543334,"date":"2025-11-18T21:56:14","date_gmt":"2025-11-18T21:56:14","guid":{"rendered":"https:\/\/www.europesays.com\/fr\/543334\/"},"modified":"2025-11-18T21:56:14","modified_gmt":"2025-11-18T21:56:14","slug":"concert-direne-dresel-debats-poesie-le-so-good-maif-festival-debarque-a-nantes-et-fait","status":"publish","type":"post","link":"https:\/\/www.europesays.com\/fr\/543334\/","title":{"rendered":"Concert d\u2019Ir\u00e8ne Dr\u00e9sel, d\u00e9bats, po\u00e9sie\u2026 Le So good Maif festival d\u00e9barque \u00e0 Nantes et fait"},"content":{"rendered":"<p>Le So good Maif festival va se d\u00e9rouler pour la premi\u00e8re fois \u00e0 Nantes (Loire-Atlantique), mercredi 19\u00a0novembre. C\u2019est un Ovni joyeux n\u00e9 \u00e0 Marseille, port\u00e9 par So good, m\u00e9dia ind\u00e9pendant, et l\u2019assureur Maif. Apr\u00e8s Lyon, en juin, et Marseille, d\u00e9but septembre, le So Good festival poursuit sa tourn\u00e9e dans la cit\u00e9 des Ducs avec d\u00e9bats, ateliers, spectacle gratuit suivi d\u2019un concert payant le soir.<\/p>\n<p><strong>Lire aussi\u00a0: <\/strong> <a href=\"https:\/\/nantes.maville.com\/actu\/actudet_-lenny-kravitz-orelsan-damso-vanessa-paradis-le-festival-la-nuit-de-l-erdre-2026-leve-le-voile-sur-sa-programmation-_8-7068963_actu.Htm\" target=\"_blank\" rel=\"noopener\">Lenny Kravitz, Orelsan, Damso, Vanessa Paradis\u00a0: le festival La Nuit de l\u2019Erdre 2026 l\u00e8ve le voile sur sa programmation<\/a><\/p>\n<p>Pour d\u00e9marrer, de 17\u00a0h \u00e0 19\u00a0h, place \u00e0 l\u2019\u00e9loge de la for\u00eat avec un spectacle gratuit, m\u00ealant po\u00e9sie, d\u00e9bats et musique pour imaginer des pistes d\u2019action \u00e9cologique et sociale par le corps, la parole et la musique. Un spectacle con\u00e7u par Patrick Scheyder, \u00e0 l\u2019initiative du mouvement de l\u2019\u00e9cologie culturelle, et Thomas Brail, le grimpeur d\u2019arbre, soutenu par l\u2019Ademe (Agence de l\u2019environnement et de la ma\u00eetrise de l\u2019\u00e9nergie) et l\u2019Office fran\u00e7ais de la biodiversit\u00e9.<\/p>\n<p>Puis, \u00e0 18\u00a0h\u00a045, avec les So good exp\u00e9riences\u00a0: jeux, rencontres et animations pour d\u00e9monter des id\u00e9es re\u00e7ues. \u00c0 20\u00a0h, place au concert avec la techno hypnotique d\u2019Ir\u00e8ne Dr\u00e9sel, avec Canblaster en premi\u00e8re partie.<\/p>\n<p><strong>Mercredi 19\u00a0novembre<\/strong>, \u00e0 partir de 17\u00a0h, \u00e0 Stereolux, quai L\u00e9on-Bureau, \u00e0 Nantes. <strong>Contact.<\/strong> <a href=\"https:\/\/stereolux.org\/\" target=\"_blank\" rel=\"noopener\">stereolux.org<\/a>.<\/p>\n<p>\u00a0<\/p>\n","protected":false},"excerpt":{"rendered":"Le So good Maif festival va se d\u00e9rouler pour la premi\u00e8re fois \u00e0 Nantes (Loire-Atlantique), mercredi 19\u00a0novembre. C\u2019est&hellip;\n","protected":false},"author":2,"featured_media":543335,"comment_status":"","ping_status":"","sticky":false,"template":"","format":"standard","meta":{"footnotes":""},"categories":[2818],"tags":[1111,11,1697,11465,13946,66134,28406,1777,674,21,849,5183,1011,27,47869,66133,47870,766,12,2636,9228,25,22955],"class_list":{"0":"post-543334","1":"post","2":"type-post","3":"status-publish","4":"format-standard","5":"has-post-thumbnail","7":"category-nantes","8":"tag-actu","9":"tag-actualites","10":"tag-concert","11":"tag-debarque","12":"tag-debats","13":"tag-dresel","14":"tag-eloge","15":"tag-eu","16":"tag-europe","17":"tag-fait","18":"tag-festival","19":"tag-foret","20":"tag-fr","21":"tag-france","22":"tag-good","23":"tag-irene","24":"tag-maif","25":"tag-nantes","26":"tag-news","27":"tag-pays-de-la-loire","28":"tag-poesie","29":"tag-republique-francaise","30":"tag-so"},"share_on_mastodon":{"url":"https:\/\/pubeurope.com\/@fr\/115572938418046247","error":""},"_links":{"self":[{"href":"https:\/\/www.europesays.com\/fr\/wp-json\/wp\/v2\/posts\/543334","targetHints":{"allow":["GET"]}}],"collection":[{"href":"https:\/\/www.europesays.com\/fr\/wp-json\/wp\/v2\/posts"}],"about":[{"href":"https:\/\/www.europesays.com\/fr\/wp-json\/wp\/v2\/types\/post"}],"author":[{"embeddable":true,"href":"https:\/\/www.europesays.com\/fr\/wp-json\/wp\/v2\/users\/2"}],"replies":[{"embeddable":true,"href":"https:\/\/www.europesays.com\/fr\/wp-json\/wp\/v2\/comments?post=543334"}],"version-history":[{"count":0,"href":"https:\/\/www.europesays.com\/fr\/wp-json\/wp\/v2\/posts\/543334\/revisions"}],"wp:featuredmedia":[{"embeddable":true,"href":"https:\/\/www.europesays.com\/fr\/wp-json\/wp\/v2\/media\/543335"}],"wp:attachment":[{"href":"https:\/\/www.europesays.com\/fr\/wp-json\/wp\/v2\/media?parent=543334"}],"wp:term":[{"taxonomy":"category","embeddable":true,"href":"https:\/\/www.europesays.com\/fr\/wp-json\/wp\/v2\/categories?post=543334"},{"taxonomy":"post_tag","embeddable":true,"href":"https:\/\/www.europesays.com\/fr\/wp-json\/wp\/v2\/tags?post=543334"}],"curies":[{"name":"wp","href":"https:\/\/api.w.org\/{rel}","templated":true}]}}