{"id":543346,"date":"2025-11-18T22:03:28","date_gmt":"2025-11-18T22:03:28","guid":{"rendered":"https:\/\/www.europesays.com\/fr\/543346\/"},"modified":"2025-11-18T22:03:28","modified_gmt":"2025-11-18T22:03:28","slug":"samedi-22-dimanche-23-novembre-2025-le-bazaar-st-so-accueille-joyeux-bazarts","status":"publish","type":"post","link":"https:\/\/www.europesays.com\/fr\/543346\/","title":{"rendered":"Samedi 22 &#038; dimanche 23 novembre 2025, le Bazaar St So accueille Joyeux Baz&rsquo;Arts !"},"content":{"rendered":"<p style=\"text-align: justify;\"><strong>Samedi 22 et dimanche 23 novembre 2025,<\/strong> le <strong>Bazaar St So<\/strong> accueille <strong>Joyeux Baz\u2019Arts<\/strong>, <strong>un \u00e9v\u00e9nement enti\u00e8rement d\u00e9di\u00e9 \u00e0 la petite enfance,<\/strong> \u00e0 la <strong>cr\u00e9ativit\u00e9<\/strong> et \u00e0 <strong>l\u2019exploration sensorielle.<\/strong><\/p>\n<p style=\"text-align: justify;\">Durant ces<strong> 2 jours,<\/strong> les <strong>assistantes maternelles<\/strong> rejointes par les <strong>coll\u00e8gues de cr\u00e8che<\/strong> et les <strong>m\u00e9diateurs culturels de la Ville de Lille,<\/strong> vont<strong> se mobiliser autour des paysages exploratoires :<\/strong> une <strong>\u00e9dition 2025 <\/strong>plac\u00e9e sous le <strong>signe des univers monochromes<\/strong> et du <strong>magnifique patrimoine du Nord.<\/strong><\/p>\n<p style=\"text-align: justify;\"><strong>Parents, futurs parents, assistantes maternelles, partenaires institutionnels, professionnels passionn\u00e9s\u2026 entre culture et \u00e9ducation,<\/strong> un <strong>Joyeux Baz\u2019Arts<\/strong> qui s\u2019annonce d\u00e9j\u00e0 comme <strong>un rendez-vous incontournable de la Petite Enfance !<\/strong><\/p>\n<p>Et si vous plongiez dans un univers artistique pens\u00e9 sp\u00e9cialement pour les tout-petits ?<\/p>\n<\/p>\n<p style=\"text-align: justify;\">Durant tout le <strong>week-end,<\/strong> les <strong>familles, professionnels<\/strong> <strong>de la petite enfance,<\/strong> <strong>\u00e9tudiants <\/strong>et <strong>curieux <\/strong>sont <strong>invit\u00e9s \u00e0 d\u00e9ambuler<\/strong> parmi <strong>plus de dix installations interactives<\/strong> imagin\u00e9es par des <strong>artistes plasticiens passionn\u00e9s.<\/strong><\/p>\n<p style=\"text-align: justify;\">Au programme : des <strong>espaces <\/strong>o\u00f9 l\u2019on <strong>touche, explore, cr\u00e9e, bouge <\/strong>et <strong>s\u2019\u00e9merveille<\/strong>, dans <strong>un d\u00e9cor po\u00e9tique<\/strong> et <strong>color\u00e9 <\/strong>sp\u00e9cialement con\u00e7u pour les <strong>enfants de moins de 4 ans<\/strong>.<\/p>\n<tr>\n<td class=\"has-text-align-center\" data-align=\"center\"><a href=\"https:\/\/www.europesays.com\/fr\/wp-content\/uploads\/2025\/11\/joyeux_bazarts_06.jpg\" target=\"_blank\" rel=\"noreferrer noopener\"><img loading=\"lazy\" decoding=\"async\" width=\"1772\" height=\"1772\" class=\"wp-image-88747\" style=\"width: 500px;\" src=\"https:\/\/www.europesays.com\/fr\/wp-content\/uploads\/2025\/11\/joyeux_bazarts_06.jpg\" alt=\"\"  \/><\/a><\/td>\n<td class=\"has-text-align-center\" data-align=\"center\"><a href=\"https:\/\/www.europesays.com\/fr\/wp-content\/uploads\/2025\/11\/joyeux_bazarts_07.jpg\" target=\"_blank\" rel=\"noreferrer noopener\"><img decoding=\"async\" loading=\"lazy\" width=\"1772\" height=\"1772\" class=\"wp-image-88748\" style=\"width: 500px;\" src=\"https:\/\/www.europesays.com\/fr\/wp-content\/uploads\/2025\/11\/joyeux_bazarts_07.jpg\" alt=\"\"  \/><\/a><\/td>\n<\/tr>\n<p><strong>Joyeux Baz\u2019Arts<\/strong> est une <strong>belle occasion de d\u00e9couvrir<\/strong> <strong>comment l\u2019art rencontre le monde des tout-petits<\/strong> et devient un <strong>formidable moteur d\u2019\u00e9veil, <\/strong>de <strong>cr\u00e9ativit\u00e9 <\/strong>et de<strong> partage.<\/strong><\/p>\n<p style=\"text-align: justify;\">Un \u00e9v\u00e9nement organis\u00e9 par <strong>Premiers Pas<\/strong> et <strong>Les As Mat qui ont du talent<\/strong>, en collaboration avec des<strong> artistes plasticiens<\/strong>.<\/p>\n<p><strong>Infos pratiques<\/strong><br \/><strong><img decoding=\"async\" loading=\"lazy\" class=\"size-full wp-image-45 lazyloaded tie-appear\" src=\"https:\/\/www.europesays.com\/fr\/wp-content\/uploads\/2025\/04\/arrow.png\" alt=\"\" width=\"9\" height=\"9\" data-lazy-src=\"https:\/\/www.europesays.com\/fr\/wp-content\/uploads\/2025\/04\/arrow.png\"\/><\/strong> <strong>Bazaar St So<\/strong><br \/>292, rue Camille Gu\u00e9rin \u2013 Lille<\/p>\n<p><strong><img decoding=\"async\" loading=\"lazy\" width=\"9\" height=\"9\" data-lazy-src=\"https:\/\/www.europesays.com\/fr\/wp-content\/uploads\/2025\/04\/arrow.png\" class=\"size-full wp-image-45 lazyloaded tie-appear\" src=\"https:\/\/www.europesays.com\/fr\/wp-content\/uploads\/2025\/04\/arrow.png\" alt=\"\"\/> Dates et horaires : <br \/><\/strong>\u2013 samedi 22 novembre 2025 de 9h \u00e0 10h30 <strong>\u2013 Vernissage<\/strong><br \/>\u2013 samedi 22 novembre 2025 de 10h30 \u00e0 18h <br \/>\u2013 dimanche 23 novembre 2025 de 9h30 \u00e0 16h30<\/p>\n<p><strong><img decoding=\"async\" loading=\"lazy\" width=\"9\" height=\"9\" data-lazy-src=\"https:\/\/www.europesays.com\/fr\/wp-content\/uploads\/2025\/04\/arrow.png\" class=\"size-full wp-image-45 lazyloaded tie-appear\" src=\"https:\/\/www.europesays.com\/fr\/wp-content\/uploads\/2025\/04\/arrow.png\" alt=\"\"\/> Entr\u00e9e libre et gratuite<\/strong><\/p>\n<p class=\"has-text-align-right\">Source &amp; image : DR \u2013 \u00a9 Association Premiers Pas<\/p>\n","protected":false},"excerpt":{"rendered":"Samedi 22 et dimanche 23 novembre 2025, le Bazaar St So accueille Joyeux Baz\u2019Arts, un \u00e9v\u00e9nement enti\u00e8rement d\u00e9di\u00e9&hellip;\n","protected":false},"author":2,"featured_media":543347,"comment_status":"","ping_status":"","sticky":false,"template":"","format":"standard","meta":{"footnotes":""},"categories":[2815],"tags":[66135,29973,1111,11,66136,10036,66137,1777,674,1011,27,811,66138,1307,12,25],"class_list":{"0":"post-543346","1":"post","2":"type-post","3":"status-publish","4":"format-standard","5":"has-post-thumbnail","7":"category-lille","8":"tag-22-novembre-2025","9":"tag-23-novembre-2025","10":"tag-actu","11":"tag-actualites","12":"tag-association-premiers-pas","13":"tag-ateliers","14":"tag-bazaar-st-so","15":"tag-eu","16":"tag-europe","17":"tag-fr","18":"tag-france","19":"tag-hauts-de-france","20":"tag-joyeux-bazarts","21":"tag-lille","22":"tag-news","23":"tag-republique-francaise"},"share_on_mastodon":{"url":"https:\/\/pubeurope.com\/@fr\/115572966990304057","error":""},"_links":{"self":[{"href":"https:\/\/www.europesays.com\/fr\/wp-json\/wp\/v2\/posts\/543346","targetHints":{"allow":["GET"]}}],"collection":[{"href":"https:\/\/www.europesays.com\/fr\/wp-json\/wp\/v2\/posts"}],"about":[{"href":"https:\/\/www.europesays.com\/fr\/wp-json\/wp\/v2\/types\/post"}],"author":[{"embeddable":true,"href":"https:\/\/www.europesays.com\/fr\/wp-json\/wp\/v2\/users\/2"}],"replies":[{"embeddable":true,"href":"https:\/\/www.europesays.com\/fr\/wp-json\/wp\/v2\/comments?post=543346"}],"version-history":[{"count":0,"href":"https:\/\/www.europesays.com\/fr\/wp-json\/wp\/v2\/posts\/543346\/revisions"}],"wp:featuredmedia":[{"embeddable":true,"href":"https:\/\/www.europesays.com\/fr\/wp-json\/wp\/v2\/media\/543347"}],"wp:attachment":[{"href":"https:\/\/www.europesays.com\/fr\/wp-json\/wp\/v2\/media?parent=543346"}],"wp:term":[{"taxonomy":"category","embeddable":true,"href":"https:\/\/www.europesays.com\/fr\/wp-json\/wp\/v2\/categories?post=543346"},{"taxonomy":"post_tag","embeddable":true,"href":"https:\/\/www.europesays.com\/fr\/wp-json\/wp\/v2\/tags?post=543346"}],"curies":[{"name":"wp","href":"https:\/\/api.w.org\/{rel}","templated":true}]}}