{"id":543348,"date":"2025-11-18T22:04:14","date_gmt":"2025-11-18T22:04:14","guid":{"rendered":"https:\/\/www.europesays.com\/fr\/543348\/"},"modified":"2025-11-18T22:04:14","modified_gmt":"2025-11-18T22:04:14","slug":"la-tunisie-tient-en-echec-le-bresil-a-lille","status":"publish","type":"post","link":"https:\/\/www.europesays.com\/fr\/543348\/","title":{"rendered":"la Tunisie tient en \u00e9chec le Br\u00e9sil \u00e0 Lille"},"content":{"rendered":"<p>\n    Le Br\u00e9sil et la Tunisie n\u2019ont pas su se d\u00e9partager (1-1) lors d\u2019un match amical organis\u00e9 au stade Pierre-Mauroy \u00e0 Lille.<\/p>\n<p class=\"fig-paragraph\">Dans une ambiance digne d&rsquo;une rencontre de Coupe du monde,\u00a0<a href=\"http:\/\/www.lefigaro.fr\/sports\/football\/coupe-du-monde\/tournee-aux-us-tirage-au-sort-liste-de-deschamps-quel-programme-pour-les-bleus-jusqu-a-la-coupe-du-monde-2026-20251114\" target=\"_blank\" data-fig-type=\"NewsFlash\" rel=\"nofollow noopener\" data-gtm-custom-categorie=\"navigation\" data-gtm-custom-action=\"crossclick\" data-gtm-custom-label=\"Contextuel\" data-gtm-event=\"customEventSPE\" data-fig-domain=\"LEFIGARO\">le Br\u00e9sil<\/a>\u00a0a \u00e9t\u00e9 tenu en \u00e9chec par la Tunisie (1-1) mardi lors d&rsquo;un match amical disput\u00e9 au Stade Pierre-Mauroy, dans la banlieue lilloise. Si ce match entre deux nations d\u00e9j\u00e0 qualifi\u00e9es pour le\u00a0<a href=\"http:\/\/www.lefigaro.fr\/sports\/football\/coupe-du-monde\/coupe-du-monde-2026-pas-de-miracle-pour-une-triste-italie-la-norvege-de-haaland-au-mondial-pour-la-premiere-fois-depuis-98-20251116\" target=\"_blank\" data-fig-type=\"NewsFlash\" rel=\"nofollow noopener\" data-gtm-custom-categorie=\"navigation\" data-gtm-custom-action=\"crossclick\" data-gtm-custom-label=\"Contextuel\" data-gtm-event=\"customEventSPE\" data-fig-domain=\"LEFIGARO\">Mondial-2026<\/a>\u00a0ne rev\u00eatait aucun enjeu sportif fort, il a \u00e9t\u00e9 tr\u00e8s disput\u00e9 dans un stade presque rempli, majoritairement par des supporters tunisiens. Ces derniers ont exult\u00e9 lorsque Hazem Mastouri a ouvert le score (23e) au bout d&rsquo;une attaque de transition n\u00e9e d&rsquo;une r\u00e9cup\u00e9ration tunisienne haute, et d&rsquo;une passe en profondeur tr\u00e8s juste d&rsquo;Ali Abdi.<\/p>\n<p class=\"fig-paragraph\">La Sele\u00e7ao de Vinicius, Rodrygo, Marquinhos et Estevao a ensuite r\u00e9agi, se cr\u00e9ant plusieurs occasions (26e, 38e). C&rsquo;est finalement le jeune ailier de Chelsea (18 ans) qui a \u00e9galis\u00e9 d&rsquo;un p\u00e9nalty bien frapp\u00e9 (44e) apr\u00e8s une main de Dylan Bronn dans sa propre surface. Une juste r\u00e9compense pour Estevao, d\u00e9j\u00e0 buteur \u00e0 Londres lors de la victoire contre le S\u00e9n\u00e9gal (2-0) samedi, et joueur offensif le plus remuant de la premi\u00e8re p\u00e9riode.<\/p>\n<p>                                    <a class=\"fig-a11y-skip a11y-hidden\" href=\"#fig-a11y-skip-main-inarticle\"><br \/>\n        Passer la publicit\u00e9<br \/>\n    <\/a><\/p>\n<p class=\"fig-paragraph\">Cette \u00e9galisation, pr\u00e9visible au vu du repli tunisien apr\u00e8s le premier but, n&rsquo;a pas d\u00e9courag\u00e9 les Aigles de Carthage, qui ont m\u00eame eu davantage de ma\u00eetrise autour de l&rsquo;heure de jeu, offrant \u00e0 leurs supporters plusieurs s\u00e9quences de possession. Mais ils ont aussi jou\u00e9 avec le feu, en conc\u00e9dant un p\u00e9nalty \u00e9vitable pour avoir voulu relancer depuis leur camp.<\/p>\n<p class=\"fig-paragraph\">Sans cons\u00e9quence car Lucas Paqueta, entr\u00e9 en jeu quelques minutes plus t\u00f4t, a manqu\u00e9 ce p\u00e9nalty (76e) provoqu\u00e9 par Ferjani Sassi pour une faute sur Vitor Rauque. Les joueurs de\u00a0<a href=\"http:\/\/www.lefigaro.fr\/sports\/football\/foot-neymar-peut-jouer-a-son-meilleur-niveau-dans-cette-equipe-sans-probleme-assure-carlo-ancelotti-20251013\" target=\"_blank\" data-fig-type=\"NewsFlash\" rel=\"nofollow noopener\" data-gtm-custom-categorie=\"navigation\" data-gtm-custom-action=\"crossclick\" data-gtm-custom-label=\"Contextuel\" data-gtm-event=\"customEventSPE\" data-fig-domain=\"LEFIGARO\">Carlo Ancelotti<\/a>\u00a0ont manqu\u00e9 leur chance. Ils ont ensuite pouss\u00e9, en vain, malgr\u00e9 une derni\u00e8re occasion d&rsquo;Estevao, dont la frappe au bout d&rsquo;une perc\u00e9e en soliste a heurt\u00e9 le poteau droit tunisien. Les joueurs au maillot auriverde concluent ainsi leur tourn\u00e9e europ\u00e9enne invaincus, sans toutefois avoir exploit\u00e9 tout le \u00abpotentiel\u00bb que leur s\u00e9lectionneur italien leur pr\u00eatait \u00e0 la veille de la rencontre. Ce match nul satisfera davantage la Tunisie de Sami Trabelsi, qui voulait voir ses joueurs \u00abfaire souffrir l&rsquo;\u00e9quipe br\u00e9silienne\u00bb \u00e0 un mois de la Coupe d&rsquo;Afrique des nations (21 d\u00e9cembre-18 janvier au Maroc). Souhait exauc\u00e9.<\/p>\n","protected":false},"excerpt":{"rendered":"Le Br\u00e9sil et la Tunisie n\u2019ont pas su se d\u00e9partager (1-1) lors d\u2019un match amical organis\u00e9 au stade&hellip;\n","protected":false},"author":2,"featured_media":543349,"comment_status":"","ping_status":"","sticky":false,"template":"","format":"standard","meta":{"footnotes":""},"categories":[2815],"tags":[1111,11,22359,1777,674,1011,27,811,1307,2267,12,25],"class_list":{"0":"post-543348","1":"post","2":"type-post","3":"status-publish","4":"format-standard","5":"has-post-thumbnail","7":"category-lille","8":"tag-actu","9":"tag-actualites","10":"tag-carlo-ancelotti","11":"tag-eu","12":"tag-europe","13":"tag-fr","14":"tag-france","15":"tag-hauts-de-france","16":"tag-lille","17":"tag-losc","18":"tag-news","19":"tag-republique-francaise"},"share_on_mastodon":{"url":"https:\/\/pubeurope.com\/@fr\/115572969648758886","error":""},"_links":{"self":[{"href":"https:\/\/www.europesays.com\/fr\/wp-json\/wp\/v2\/posts\/543348","targetHints":{"allow":["GET"]}}],"collection":[{"href":"https:\/\/www.europesays.com\/fr\/wp-json\/wp\/v2\/posts"}],"about":[{"href":"https:\/\/www.europesays.com\/fr\/wp-json\/wp\/v2\/types\/post"}],"author":[{"embeddable":true,"href":"https:\/\/www.europesays.com\/fr\/wp-json\/wp\/v2\/users\/2"}],"replies":[{"embeddable":true,"href":"https:\/\/www.europesays.com\/fr\/wp-json\/wp\/v2\/comments?post=543348"}],"version-history":[{"count":0,"href":"https:\/\/www.europesays.com\/fr\/wp-json\/wp\/v2\/posts\/543348\/revisions"}],"wp:featuredmedia":[{"embeddable":true,"href":"https:\/\/www.europesays.com\/fr\/wp-json\/wp\/v2\/media\/543349"}],"wp:attachment":[{"href":"https:\/\/www.europesays.com\/fr\/wp-json\/wp\/v2\/media?parent=543348"}],"wp:term":[{"taxonomy":"category","embeddable":true,"href":"https:\/\/www.europesays.com\/fr\/wp-json\/wp\/v2\/categories?post=543348"},{"taxonomy":"post_tag","embeddable":true,"href":"https:\/\/www.europesays.com\/fr\/wp-json\/wp\/v2\/tags?post=543348"}],"curies":[{"name":"wp","href":"https:\/\/api.w.org\/{rel}","templated":true}]}}