{"id":543350,"date":"2025-11-18T22:05:23","date_gmt":"2025-11-18T22:05:23","guid":{"rendered":"https:\/\/www.europesays.com\/fr\/543350\/"},"modified":"2025-11-18T22:05:23","modified_gmt":"2025-11-18T22:05:23","slug":"gerald-darmanin-et-laurent-nunez-se-rendront-a-marseille-jeudi-emmanuel-macron-mi-decembre","status":"publish","type":"post","link":"https:\/\/www.europesays.com\/fr\/543350\/","title":{"rendered":"G\u00e9rald Darmanin et Laurent Nu\u00f1ez se rendront \u00e0 Marseille jeudi, Emmanuel Macron mi-d\u00e9cembre"},"content":{"rendered":"<p>Ce mardi matin 18 novembre, \u00e0 la sortie de la r\u00e9union sur le narcotrafic qui s\u2019est tenue \u00e0 l\u2019\u00c9lys\u00e9e, le ministre de l&rsquo;Int\u00e9rieur Laurent Nu\u00f1ez a annonc\u00e9 que G\u00e9rald Darmanin (ministre de la Justice) et lui-m\u00eame se rendraient \u00e0 Marseille ce jeudi 20 novembre. Laurent Nunez a ajout\u00e9 que le pr\u00e9sident Emmanuel Macron se rendrait lui aussi dans la cit\u00e9 phoc\u00e9enne mi-d\u00e9cembre, \u00e0 une date qui reste \u00e0 pr\u00e9ciser. Cette rencontre en pr\u00e9sence du <a href=\"https:\/\/www.laprovence.com\/article\/faits-divers-justice\/94931318558707\/assassinat-de-mehdi-kessaci-a-marseille-le-procureur-nicolas-bessone-demande-un-renforcement-des-effectifs-denqueteurs\" target=\"_blank\" rel=\"noopener\">procureur de Marseille, Nicolas Bessone<\/a>, avait \u00e9t\u00e9 organis\u00e9e en urgence par le chef de l\u2019\u00c9tat et visait \u00e0 \u00ab\u00a0faire un point \u00e0 la suite de <a href=\"https:\/\/www.laprovence.com\/article\/region\/64684008835563\/amine-kessaci-maman-ne-voulait-pas-que-ses-enfants-grandissent-avec-les-murs-du-quartier-comme-seul-horizon\" target=\"_blank\" rel=\"noopener\">l\u2019assassinat du fr\u00e8re d\u2019Amine Kessaci<\/a>, <strong>sur la criminalit\u00e9 organis\u00e9e \u00e0 Marseille et plus largement sur tout le territoire<\/strong> compte tenu des dispositifs importants mis en place depuis plusieurs ann\u00e9es\u00a0\u00bb, a rappel\u00e9 le ministre de l&rsquo;Int\u00e9rieur.<\/p>\n<p>Le gouvernement et le chef de l\u2019\u00c9tat ont ainsi annonc\u00e9 qu\u2019ils souhaitaient intensifier la lutte contre les trafics de drogue apr\u00e8s plusieurs faits criminels dramatiques li\u00e9s au narcobanditisme en France ces derniers jours, notamment \u00e0 Marseille, avec <a href=\"https:\/\/www.laprovence.com\/article\/region\/37363096212502\/les-obseques-de-mehdi-kessaci-auront-lieu-ce-mardi-une-marche-blanche-organisee-ce-week-end-a-marseille\" target=\"_blank\" rel=\"noopener\">l\u2019assassinat de Medhi Kessaci,<\/a>\u00a0<strong>fr\u00e8re du militant \u00e9cologiste et fondateur de l&rsquo;association Conscience, Amine Kessaci<\/strong>, qui a cr\u00e9\u00e9 une v\u00e9ritable onde de choc dans la population. \u00ab\u00a0C\u2019\u00e9tait manifestement un crime d\u2019intimidation [\u2026]\u00a0\u00bb, a tranch\u00e9 avec gravit\u00e9 Laurent Nunez. <\/p>\n<p>Pour le ministre de l&rsquo;Int\u00e9rieur, en effet, peu de doute : l\u2019assassinat de Mehdi Kessaci \u00ab\u00a0n\u2019\u00e9tait pas un r\u00e8glement de compte classique, mais manifestement <strong>un crime d\u2019intimidation<\/strong>\u00ab\u00a0.\u00a0\u00ab\u00a0Plusieurs personnes autour de la table ont \u00e9voqu\u00e9 un point de bascule\u00a0\u00bb, a-t-il d\u00e9clar\u00e9, ajourant que\u00a0\u00ab\u00a0ce meurtre pr\u00e9par\u00e9 est totalement in\u00e9dit\u00a0\u00bb.\u00a0\u00ab\u00a0(Il) visait Amine Kessaci, un acteur qui s\u2019\u00e9l\u00e8ve contre le trafic de stup\u00e9fiant, qui le d\u00e9nonce, qui a \u00e9crit un livre et anime une association.\u00a0\u00bb \u00ab\u00a0Les trafiquants, ceux qui dirigent les mafias marseillaises, sont de plus en plus \u00e0 cran parce que nous menons des actions qui sont extr\u00eamement efficaces\u00a0\u00bb, a-t-il voulu terminer sur une note optimiste.\u00a0<\/p>\n<p>Selon nos informations, le maire de Marseille, <strong>Beno\u00eet Payan (DVG) devrait rencontrer Laurent Nu\u00f1ez dans la soir\u00e9e<\/strong>.<\/p>\n","protected":false},"excerpt":{"rendered":"Ce mardi matin 18 novembre, \u00e0 la sortie de la r\u00e9union sur le narcotrafic qui s\u2019est tenue \u00e0&hellip;\n","protected":false},"author":2,"featured_media":543351,"comment_status":"","ping_status":"","sticky":false,"template":"","format":"standard","meta":{"footnotes":""},"categories":[2814],"tags":[17,1111,11,9632,1777,674,1011,27,9631,3955,884,8721,12,52758,316,882,66139,25],"class_list":{"0":"post-543350","1":"post","2":"type-post","3":"status-publish","4":"format-standard","5":"has-post-thumbnail","7":"category-marseille","8":"tag-17","9":"tag-actu","10":"tag-actualites","11":"tag-darmanin","12":"tag-eu","13":"tag-europe","14":"tag-fr","15":"tag-france","16":"tag-gerald","17":"tag-laurent","18":"tag-marseille","19":"tag-narcotrafic","20":"tag-news","21":"tag-nunez","22":"tag-politique","23":"tag-provence-alpes-cote-dazur","24":"tag-rendront","25":"tag-republique-francaise"},"share_on_mastodon":{"url":"https:\/\/pubeurope.com\/@fr\/115572973419233825","error":""},"_links":{"self":[{"href":"https:\/\/www.europesays.com\/fr\/wp-json\/wp\/v2\/posts\/543350","targetHints":{"allow":["GET"]}}],"collection":[{"href":"https:\/\/www.europesays.com\/fr\/wp-json\/wp\/v2\/posts"}],"about":[{"href":"https:\/\/www.europesays.com\/fr\/wp-json\/wp\/v2\/types\/post"}],"author":[{"embeddable":true,"href":"https:\/\/www.europesays.com\/fr\/wp-json\/wp\/v2\/users\/2"}],"replies":[{"embeddable":true,"href":"https:\/\/www.europesays.com\/fr\/wp-json\/wp\/v2\/comments?post=543350"}],"version-history":[{"count":0,"href":"https:\/\/www.europesays.com\/fr\/wp-json\/wp\/v2\/posts\/543350\/revisions"}],"wp:featuredmedia":[{"embeddable":true,"href":"https:\/\/www.europesays.com\/fr\/wp-json\/wp\/v2\/media\/543351"}],"wp:attachment":[{"href":"https:\/\/www.europesays.com\/fr\/wp-json\/wp\/v2\/media?parent=543350"}],"wp:term":[{"taxonomy":"category","embeddable":true,"href":"https:\/\/www.europesays.com\/fr\/wp-json\/wp\/v2\/categories?post=543350"},{"taxonomy":"post_tag","embeddable":true,"href":"https:\/\/www.europesays.com\/fr\/wp-json\/wp\/v2\/tags?post=543350"}],"curies":[{"name":"wp","href":"https:\/\/api.w.org\/{rel}","templated":true}]}}