{"id":543352,"date":"2025-11-18T22:07:12","date_gmt":"2025-11-18T22:07:12","guid":{"rendered":"https:\/\/www.europesays.com\/fr\/543352\/"},"modified":"2025-11-18T22:07:12","modified_gmt":"2025-11-18T22:07:12","slug":"ce-nest-pas-le-moment-de-sexprimer-a-marseille-mehdi-kessaci-inhume-dans-lintimite-mais-sous-haute-surveillance","status":"publish","type":"post","link":"https:\/\/www.europesays.com\/fr\/543352\/","title":{"rendered":"\u00ab\u00a0Ce n\u2019est pas le moment de s\u2019exprimer\u00a0\u00bb\u00a0: \u00e0 Marseille, Mehdi Kessaci inhum\u00e9 dans l\u2019intimit\u00e9 mais sous haute surveillance"},"content":{"rendered":"<p class=\"paragraph text_align_left lp-f-body-02\">Apr\u00e8s le choc, le temps de l\u2019adieu. Petit fr\u00e8re du militant anti-narcotrafic Amine Kessaci, <a href=\"https:\/\/www.leparisien.fr\/politique\/assassinat-de-mehdi-kessaci-a-marseille-le-ministre-de-linterieur-laurent-nunez-denonce-un-crime-dintimidation-18-11-2025-7EZEAHKW4NH5TBOLD2SGEEVCYY.php\" target=\"_blank\" rel=\"noreferrer noopener\">Mehdi Kessaci<\/a> a \u00e9t\u00e9 inhum\u00e9 ce mardi apr\u00e8s-midi dans l\u2019intimit\u00e9 familiale \u00e0 Marseille <a href=\"https:\/\/www.leparisien.fr\/bouches-du-rhone-13\/\" target=\"_blank\" rel=\"noreferrer noopener\">(Bouches-du-Rh\u00f4ne)<\/a>. Une inhumation dans le petit cimeti\u00e8re de Saint-Henri (XVIe arrondissement) dont les abords \u00e9taient surveill\u00e9s par de nombreux policiers. La c\u00e9r\u00e9monie mortuaire avait d\u00e9but\u00e9 peu avant 15 heures \u00e0 la mosqu\u00e9e de Frais-Vallon, une immense cit\u00e9 du XIIIe arrondissement dont la famille Kessaci est originaire. Un tapis de fleurs avait \u00e9galement \u00e9t\u00e9 d\u00e9pos\u00e9 par des anonymes sur le rond-point Claudie-d\u2019Arcy o\u00f9 a eu lieu la fusillade mortelle.<\/p>\n<p class=\"paragraph text_align_left lp-f-body-02\">L\u2019hommage s\u2019est poursuivi dans la soir\u00e9e dans le XIIIe arrondissement, au si\u00e8ge de l\u2019association Conscience, fond\u00e9e par Amine Kessaci apr\u00e8s la mort de son grand fr\u00e8re, retrouv\u00e9 calcin\u00e9 dans le coffre d\u2019une voiture en 2020.<\/p>\n","protected":false},"excerpt":{"rendered":"Apr\u00e8s le choc, le temps de l\u2019adieu. Petit fr\u00e8re du militant anti-narcotrafic Amine Kessaci, Mehdi Kessaci a \u00e9t\u00e9&hellip;\n","protected":false},"author":2,"featured_media":543353,"comment_status":"","ping_status":"","sticky":false,"template":"","format":"standard","meta":{"footnotes":""},"categories":[2814],"tags":[1111,11,459,1777,674,118,1011,27,884,12,882,25],"class_list":{"0":"post-543352","1":"post","2":"type-post","3":"status-publish","4":"format-standard","5":"has-post-thumbnail","7":"category-marseille","8":"tag-actu","9":"tag-actualites","10":"tag-departements-horsidfo","11":"tag-eu","12":"tag-europe","13":"tag-faits-divers","14":"tag-fr","15":"tag-france","16":"tag-marseille","17":"tag-news","18":"tag-provence-alpes-cote-dazur","19":"tag-republique-francaise"},"share_on_mastodon":{"url":"https:\/\/pubeurope.com\/@fr\/115572981428318797","error":""},"_links":{"self":[{"href":"https:\/\/www.europesays.com\/fr\/wp-json\/wp\/v2\/posts\/543352","targetHints":{"allow":["GET"]}}],"collection":[{"href":"https:\/\/www.europesays.com\/fr\/wp-json\/wp\/v2\/posts"}],"about":[{"href":"https:\/\/www.europesays.com\/fr\/wp-json\/wp\/v2\/types\/post"}],"author":[{"embeddable":true,"href":"https:\/\/www.europesays.com\/fr\/wp-json\/wp\/v2\/users\/2"}],"replies":[{"embeddable":true,"href":"https:\/\/www.europesays.com\/fr\/wp-json\/wp\/v2\/comments?post=543352"}],"version-history":[{"count":0,"href":"https:\/\/www.europesays.com\/fr\/wp-json\/wp\/v2\/posts\/543352\/revisions"}],"wp:featuredmedia":[{"embeddable":true,"href":"https:\/\/www.europesays.com\/fr\/wp-json\/wp\/v2\/media\/543353"}],"wp:attachment":[{"href":"https:\/\/www.europesays.com\/fr\/wp-json\/wp\/v2\/media?parent=543352"}],"wp:term":[{"taxonomy":"category","embeddable":true,"href":"https:\/\/www.europesays.com\/fr\/wp-json\/wp\/v2\/categories?post=543352"},{"taxonomy":"post_tag","embeddable":true,"href":"https:\/\/www.europesays.com\/fr\/wp-json\/wp\/v2\/tags?post=543352"}],"curies":[{"name":"wp","href":"https:\/\/api.w.org\/{rel}","templated":true}]}}