{"id":543356,"date":"2025-11-18T22:09:13","date_gmt":"2025-11-18T22:09:13","guid":{"rendered":"https:\/\/www.europesays.com\/fr\/543356\/"},"modified":"2025-11-18T22:09:13","modified_gmt":"2025-11-18T22:09:13","slug":"au-proces-de-rue89lyon-les-avocats-de-jean%e2%80%90michel-aulas-plaident-la-diffamation-par-insinuation","status":"publish","type":"post","link":"https:\/\/www.europesays.com\/fr\/543356\/","title":{"rendered":"Au proc\u00e8s de Rue89Lyon, les avocats de Jean\u2010Michel Aulas plaident la diffamation \u00ab par insinuation \u00bb"},"content":{"rendered":"<p><b>Ce mardi 18 novembre, l\u2019homme d\u2019affaires, candidat \u00e0 la mairie de Lyon, et son fils Alexandre tra\u00eenaient en justice le m\u00e9dia ind\u00e9pendant pour diffamation. En cause\u00a0: une enqu\u00eate publi\u00e9e en 2023 dans laquelle il \u00e9tait question de jets priv\u00e9s et de paradis fiscaux.<\/b><\/p>\n<p>\u00ab\u202fLe pot de fer contre le pot de terre\u202f\u00bb\u00a0: Thomas Fourrey, l\u2019avocat de Rue89Lyon, n\u2019a pas coup\u00e9 \u00e0 l\u2019image consacr\u00e9e. Mais il l\u2019a \u00e9tay\u00e9e de fa\u00e7on tr\u00e8s concr\u00e8te\u00a0: \u00ab\u202fCe dossier a pris dix minutes dans la vie de Monsieur Aulas. Pour mes clients, ce sont des jours entiers de pr\u00e9paration sans compter la charge mentale, la charge \u00e9motionnelle et la charge financi\u00e8re.\u202f\u00bb Ce mardi 18 novembre, au tribunal judiciaire de Lyon, Jean\u2010Michel et Alexandre Aulas poursuivaient pour diffamation le m\u00e9dia ind\u00e9pendant Rue89Lyon. Au c\u0153ur des d\u00e9bats\u00a0: un article intitul\u00e9 \u00ab\u202f<a href=\"https:\/\/www.rue89lyon.fr\/2023\/10\/16\/aulas-jet-prive-paradis-fiscaux\/\" target=\"_blank\" rel=\"noopener\">Les Aulas s\u2019envolent en jet priv\u00e9 vers les paradis fiscaux<\/a>\u202f\u00bb.<\/p>\n<p>Publi\u00e9e en octobre 2023 \u2013 soit bien avant que l\u2019ancien patron de l\u2019Olympique lyonnais ne soit pressenti comme candidat \u00e0 la mairie de Lyon, comme cela a \u00e9t\u00e9 rappel\u00e9 pendant l\u2019audience \u2013 l\u2019enqu\u00eate de nos confr\u00e8res portait sur<\/p>\n<p>Nous vous offrons l\u2019acc\u00e8s \u00e0 cet article<\/p>\n<p>Et \u00e0 toutes nos enqu\u00eates pendant deux jours\u00a0\u00a0! <br \/>Oui, on est g\u00e9n\u00e9reux \ud83d\ude09 Mais pensez aussi \u00e0 <a href=\"https:\/\/www.mediacites.fr\/sabonner\/\" target=\"_blank\" style=\"color:#fff\" rel=\"noopener\">vous abonner<\/a>\u00a0\u00a0!<\/p>\n<p>\t\tEn renseignant votre adresse, vous acceptez nos <a href=\"https:\/\/www.mediacites.fr\/conditions-generales-d-utilisation\/\" target=\"_blank\" rel=\"noopener\">conditions g\u00e9n\u00e9rales d\u2019utilisation<\/a>. <br \/>Mediacit\u00e9s s\u2019engage \u00e0 ne pas c\u00e9der votre adresse \u00e0 des tiers. En cas d\u2019\u00e9chec, \u00e9crivez \u00e0 <a href=\"https:\/\/www.mediacites.fr\/breve\/lyon\/2025\/11\/18\/au-proces-de-rue89lyon-les-avocats-de-jean-michel-aulas-plaident-la-diffamation-par-insinuation\/mailto:contact@mediacites.fr\" target=\"_blank\" rel=\"noopener\">contact@mediacites.fr<\/a><\/p>\n<ul>\n<li>J\u2019acc\u00e8de aux 4 \u00e9ditions de Mediacit\u00e9s (Lille, Lyon, Nantes et Toulouse)<\/li>\n<li>Je d\u00e9couvre un m\u00e9dia 100 % ind\u00e9pendant, avec 0 % de publicit\u00e9<\/li>\n<\/ul>\n<p>Envie de lire la\u00a0suite\u202f?<\/p>\n<p>Depuis neuf ans, Mediacit\u00e9s enqu\u00eate en toute ind\u00e9pendance dans votre ville. Gr\u00e2ce \u00e0 ses lecteurs\u202f! Abonnez\u2010vous pour ne rien manquer de nos enqu\u00eates, suivre les \u00e9lections municipales et soutenir un journal local d\u2019investigation.<\/p>\n<ul>\n<li>Acc\u00e8s aux 4 \u00e9ditions de Mediacit\u00e9s (Lille, Lyon, Nantes et Toulouse)<\/li>\n<li>100 % ind\u00e9pendant, avec 0 % de publicit\u00e9<\/li>\n<li>R\u00e9siliation facile \u00e0 tout moment<\/li>\n<\/ul>\n<p>Mediacit\u00e9s offre l\u2019acc\u00e8s \u00e0 cet article aux lecteurs de News2Com<\/p>\n<p>Et \u00e0 toutes nos enqu\u00eates pendant deux jours\u00a0\u00a0! <br \/>Oui, on est g\u00e9n\u00e9reux \ud83d\ude09 Mais pensez aussi \u00e0 <a href=\"https:\/\/www.mediacites.fr\/sabonner\/\" target=\"_blank\" style=\"color:#fff\" rel=\"noopener\">vous abonner<\/a>\u00a0\u00a0!<\/p>\n<p>\t\tEn renseignant votre adresse, vous acceptez nos <a href=\"https:\/\/www.mediacites.fr\/conditions-generales-d-utilisation\/\" target=\"_blank\" rel=\"noopener\">conditions g\u00e9n\u00e9rales d\u2019utilisation<\/a>. <br \/>Mediacit\u00e9s s\u2019engage \u00e0 ne pas c\u00e9der votre adresse \u00e0 des tiers. En cas d\u2019\u00e9chec, \u00e9crivez \u00e0 <a href=\"https:\/\/www.mediacites.fr\/breve\/lyon\/2025\/11\/18\/au-proces-de-rue89lyon-les-avocats-de-jean-michel-aulas-plaident-la-diffamation-par-insinuation\/mailto:contact@mediacites.fr\" target=\"_blank\" rel=\"noopener\">contact@mediacites.fr<\/a><\/p>\n<ul>\n<li>J\u2019acc\u00e8de aux 4 \u00e9ditions de Mediacit\u00e9s (Lille, Lyon, Nantes et Toulouse)<\/li>\n<li>Je d\u00e9couvre un m\u00e9dia 100 % ind\u00e9pendant, avec 0 % de publicit\u00e9<\/li>\n<\/ul>\n","protected":false},"excerpt":{"rendered":"Ce mardi 18 novembre, l\u2019homme d\u2019affaires, candidat \u00e0 la mairie de Lyon, et son fils Alexandre tra\u00eenaient en&hellip;\n","protected":false},"author":2,"featured_media":543357,"comment_status":"","ping_status":"","sticky":false,"template":"","format":"standard","meta":{"footnotes":""},"categories":[1889],"tags":[1111,11,2430,1777,674,1011,27,5227,51816,10402,2428,12,66140,25,65989],"class_list":{"0":"post-543356","1":"post","2":"type-post","3":"status-publish","4":"format-standard","5":"has-post-thumbnail","7":"category-lyon","8":"tag-actu","9":"tag-actualites","10":"tag-auvergne-rhone-alpes","11":"tag-eu","12":"tag-europe","13":"tag-fr","14":"tag-france","15":"tag-jean-michel-aulas","16":"tag-loeil-de-mediacites","17":"tag-liberte-de-la-presse","18":"tag-lyon","19":"tag-news","20":"tag-proces-baillon","21":"tag-republique-francaise","22":"tag-rue89lyon"},"share_on_mastodon":{"url":"https:\/\/pubeurope.com\/@fr\/115572989118220371","error":""},"_links":{"self":[{"href":"https:\/\/www.europesays.com\/fr\/wp-json\/wp\/v2\/posts\/543356","targetHints":{"allow":["GET"]}}],"collection":[{"href":"https:\/\/www.europesays.com\/fr\/wp-json\/wp\/v2\/posts"}],"about":[{"href":"https:\/\/www.europesays.com\/fr\/wp-json\/wp\/v2\/types\/post"}],"author":[{"embeddable":true,"href":"https:\/\/www.europesays.com\/fr\/wp-json\/wp\/v2\/users\/2"}],"replies":[{"embeddable":true,"href":"https:\/\/www.europesays.com\/fr\/wp-json\/wp\/v2\/comments?post=543356"}],"version-history":[{"count":0,"href":"https:\/\/www.europesays.com\/fr\/wp-json\/wp\/v2\/posts\/543356\/revisions"}],"wp:featuredmedia":[{"embeddable":true,"href":"https:\/\/www.europesays.com\/fr\/wp-json\/wp\/v2\/media\/543357"}],"wp:attachment":[{"href":"https:\/\/www.europesays.com\/fr\/wp-json\/wp\/v2\/media?parent=543356"}],"wp:term":[{"taxonomy":"category","embeddable":true,"href":"https:\/\/www.europesays.com\/fr\/wp-json\/wp\/v2\/categories?post=543356"},{"taxonomy":"post_tag","embeddable":true,"href":"https:\/\/www.europesays.com\/fr\/wp-json\/wp\/v2\/tags?post=543356"}],"curies":[{"name":"wp","href":"https:\/\/api.w.org\/{rel}","templated":true}]}}