{"id":543358,"date":"2025-11-18T22:11:15","date_gmt":"2025-11-18T22:11:15","guid":{"rendered":"https:\/\/www.europesays.com\/fr\/543358\/"},"modified":"2025-11-18T22:11:15","modified_gmt":"2025-11-18T22:11:15","slug":"normandie-paris-auvergne-voici-ou-les-flocons-arrivent-selon-les-previsions-meteo","status":"publish","type":"post","link":"https:\/\/www.europesays.com\/fr\/543358\/","title":{"rendered":"Normandie, Paris, Auvergne&#8230; Voici o\u00f9 les flocons arrivent selon les pr\u00e9visions m\u00e9t\u00e9o"},"content":{"rendered":"<p>                La neige arrive en France ce mercredi 19\u00a0novembre. De nombreuses r\u00e9gions seront progressivement concern\u00e9es, notamment dans l&rsquo;est puis jusqu&rsquo;\u00e0 la Normandie et l&rsquo;Ile-de-France.<\/p>\n<p>L&rsquo;air polaire envahit la France cette semaine. Les temp\u00e9ratures chutent jour apr\u00e8s jour. Les gel\u00e9es matinales sont revenues sur une grande partie du pays. Ce mercredi 19 novembre, une d\u00e9pression se met\u00a0en place et provoque\u00a0le d\u00e9part du premier v\u00e9ritable \u00e9pisode neigeux de la saison.\u00a0M\u00e9t\u00e9o-France a d\u00e9j\u00e0 plac\u00e9 pour la journ\u00e9e de mercredi 15 d\u00e9partements en alerte jaune neige-verglas : les Ardennes, la Creuse, le Puy-de-D\u00f4me, le Cantal,\u00a0la Corr\u00e8ze, l&rsquo;Orne, la Loire, l&rsquo;Aveyron, la Moselle, la Meurte-et-Moselle, la Meuse, le Nord, le Pas-de-Calais, la Somme et l&rsquo;Oise.<\/p>\n<p>Les premi\u00e8res chutes de neige sont plus pr\u00e9cis\u00e9ment attendues sur les plateaux du Jura, des Vosges et du Massif central \u00e0 basse altitude, comme le pr\u00e9cise\u00a0<a href=\"https:\/\/actualite.lachainemeteo.com\/actualite-meteo\/2025-11-17\/neige-ou-va-t-elle-tomber-cette-semaine-83222\" target=\"_blank\" rel=\"nofollow noopener\">La Chaine M\u00e9t\u00e9o<\/a>. Les Alpes du Nord seront concern\u00e9es d\u00e8s 600 m, alors que sur les Pyr\u00e9n\u00e9es, il ne neigera qu&rsquo;au-dessus de 1200m. \u00ab\u00a0Les sols blanchissent temporairement sur les Ardennes et le nord de la Lorraine, on attend 1 \u00e0 5 cm \u00e0 partir de 500 m d&rsquo;altitude pr\u00e8s des fronti\u00e8res\u00a0\u00bb, ajoute M\u00e9t\u00e9o-France. En plaine, le nord-est sera touch\u00e9 par de la pluie m\u00eal\u00e9e de neige ou de gr\u00e9sil. Vers la fin de journ\u00e9e, quelques giboul\u00e9es neigeuses sont possibles sur les collines proches de la Manche, mais sans tenue au sol.<\/p>\n<p>Jeudi, la perturbation va se d\u00e9caler vers l&rsquo;est, la limite pluie-neige pourra descendre plus bas dans le nord-est. Des flocons sont possibles en plaine entre 200 et 300m. Des averses neigeuses devraient aussi concerner les collines normandes et les plateaux des Hauts-de-France, mais de fa\u00e7on tr\u00e8s localis\u00e9e et \u00e9ph\u00e9m\u00e8re, les sols n&rsquo;\u00e9tant pas si refroidis et les pr\u00e9cipitations envisag\u00e9es pas assez massives. Il faudra toutefois surveiller.<\/p>\n<p><img decoding=\"async\" alt=\"La Chaine m\u00e9t\u00e9o\" src=\"https:\/\/www.europesays.com\/fr\/wp-content\/uploads\/2025\/11\/live.jpg\" style=\"width: 658px; height: 370px;\"\/><\/p>\n<p>Selon M\u00e9t\u00e9o France, des averses de neige sont possibles dans le Centre, la Bourgogne, la Franche-Comt\u00e9 et le nord du Rh\u00f4ne-Alpes ainsi que de la pluie et neige m\u00eal\u00e9es sur le Centre ainsi que l&rsquo;Ile-de-France.\u00a0Vendredi, la journ\u00e9e devrait \u00eatre plus s\u00e8che. De petites averses de neige se maintiendront sur le Massif Central, les Alpes et les Pyr\u00e9n\u00e9es. Les temp\u00e9ratures devraient \u00eatre tomb\u00e9es 5 degr\u00e9s en dessous des normales de saison.\u00a0<\/p>\n<p>De la neige pourrait retomber samedi avant un possible l\u00e9ger redoux, les pr\u00e9visions restent \u00e0 confirmer au vu du d\u00e9lai. La perturbation arriv\u00e9e par l&rsquo;Atlantique devrait rencontrer l&rsquo;air froid. Des flocons pourraient alors \u00eatre observ\u00e9s en plaine \u00e0 partir de la fin de journ\u00e9e de samedi et se prolonger dimanche, particuli\u00e8rement sur la moiti\u00e9 est sur un axe allant des Hauts-de-France au sud du Massif central.\u00a0<\/p>\n<p><a name=\"post1763500577\"\/>22:16 &#8211; Pas d&rsquo;\u00e9volution des pr\u00e9visions m\u00e9t\u00e9orologiques \u00e0 22 heures<\/p>\n<p>\u00c0 22 heures ce mardi, M\u00e9t\u00e9o-France n&rsquo;a pas publi\u00e9 de nouveau rapport m\u00e9t\u00e9orologique faisant \u00e9tat d&rsquo;\u00e9ventuelles \u00e9volutions concernant les pr\u00e9visions de la journ\u00e9e de mercredi. Comme d\u00e9j\u00e0 annonc\u00e9 par le bulletin de 16 heures, ce sont donc toujours 15 d\u00e9partements qui sont plac\u00e9s en alerte jaune pour neige-verglas entre minuit et 23h59, avec une br\u00e8ve coupure \u00e0 la mi-journ\u00e9e entre midi et 15 heures. Sont concern\u00e9s : la Creuse, la Corr\u00e8ze, le Puy-de-D\u00f4me, la Loire, le Cantal, l&rsquo;Aveyron, l&rsquo;Orne, le Pas-de-Calais, la Nord, la Somme, l&rsquo;Oise, les Ardennes, la Meuse, la Meurthe-et-Moselle et la Moselle.\u00a0<\/p>\n<p><a name=\"post1763494910\"\/>20:41 &#8211; Une tr\u00eave \u00e0 la mi-journ\u00e9e ce mercredi<\/p>\n<p>Dans son bulletin publi\u00e9 vers 16 heures ce mardi, M\u00e9t\u00e9o-France pr\u00e9voit une alerte jaune pour neige-verglas quasiment sur toute la journ\u00e9e de ce mercredi. Quasiment car les d\u00e9partements devraient bri\u00e8vement repasser en vert \u00e0 la mi-journ\u00e9e, entre midi et 15 heures.\u00a0<\/p>\n<p><a name=\"post1763490198\"\/>19:23 &#8211; Ce que pr\u00e9voient ces quatre mod\u00e8les m\u00e9t\u00e9orologiques<\/p>\n<p>Du mod\u00e8le Arp\u00e8ge de M\u00e9t\u00e9o-France \u00e0 l&rsquo;Allemand Icon, en passant par le Canadien Gem et l&rsquo;Europ\u00e9en ECMWF,\u00a0Le Parisien\u00a0a analys\u00e9 les pr\u00e9visions de\u00a0quatre mod\u00e8les m\u00e9t\u00e9orologiques en vue de l&rsquo;arriv\u00e9e de la neige sur l&rsquo;Hexagone. Conclusion : si les mod\u00e8les ne pr\u00e9voient pas tous la m\u00eame chose dans le d\u00e9tail, ils s&rsquo;accordent \u00e0 la fois sur la pr\u00e9sence de flocons en plaine jeudi apr\u00e8s-midi, ainsi qu&rsquo;en fin de journ\u00e9e, et \u00e9voquent plut\u00f4t de faibles quantit\u00e9s de neige.<\/p>\n<p><a name=\"post1763486049\"\/>18:14 &#8211; Un m\u00e9lange de pluie-neige <\/p>\n<p>Les secteurs les plus expos\u00e9s seront les Ardennes et les plateaux lorrains d\u00e8s ce mercredi. <a href=\"https:\/\/actualite.lachainemeteo.com\/actualite-meteo\/2025-11-18\/risque-de-neige-en-plaine-entre-mercredi-et-jeudi-83240\" target=\"_blank\" rel=\"nofollow noopener\">La Chaine M\u00e9t\u00e9o<\/a> pr\u00e9voit jusqu&rsquo;\u00e0 localement 10 cm de neige. Ailleurs, il s&rsquo;agira plut\u00f4t d&rsquo;averses de pluie et neige m\u00eal\u00e9e. La tenue au sol sera difficile, mais elles s&rsquo;\u00e9largiront davantage jeudi, atteignant probablement l&rsquo;\u00efle-de-France, comme le montre la carte ci-dessous.<\/p>\n<p><img loading=\"lazy\" decoding=\"async\" height=\"370\" src=\"https:\/\/www.europesays.com\/fr\/wp-content\/uploads\/2025\/11\/1763503874_444_live.jpg\" width=\"658\"\/><\/p>\n<p><a name=\"post1763482033\"\/>17:07 &#8211; 15 d\u00e9partements d\u00e9sormais en vigilance jaune pour neige<\/p>\n<p>10 d\u00e9partements ont bascul\u00e9\u00a0en vigilance jaune neige-verglas pour la journ\u00e9e de mercredi. L&rsquo;Orne, la Loire, l&rsquo;Aveyron, la Moselle, la Meurte-et-Moselle, la Meuse, le Nord, le Pas-de-Calais, la Somme et l&rsquo;Oise rejoignent\u00a0les Ardennes, la Creuse, le Puy-de-D\u00f4me, le Cantal et\u00a0la Corr\u00e8ze. Les reliefs seront touch\u00e9s, mais aussi sur les plateaux des Hauts-de-France et normands.\u00a0<\/p>\n<p><a name=\"post1763476435\"\/>15:33 &#8211; Quelle quantit\u00e9 de neige ce mercredi ? <\/p>\n<p>Pour la journ\u00e9e de mercredi, de petites chutes de neige se produisent d\u00e8s 300 m dans le nord-est. \u00ab\u00a0Les sols blanchissent temporairement sur les Ardennes et le nord de la Lorraine, on attend 1 \u00e0 5 cm \u00e0 partir de 500 m d&rsquo;altitude pr\u00e8s des fronti\u00e8res\u00a0\u00bb, pr\u00e9cise M\u00e9t\u00e9o France. De plus, \u00ab\u00a0les giboul\u00e9es se multiplient et se renforcent sur la Normandie et les Hauts-de-France l&rsquo;apr\u00e8s-midi, avec parfois du gr\u00e9sil ou de la neige roul\u00e9e et des bourrasques de vent\u00a0\u00bb, pr\u00e9cise M\u00e9t\u00e9o France. La\u00a0tenue au sol est cependant peu probable. Sur les reliefs, comme le Massif central et les Alpes, la limite pluie-neige\u00a0s&rsquo;abaisse\u00a0vers 400 \u00e0 500 m. Les quantit\u00e9s de neige devraient donc \u00eatre assez faibles ce mercredi avec notamment beaucoup de pluie-neige m\u00eal\u00e9e.<\/p>\n<p><a name=\"post1763472227\"\/>14:23 &#8211; Quand la neige arrivera-t-elle en r\u00e9gion parisienne ?<\/p>\n<p>Jeudi pourrait \u00eatre la journ\u00e9e la plus expos\u00e9e \u00e0 un risque de neige dans de nombreuses r\u00e9gions. L&rsquo;\u00e9pisode pourrait commencer jeudi en Ile-de-France. M\u00e9t\u00e9o France pr\u00e9voit \u00ab\u00a0pluie et neige m\u00eal\u00e9es\u00a0\u00bb possible pour la journ\u00e9e de jeudi.\u00a0Le canadien\u00a0Gem\u00a0estime possible des flocons en \u00cele-de-France, en Seine-et-Marne notamment, rapporte Le Parisien. Ce week-end, la moiti\u00e9 est sera concern\u00e9e par des averses neigeuses, mais cela pourrait une nouvelle fois s&rsquo;\u00e9tendre \u00e0 la r\u00e9gion parisienne entre samedi en fin de journ\u00e9e et dimanche.<\/p>\n<p><a name=\"post1763464557\"\/>12:15 &#8211; 5 d\u00e9partements plac\u00e9s en vigilance jaune neige-verglas mercredi<\/p>\n<p>Avec le d\u00e9but de l&rsquo;\u00e9pisode neigeux mercredi, 5 d\u00e9partements sont d\u00e9j\u00e0 plac\u00e9s en vigilance jaune neige-verglas. Les Ardennes, la Creuse, le Puy-de-D\u00f4me, le Cantal et la Corr\u00e8ze sont concern\u00e9s.\u00a0<\/p>\n<p><img loading=\"lazy\" decoding=\"async\" height=\"420\" src=\"https:\/\/www.europesays.com\/fr\/wp-content\/uploads\/2025\/11\/live.png\" width=\"535\"\/><\/p>\n<p><a name=\"post1763462307\"\/>11:38 &#8211; La limite pluie-neige en baisse et l&rsquo;apparition de gel\u00e9es<\/p>\n<p>L&rsquo;\u00e9pisode neigeux commencera mercredi. La limite pluie-neige est toutefois d\u00e9j\u00e0 en baisse. Lundi, elle est pass\u00e9e sous les 1000m dans le Jura et le Massif Central. Elle \u00e9tait encore \u00e0 1200 m dans les Alpes du Nord, 1600 m dans celles du Sud et 1800 dans les Pyr\u00e9n\u00e9es. Ce mardi, les gel\u00e9es matinales sont fr\u00e9quentes avec le ciel d\u00e9gag\u00e9 et ce sont dans de nombreux d\u00e9partements les premi\u00e8re de la saison. L&rsquo;apr\u00e8s-midi, la baisse de la temp\u00e9rature est sensible.\u00a0<\/p>\n","protected":false},"excerpt":{"rendered":"La neige arrive en France ce mercredi 19\u00a0novembre. De nombreuses r\u00e9gions seront progressivement concern\u00e9es, notamment dans l&rsquo;est puis&hellip;\n","protected":false},"author":2,"featured_media":543359,"comment_status":"","ping_status":"","sticky":false,"template":"","format":"standard","meta":{"footnotes":""},"categories":[1592],"tags":[1111,11,66141,51761,1777,674,51763,1011,27,662,66142,12,51767,626,25,104],"class_list":{"0":"post-543358","1":"post","2":"type-post","3":"status-publish","4":"format-standard","5":"has-post-thumbnail","7":"category-ile-de-france","8":"tag-actu","9":"tag-actualites","10":"tag-cms-linternaute-9252987","11":"tag-controller-content","12":"tag-eu","13":"tag-europe","14":"tag-format-papier","15":"tag-fr","16":"tag-france","17":"tag-ile-de-france","18":"tag-neige-en-france","19":"tag-news","20":"tag-parallaxeinfeed","21":"tag-paris","22":"tag-republique-francaise","23":"tag-societe"},"share_on_mastodon":{"url":"https:\/\/pubeurope.com\/@fr\/115572998024840116","error":""},"_links":{"self":[{"href":"https:\/\/www.europesays.com\/fr\/wp-json\/wp\/v2\/posts\/543358","targetHints":{"allow":["GET"]}}],"collection":[{"href":"https:\/\/www.europesays.com\/fr\/wp-json\/wp\/v2\/posts"}],"about":[{"href":"https:\/\/www.europesays.com\/fr\/wp-json\/wp\/v2\/types\/post"}],"author":[{"embeddable":true,"href":"https:\/\/www.europesays.com\/fr\/wp-json\/wp\/v2\/users\/2"}],"replies":[{"embeddable":true,"href":"https:\/\/www.europesays.com\/fr\/wp-json\/wp\/v2\/comments?post=543358"}],"version-history":[{"count":0,"href":"https:\/\/www.europesays.com\/fr\/wp-json\/wp\/v2\/posts\/543358\/revisions"}],"wp:featuredmedia":[{"embeddable":true,"href":"https:\/\/www.europesays.com\/fr\/wp-json\/wp\/v2\/media\/543359"}],"wp:attachment":[{"href":"https:\/\/www.europesays.com\/fr\/wp-json\/wp\/v2\/media?parent=543358"}],"wp:term":[{"taxonomy":"category","embeddable":true,"href":"https:\/\/www.europesays.com\/fr\/wp-json\/wp\/v2\/categories?post=543358"},{"taxonomy":"post_tag","embeddable":true,"href":"https:\/\/www.europesays.com\/fr\/wp-json\/wp\/v2\/tags?post=543358"}],"curies":[{"name":"wp","href":"https:\/\/api.w.org\/{rel}","templated":true}]}}