{"id":543362,"date":"2025-11-18T22:13:12","date_gmt":"2025-11-18T22:13:12","guid":{"rendered":"https:\/\/www.europesays.com\/fr\/543362\/"},"modified":"2025-11-18T22:13:12","modified_gmt":"2025-11-18T22:13:12","slug":"paris-pourquoi-la-mairie-vise-dati-en-interdisant-aux-elus-dintervenir-dans-lattribution-de-logements-sociaux","status":"publish","type":"post","link":"https:\/\/www.europesays.com\/fr\/543362\/","title":{"rendered":"Paris : Pourquoi la mairie vise Dati en interdisant aux \u00e9lus d\u2019intervenir dans l\u2019attribution de logements sociaux ?"},"content":{"rendered":"<p class=\"mb-4 text-lg md:leading-8 break-words\"><strong>FIN DES PASSE-DROITS &#8211; Paris renforce ses r\u00e8gles d\u2019\u00e9thique. Apr\u00e8s des accusations visant Rachida Dati, le Conseil de Paris interdit toute intervention d\u2019un \u00e9lu dans les demandes de logements sociaux de leurs proches<\/strong><\/p>\n<p class=\"mb-4 text-lg md:leading-8 break-words\">Le d\u00e9bat sur l\u2019\u00e9thique des \u00e9lus ressurgit \u00e0 Paris. Le <a href=\"https:\/\/www.20minutes.fr\/dossier\/conseil_de_paris?at_medium=RSS%20feed&amp;at_campaign=ynews&amp;utm_source=yahoo&amp;utm_medium=rss&amp;utm_campaign=news_feed&amp;utm_content=in_article_link\" rel=\"nofollow noopener\" target=\"_blank\" data-ylk=\"slk:Conseil de Paris;elm:context_link;itc:0;sec:content-canvas\" class=\"link \">Conseil de Paris<\/a> a valid\u00e9 mardi un v\u0153u interdisant toute intervention d\u2019un \u00e9lu dans la demande de logement social d\u2019un proche jusqu\u2019au troisi\u00e8me degr\u00e9. Cette d\u00e9cision intervient apr\u00e8s les r\u00e9v\u00e9lations du Canard encha\u00een\u00e9, accusant <a href=\"https:\/\/www.20minutes.fr\/politique\/rachida_dati?at_medium=RSS%20feed&amp;at_campaign=ynews&amp;utm_source=yahoo&amp;utm_medium=rss&amp;utm_campaign=news_feed&amp;utm_content=in_article_link\" rel=\"nofollow noopener\" target=\"_blank\" data-ylk=\"slk:Rachida Dati;elm:context_link;itc:0;sec:content-canvas\" class=\"link \">Rachida Dati<\/a> d\u2019\u00eatre intervenue dans l\u2019obtention d\u2019un HLM pour une s\u0153ur. La candidate \u00e0 la mairie r\u00e9fute, assurant que l\u2019attribution provient de l\u2019employeur de celle-ci, Veolia.<\/p>\n<p class=\"mb-4 text-lg md:leading-8 break-words\">Rachida Dati avait tent\u00e9, en vain, de faire retirer le v\u0153u de l\u2019ordre du jour, le qualifiant \u00ab\u00a0de pure circonstance\u00a0\u00bb et \u00ab\u00a0gravement accusatoire\u00a0\u00bb. Pour le s\u00e9nateur communiste <a href=\"https:\/\/www.20minutes.fr\/dossier\/ian_brossat?at_medium=RSS%20feed&amp;at_campaign=ynews&amp;utm_source=yahoo&amp;utm_medium=rss&amp;utm_campaign=news_feed&amp;utm_content=in_article_link\" rel=\"nofollow noopener\" target=\"_blank\" data-ylk=\"slk:Ian Brossat;elm:context_link;itc:0;sec:content-canvas\" class=\"link \">Ian Brossat<\/a>, \u00e0 l\u2019origine du texte, il ne s\u2019agit pourtant que d\u2019une r\u00e8gle \u00e9vidente. \u00ab\u00a0Honn\u00eatement je pensais que c\u2019\u00e9tait l\u2019\u00e9vidence\u00a0\u00bb, insiste-t-il, rappelant que la transparence demeure \u00ab\u00a0fondamentale face \u00e0 la p\u00e9nurie de logements sociaux\u00a0\u00bb.<\/p>\n<p>Plus aucun \u00ab\u00a0passe-droit\u00a0\u00bb pour les \u00e9lus<\/p>\n<p class=\"mb-4 text-lg md:leading-8 break-words\">Cette pol\u00e9mique fait \u00e9cho aux d\u00e9clarations d\u2019octobre de Jeanne d\u2019Hautesserre, maire <a href=\"https:\/\/www.20minutes.fr\/politique\/lr\/?at_medium=RSS%20feed&amp;at_campaign=ynews&amp;utm_source=yahoo&amp;utm_medium=rss&amp;utm_campaign=news_feed&amp;utm_content=in_article_link\" rel=\"nofollow noopener\" target=\"_blank\" data-ylk=\"slk:LR;elm:context_link;itc:0;sec:content-canvas\" class=\"link \">LR<\/a> du 8e\u00a0arrondissement, qui avait surpris jusque dans son camp en affirmant que des \u00e9lus \u00ab\u00a0de son bord\u00a0\u00bb demandaient des logements sociaux pour leur famille. Une sortie qui avait mis en lumi\u00e8re des pratiques rarement \u00e9voqu\u00e9es publiquement.<\/p>\n<p><a href=\"https:\/\/www.20minutes.fr\/dossier\/mairie_de_paris\" rel=\"nofollow noopener\" target=\"_blank\" data-ylk=\"slk:Notre dossier sur la Mairie de Paris;elm:context_link;itc:0;sec:content-canvas\" class=\"link \">Notre dossier sur la Mairie de Paris<\/a><\/p>\n<p class=\"mb-4 text-lg md:leading-8 break-words\">Le v\u0153u, adopt\u00e9 par la majorit\u00e9 de gauche, r\u00e9affirme qu\u2019\u00ab\u00a0aucun passe-droit ne saurait \u00eatre accept\u00e9\u00a0\u00bb dans une capitale o\u00f9 l\u2019acc\u00e8s au logement social est \u00ab\u00a0quasiment impossible\u00a0\u00bb dans l\u2019ouest, en raison du faible nombre de HLM et de l\u2019opposition persis(&#8230;)<\/p>\n<p class=\"mb-4 text-lg md:leading-8 break-words\"><a href=\"https:\/\/www.20minutes.fr\/politique\/4186468-20251118-paris-pourquoi-mairie-vise-dati-interdisant-elus-intervenir-attribution-logements-sociaux?at_medium=RSS%20feed&amp;at_campaign=ynews&amp;utm_source=yahoo&amp;utm_medium=rss&amp;utm_campaign=news_feed&amp;utm_content=read_more_link&quot;\" rel=\"nofollow noopener\" target=\"_blank\" data-ylk=\"slk:Lire la suite sur 20minutes;elm:context_link;itc:0;sec:content-canvas\" class=\"link \">Lire la suite sur 20minutes<\/a><\/p>\n<p>\u00c0 lire aussi :<br \/><a href=\"https:\/\/www.20minutes.fr\/paris\/4178080-20251008-paris-prochaine-maire-veut-croire-rachida-dati?at_medium=RSS%20feed&amp;at_campaign=ynews&amp;utm_source=yahoo&amp;utm_medium=rss&amp;utm_campaign=news_feed&amp;utm_content=related_content_link\" rel=\"nofollow noopener\" target=\"_blank\" data-ylk=\"slk:Municipales\u00a02026 \u00e0 Paris\u00a0: \u00ab\u00a0Je serai la prochaine maire\u00a0\u00bb, veut croire Rachida Dati;elm:context_link;itc:0;sec:content-canvas\" class=\"link \">Municipales\u00a02026 \u00e0 Paris\u00a0: \u00ab\u00a0Je serai la prochaine maire\u00a0\u00bb, veut croire Rachida Dati<\/a><br \/><a href=\"https:\/\/www.20minutes.fr\/politique\/4180719-20251021-municipales-2025-paris-soutien-macronistes-vraiment-acquis-dati-penchent-bournazel?at_medium=RSS%20feed&amp;at_campaign=ynews&amp;utm_source=yahoo&amp;utm_medium=rss&amp;utm_campaign=news_feed&amp;utm_content=related_content_link\" rel=\"nofollow noopener\" target=\"_blank\" data-ylk=\"slk:Municipales\u00a02026 \u00e0 Paris\u00a0: Le soutien des macronistes pas vraiment acquis \u00e0 Dati, ils penchent pour Bournazel;elm:context_link;itc:0;sec:content-canvas\" class=\"link \">Municipales\u00a02026 \u00e0 Paris\u00a0: Le soutien des macronistes pas vraiment acquis \u00e0 Dati, ils penchent pour Bournazel<\/a><\/p>\n","protected":false},"excerpt":{"rendered":"FIN DES PASSE-DROITS &#8211; Paris renforce ses r\u00e8gles d\u2019\u00e9thique. Apr\u00e8s des accusations visant Rachida Dati, le Conseil de&hellip;\n","protected":false},"author":2,"featured_media":543363,"comment_status":"","ping_status":"","sticky":false,"template":"","format":"standard","meta":{"footnotes":""},"categories":[1888],"tags":[1111,1928,11,1927,2617,66143,1777,674,1011,27,6459,2381,12,1926,626,1925,417,25],"class_list":{"0":"post-543362","1":"post","2":"type-post","3":"status-publish","4":"format-standard","5":"has-post-thumbnail","7":"category-paris","8":"tag-actu","9":"tag-actu-paris","10":"tag-actualites","11":"tag-actualites-paris","12":"tag-conseil-de-paris","13":"tag-demande-de-logement-social","14":"tag-eu","15":"tag-europe","16":"tag-fr","17":"tag-france","18":"tag-logements-sociaux","19":"tag-mairie-de-paris","20":"tag-news","21":"tag-news-paris","22":"tag-paris","23":"tag-paris-news","24":"tag-rachida-dati","25":"tag-republique-francaise"},"share_on_mastodon":{"url":"https:\/\/pubeurope.com\/@fr\/115573005009176990","error":""},"_links":{"self":[{"href":"https:\/\/www.europesays.com\/fr\/wp-json\/wp\/v2\/posts\/543362","targetHints":{"allow":["GET"]}}],"collection":[{"href":"https:\/\/www.europesays.com\/fr\/wp-json\/wp\/v2\/posts"}],"about":[{"href":"https:\/\/www.europesays.com\/fr\/wp-json\/wp\/v2\/types\/post"}],"author":[{"embeddable":true,"href":"https:\/\/www.europesays.com\/fr\/wp-json\/wp\/v2\/users\/2"}],"replies":[{"embeddable":true,"href":"https:\/\/www.europesays.com\/fr\/wp-json\/wp\/v2\/comments?post=543362"}],"version-history":[{"count":0,"href":"https:\/\/www.europesays.com\/fr\/wp-json\/wp\/v2\/posts\/543362\/revisions"}],"wp:featuredmedia":[{"embeddable":true,"href":"https:\/\/www.europesays.com\/fr\/wp-json\/wp\/v2\/media\/543363"}],"wp:attachment":[{"href":"https:\/\/www.europesays.com\/fr\/wp-json\/wp\/v2\/media?parent=543362"}],"wp:term":[{"taxonomy":"category","embeddable":true,"href":"https:\/\/www.europesays.com\/fr\/wp-json\/wp\/v2\/categories?post=543362"},{"taxonomy":"post_tag","embeddable":true,"href":"https:\/\/www.europesays.com\/fr\/wp-json\/wp\/v2\/tags?post=543362"}],"curies":[{"name":"wp","href":"https:\/\/api.w.org\/{rel}","templated":true}]}}