{"id":543364,"date":"2025-11-18T22:14:17","date_gmt":"2025-11-18T22:14:17","guid":{"rendered":"https:\/\/www.europesays.com\/fr\/543364\/"},"modified":"2025-11-18T22:14:17","modified_gmt":"2025-11-18T22:14:17","slug":"la-circulation-est-chaotique-sur-les-routes-dile-de-france","status":"publish","type":"post","link":"https:\/\/www.europesays.com\/fr\/543364\/","title":{"rendered":"la circulation est chaotique sur les routes d&rsquo;\u00cele-de-France"},"content":{"rendered":"<p>                    Par<br \/>\n        <strong><br \/>\n            <a href=\"https:\/\/actu.fr\/auteur\/thomas-rideau\" title=\"Consulter tous les articles de Thomas Rideau\" target=\"_blank\" rel=\"noopener\">Thomas Rideau<\/a><br \/>\n                    <\/strong><\/p>\n<p>        Publi\u00e9 le<\/p>\n<p>            18 nov. 2025 \u00e0 18h20        <\/p>\n<p>Circulation chaotique sur les routes d\u2019<a href=\"https:\/\/actu.fr\/paris\/\" target=\"_blank\" rel=\"noopener\">\u00cele-de-France<\/a>, ce mardi 18 novembre 2025, dans la soir\u00e9e. Les services de la <strong>direction des routes d\u2019\u00cele-de-France<\/strong> vous invitent, autant que possible, \u00e0 \u00e9viter la voiture ce soir. Et pour cause\u2009: <a href=\"https:\/\/actu.fr\/tag\/info-trafic\" target=\"_blank\" rel=\"noopener\">le cumul des bouchons<\/a> \u00e0 18h est r\u00e9ellement impressionnant\u2009: presque 450 kilom\u00e8tres sur les routes de Paris.<\/p>\n<p>Un accident et des routes \u00e0 l\u2019arr\u00eat<\/p>\n<p class=\" wall-content\">Un chiffre tr\u00e8s largement au-dessus de la moyenne pour un mardi soir. On peut notamment signaler un accident au niveau du Pont de S\u00e8vre, \u00e0 <a href=\"https:\/\/actu.fr\/ile-de-france\/boulogne-billancourt_92012\" target=\"_blank\" rel=\"noopener\">Boulogne-Billancourt (Hauts-de-Seine)<\/a> qui rend la circulation tr\u00e8s difficile dans le secteur. D\u2019apr\u00e8s <strong>les services de l\u2019\u00c9tat<\/strong>, une voiture seule est impliqu\u00e9e et un d\u00e9but d\u2019incendie est \u00e0 d\u00e9plorer.<\/p>\n<p class=\" wall-content\">De mani\u00e8re g\u00e9n\u00e9rale, vous \u00eates \u00e0 l\u2019arr\u00eat sur le p\u00e9riph\u00e9rique ext\u00e9rieur entre la porte de Bercy et la porte de <strong>Saint-Ouen<\/strong>. Enfin, notons que l\u2019A86 est enti\u00e8rement bouch\u00e9e, et dans les deux sens entre Saint-Denis et Colombes.<\/p>\n<p class=\" wall-content\">Personnalisez votre actualit\u00e9 en ajoutant vos villes et m\u00e9dias en favori avec <a href=\"https:\/\/moncompte.actu.fr\" title=\"D\u00e9couvez Mon Actu\" rel=\"nofollow noopener\" data-trk=\"{&quot;cta&quot;:{&quot;action&quot;:&quot;https:\\\/\\\/moncompte.actu.fr&quot;,&quot;category&quot;:&quot;mon compte&quot;,&quot;from&quot;:&quot;article footer&quot;,&quot;name&quot;:&quot;Mon actu&quot;,&quot;type&quot;:&quot;cta&quot;}}\" target=\"_blank\">Mon Actu<\/a>.<\/p>\n","protected":false},"excerpt":{"rendered":"Par Thomas Rideau Publi\u00e9 le 18 nov. 2025 \u00e0 18h20 Circulation chaotique sur les routes d\u2019\u00cele-de-France, ce mardi&hellip;\n","protected":false},"author":2,"featured_media":543365,"comment_status":"","ping_status":"","sticky":false,"template":"","format":"standard","meta":{"footnotes":""},"categories":[1888],"tags":[11,6427,1777,674,1011,27,803,12,626,25,104],"class_list":{"0":"post-543364","1":"post","2":"type-post","3":"status-publish","4":"format-standard","5":"has-post-thumbnail","7":"category-paris","8":"tag-actualites","9":"tag-bison-fute","10":"tag-eu","11":"tag-europe","12":"tag-fr","13":"tag-france","14":"tag-info-trafic","15":"tag-news","16":"tag-paris","17":"tag-republique-francaise","18":"tag-societe"},"share_on_mastodon":{"url":"https:\/\/pubeurope.com\/@fr\/115573008949654748","error":""},"_links":{"self":[{"href":"https:\/\/www.europesays.com\/fr\/wp-json\/wp\/v2\/posts\/543364","targetHints":{"allow":["GET"]}}],"collection":[{"href":"https:\/\/www.europesays.com\/fr\/wp-json\/wp\/v2\/posts"}],"about":[{"href":"https:\/\/www.europesays.com\/fr\/wp-json\/wp\/v2\/types\/post"}],"author":[{"embeddable":true,"href":"https:\/\/www.europesays.com\/fr\/wp-json\/wp\/v2\/users\/2"}],"replies":[{"embeddable":true,"href":"https:\/\/www.europesays.com\/fr\/wp-json\/wp\/v2\/comments?post=543364"}],"version-history":[{"count":0,"href":"https:\/\/www.europesays.com\/fr\/wp-json\/wp\/v2\/posts\/543364\/revisions"}],"wp:featuredmedia":[{"embeddable":true,"href":"https:\/\/www.europesays.com\/fr\/wp-json\/wp\/v2\/media\/543365"}],"wp:attachment":[{"href":"https:\/\/www.europesays.com\/fr\/wp-json\/wp\/v2\/media?parent=543364"}],"wp:term":[{"taxonomy":"category","embeddable":true,"href":"https:\/\/www.europesays.com\/fr\/wp-json\/wp\/v2\/categories?post=543364"},{"taxonomy":"post_tag","embeddable":true,"href":"https:\/\/www.europesays.com\/fr\/wp-json\/wp\/v2\/tags?post=543364"}],"curies":[{"name":"wp","href":"https:\/\/api.w.org\/{rel}","templated":true}]}}