{"id":543366,"date":"2025-11-18T22:15:18","date_gmt":"2025-11-18T22:15:18","guid":{"rendered":"https:\/\/www.europesays.com\/fr\/543366\/"},"modified":"2025-11-18T22:15:18","modified_gmt":"2025-11-18T22:15:18","slug":"furieux-en-plein-paris-paul-belmondo-sen-prend-a-anne-hidalgo","status":"publish","type":"post","link":"https:\/\/www.europesays.com\/fr\/543366\/","title":{"rendered":"furieux en plein Paris, Paul Belmondo s\u2019en prend \u00e0 Anne Hidalgo"},"content":{"rendered":"<p>                                    <img decoding=\"async\" src=\"https:\/\/www.europesays.com\/fr\/wp-content\/uploads\/2025\/11\/7a95b0f9cc5536eb31c9457cba736a4ee520279914fd6f4955dc0f087895dc40.jpg\" alt=\"GALA VID\u00c9O - Famille Belmondo\u00a0: ce qu'il faut conna\u00eetre\" class=\"a11y-hidden\" fetchpriority=\"high\"\/><\/p>\n<p class=\"fig-standfirst\">\n    Ce mardi 18 novembre, dans une vid\u00e9o publi\u00e9e sur son compte Instagram, Paul Belmondo s\u2019en est pris \u00e0 Anne Hidalgo, la maire de Paris, pour une raison bien particuli\u00e8re. Voici laquelle.<\/p>\n<p class=\"fig-paragraph\"><a href=\"http:\/\/www.gala.fr\/l_actu\/news_de_stars\/il-y-aura-toujours-des-fabulateurs-paul-et-luana-belmondo-furieux-ils-retablissent-une-verite-familiale-20251006\" data-fig-type=\"Article\" data-gtm-custom-categorie=\"navigation\" data-gtm-custom-action=\"crossclick\" data-gtm-custom-label=\"Contextuel\" data-gtm-event=\"customEventSPE\" data-fig-domain=\"GALA\" target=\"_blank\" rel=\"noopener\">Paul Belmondo est furieux<\/a>. Ce mardi 18 novembre, dans une vid\u00e9o publi\u00e9e sur son compte Instagram, l\u2019acteur de 62 ans a pouss\u00e9 un coup de gueule contre\u00a0<a href=\"http:\/\/www.gala.fr\/l_actu\/news_de_stars\/anne-hidalgo-la-tete-deja-loin-de-paris-son-attitude-fait-jaser-elle-n-est-plus-jamais-la-20251115\" data-fig-type=\"Article\" data-gtm-custom-categorie=\"navigation\" data-gtm-custom-action=\"crossclick\" data-gtm-custom-label=\"Contextuel\" data-gtm-event=\"customEventSPE\" data-fig-domain=\"GALA\" target=\"_blank\" rel=\"noopener\">Anne Hidalgo, la maire de Paris<\/a>. La raison\u00a0? Il lui reproche le prix exorbitant des stationnements dans la capitale. \u00abPetit message pour la mairie de Paris. Merci, hein. C\u2019est g\u00e9nial. J\u2019ai achet\u00e9 un v\u00e9hicule \u00e9lectrique, c\u2019est super. Une R5, vous savez, une petite voiture, elle p\u00e8se 1 tonne 950. Je viens de payer le stationnement\u00a0: 12,50 euros de l\u2019heure. C\u2019est \u00e7a\u00a0? Je vous remercie\u00bb, a-t-il d\u00e9clar\u00e9, avec ironie. Avant d\u2019ajouter\u00a0: \u00ab\u00c7a me fait mal au c*l, mais merci. Et vive la mairie de Paris. Continuez Hidalgo\u00bb. Une prise de position qui a fait r\u00e9agir les internautes.<\/p>\n<p class=\"fig-paragraph\">Dans les commentaires de cette publication, on peut lire\u00a0: \u00abSinc\u00e8rement si on joue le jeu de l\u2019\u00e9cologie, nous ne devrions pas payer le stationnement, mais le pire, ce sont les 2 bornes de recharge pour 1000 v\u00e9hicules et qui souvent ne fonctionnent pas\u00bb, \u00abJe me demande quand les prix vont baisser \u00e0 Paris\u00a0? C\u2019est exorbitant\u00bb, \u00abJ\u2019ai eu la m\u00eame surprise il y a quelques mois. Ma voiture p\u00e8se 1599 kg et la limite pour \u00eatre consid\u00e9r\u00e9 comme un poids lourd est 1600 kg. Finalement 12\u20ac de l\u2019heure pour stationner&#8230;\u00bb, \u00abJe croyais que le stationnement \u00e9tait gratuit pour les v\u00e9hicules \u00e9lectriques\u00bb.\u00a0<a href=\"http:\/\/www.gala.fr\/l_actu\/news_de_stars\/paul-belmondo-frappe-par-le-deuil-son-message-bouleversant-je-peux-difficilement-le-croire-20251008\" data-fig-type=\"Article\" data-gtm-custom-categorie=\"navigation\" data-gtm-custom-action=\"crossclick\" data-gtm-custom-label=\"Contextuel\" data-gtm-event=\"customEventSPE\" data-fig-domain=\"GALA\" target=\"_blank\" rel=\"noopener\">Paul Belmondo, frapp\u00e9 par le deuil<\/a>, a lui-m\u00eame comment\u00e9 sa vid\u00e9o avec un smiley qui pleure de rire. Pour rappel, d\u2019apr\u00e8s\u00a0<a href=\"https:\/\/www.paris.fr\/pages\/les-autres-offres-de-stationnement-2355\" target=\"_blank\" rel=\"sponsored noopener\" data-gtm-custom-categorie=\"navigation\" data-gtm-custom-action=\"crossclick\" data-gtm-custom-label=\"Contextuel\" data-gtm-event=\"customEventSPE\">le site de la ville de Paris<\/a>, les voitures \u00e9lectriques l\u00e9g\u00e8res (\u2264\u202f2\u202ftonnes) peuvent se garer gratuitement \u00e0 Paris. Les voitures \u00e9lectriques lourdes ( &gt;\u202f2\u202ftonnes) paient 18\u202f\u20ac\/h en centre et 12\u202f\u20ac\/h en p\u00e9riph\u00e9rie. Les scooters et motos \u00e9lectriques sont aussi gratuits avec le droit \u00ab2RM \u00e9lectrique\u00bb.<\/p>\n<p>    <a href=\"#slideshow-header\"><\/p>\n<p class=\"fig-slideshow__title\">\n                    PHOTOS &#8211; Obs\u00e8ques d\u2019Alain Belmondo\u00a0: les enfants et petits-enfants de Jean-Paul unis dans le deuil\n                <\/p>\n<p>    <\/a><\/p>\n<p>                                    <a class=\"fig-a11y-skip a11y-hidden\" href=\"#fig-a11y-skip-main-inarticle\"><br \/>\n        Passer la publicit\u00e9<br \/>\n    <\/a><\/p>\n<p>Paul Belmondo\u00a0: \u201cMadame la ville de Paris, je crois que vous avez besoin d\u2019argent\u201d<\/p>\n<p class=\"fig-paragraph\">Ce n\u2019est pas la premi\u00e8re fois que<a href=\"https:\/\/www.gala.fr\/l_actu\/news_de_stars\/paul-belmondo-regle-ses-comptes-avec-anne-hidalgo-je-crois-que-vous-avez-besoin-dargent_527483\" target=\"_blank\" data-fig-type=\"Article\" rel=\"sponsored noopener\" data-gtm-custom-categorie=\"navigation\" data-gtm-custom-action=\"crossclick\" data-gtm-custom-label=\"Contextuel\" data-gtm-event=\"customEventSPE\" data-fig-domain=\"GALA\">\u00a0Paul Belmondo s\u2019en prend \u00e0 Anne Hidalgo<\/a>. En ao\u00fbt 2023, alors qu\u2019il rentrait sur Paris apr\u00e8s de vacances en famille \u00e0 Cannes, l\u2019acteur avait eu la mauvaise surprise de d\u00e9couvrir dans sa bo\u00eete aux lettres une s\u00e9rie de contraventions qui n\u2019avait, selon lui, pas lieu d\u2019\u00eatre. \u00abMerci la ville de Paris de me faire payer ses contraventions injustifi\u00e9es\u00bb, \u00e9crivait-il en l\u00e9gende d\u2019une vid\u00e9o publi\u00e9e sur son compte Instagram. \u00abNous revenons de vacances, j\u2019ai un v\u00e9hicule hybride \u00e9lectrique enregistr\u00e9 \u00e0 la mairie de Paris tout conforme et jusqu\u2019\u00e0 aujourd\u2019hui, il n\u2019y avait aucun probl\u00e8me pour que l\u2019on ne paye pas en tant que r\u00e9sident le stationnement car il est gratuit\u00bb, expliquait-il. Avant de poursuivre\u00a0: \u00abSauf qu\u2019il y a un bug. Voil\u00e0 trois contraventions pour un v\u00e9hicule qui ne devrait pas en avoir\u00bb. \u00abMadame la ville de Paris, je crois que vous avez besoin d\u2019argent\u00bb, concluait-il avec ironie.<\/p>\n","protected":false},"excerpt":{"rendered":"Ce mardi 18 novembre, dans une vid\u00e9o publi\u00e9e sur son compte Instagram, Paul Belmondo s\u2019en est pris \u00e0&hellip;\n","protected":false},"author":2,"featured_media":543367,"comment_status":"","ping_status":"","sticky":false,"template":"","format":"standard","meta":{"footnotes":""},"categories":[1888],"tags":[11,2618,12232,3254,1777,674,1011,27,12,626,23632,25],"class_list":{"0":"post-543366","1":"post","2":"type-post","3":"status-publish","4":"format-standard","5":"has-post-thumbnail","7":"category-paris","8":"tag-actualites","9":"tag-anne-hidalgo","10":"tag-clash","11":"tag-colere","12":"tag-eu","13":"tag-europe","14":"tag-fr","15":"tag-france","16":"tag-news","17":"tag-paris","18":"tag-paul-belmondo","19":"tag-republique-francaise"},"share_on_mastodon":{"url":"https:\/\/pubeurope.com\/@fr\/115573013466679452","error":""},"_links":{"self":[{"href":"https:\/\/www.europesays.com\/fr\/wp-json\/wp\/v2\/posts\/543366","targetHints":{"allow":["GET"]}}],"collection":[{"href":"https:\/\/www.europesays.com\/fr\/wp-json\/wp\/v2\/posts"}],"about":[{"href":"https:\/\/www.europesays.com\/fr\/wp-json\/wp\/v2\/types\/post"}],"author":[{"embeddable":true,"href":"https:\/\/www.europesays.com\/fr\/wp-json\/wp\/v2\/users\/2"}],"replies":[{"embeddable":true,"href":"https:\/\/www.europesays.com\/fr\/wp-json\/wp\/v2\/comments?post=543366"}],"version-history":[{"count":0,"href":"https:\/\/www.europesays.com\/fr\/wp-json\/wp\/v2\/posts\/543366\/revisions"}],"wp:featuredmedia":[{"embeddable":true,"href":"https:\/\/www.europesays.com\/fr\/wp-json\/wp\/v2\/media\/543367"}],"wp:attachment":[{"href":"https:\/\/www.europesays.com\/fr\/wp-json\/wp\/v2\/media?parent=543366"}],"wp:term":[{"taxonomy":"category","embeddable":true,"href":"https:\/\/www.europesays.com\/fr\/wp-json\/wp\/v2\/categories?post=543366"},{"taxonomy":"post_tag","embeddable":true,"href":"https:\/\/www.europesays.com\/fr\/wp-json\/wp\/v2\/tags?post=543366"}],"curies":[{"name":"wp","href":"https:\/\/api.w.org\/{rel}","templated":true}]}}