{"id":543372,"date":"2025-11-18T22:18:12","date_gmt":"2025-11-18T22:18:12","guid":{"rendered":"https:\/\/www.europesays.com\/fr\/543372\/"},"modified":"2025-11-18T22:18:12","modified_gmt":"2025-11-18T22:18:12","slug":"les-mots-du-pape-devant-la-presse-a-castel-gandolfo","status":"publish","type":"post","link":"https:\/\/www.europesays.com\/fr\/543372\/","title":{"rendered":"les mots du pape devant la presse \u00e0 Castel Gandolfo \u2013"},"content":{"rendered":"<p>Depuis 30 ans, l\u2019agence de presse I.MEDIA analyse l\u2019actualit\u00e9 du Saint-Si\u00e8ge et du pape. Bas\u00e9s \u00e0 Rome, les cinq journalistes de l\u2019agence sont accr\u00e9dit\u00e9s aupr\u00e8s du Bureau de presse du Saint-Si\u00e8ge. Ils suivent le pape dans ses voyages \u00e0 l\u2019\u00e9tranger ainsi que dans ses activit\u00e9s quotidiennes.<\/p>\n<p><strong>I.MEDIA travaille avec trois types de clients :<\/strong><\/p>\n<p>La presse g\u00e9n\u00e9raliste<br \/>La presse confessionnelle<br \/>Des acteurs institutionnels, notamment diplomatiques<\/p>\n<p><strong>L\u2019agence propose un certain nombre de services \u00e9ditoriaux :<\/strong><\/p>\n<p>Un fil d\u2019actualit\u00e9<br \/>Une revue de presse quotidienne<br \/>La couverture des Voyages &amp; \u00e9v\u00e9nements<br \/>Un syst\u00e8me d\u2019alertes<br \/>Un pack conclave<\/p>\n","protected":false},"excerpt":{"rendered":"Depuis 30 ans, l\u2019agence de presse I.MEDIA analyse l\u2019actualit\u00e9 du Saint-Si\u00e8ge et du pape. Bas\u00e9s \u00e0 Rome, les&hellip;\n","protected":false},"author":2,"featured_media":543373,"comment_status":"","ping_status":"","sticky":false,"template":"","format":"standard","meta":{"footnotes":""},"categories":[1589],"tags":[11,73,1866,12,1864,1865,1863,308],"class_list":{"0":"post-543372","1":"post","2":"type-post","3":"status-publish","4":"format-standard","5":"has-post-thumbnail","7":"category-etats-unis","8":"tag-actualites","9":"tag-etats-unis","10":"tag-etats-unis-damerique","11":"tag-news","12":"tag-united-states","13":"tag-united-states-of-america","14":"tag-us","15":"tag-usa"},"share_on_mastodon":{"url":"https:\/\/pubeurope.com\/@fr\/115573024667145884","error":""},"_links":{"self":[{"href":"https:\/\/www.europesays.com\/fr\/wp-json\/wp\/v2\/posts\/543372","targetHints":{"allow":["GET"]}}],"collection":[{"href":"https:\/\/www.europesays.com\/fr\/wp-json\/wp\/v2\/posts"}],"about":[{"href":"https:\/\/www.europesays.com\/fr\/wp-json\/wp\/v2\/types\/post"}],"author":[{"embeddable":true,"href":"https:\/\/www.europesays.com\/fr\/wp-json\/wp\/v2\/users\/2"}],"replies":[{"embeddable":true,"href":"https:\/\/www.europesays.com\/fr\/wp-json\/wp\/v2\/comments?post=543372"}],"version-history":[{"count":0,"href":"https:\/\/www.europesays.com\/fr\/wp-json\/wp\/v2\/posts\/543372\/revisions"}],"wp:featuredmedia":[{"embeddable":true,"href":"https:\/\/www.europesays.com\/fr\/wp-json\/wp\/v2\/media\/543373"}],"wp:attachment":[{"href":"https:\/\/www.europesays.com\/fr\/wp-json\/wp\/v2\/media?parent=543372"}],"wp:term":[{"taxonomy":"category","embeddable":true,"href":"https:\/\/www.europesays.com\/fr\/wp-json\/wp\/v2\/categories?post=543372"},{"taxonomy":"post_tag","embeddable":true,"href":"https:\/\/www.europesays.com\/fr\/wp-json\/wp\/v2\/tags?post=543372"}],"curies":[{"name":"wp","href":"https:\/\/api.w.org\/{rel}","templated":true}]}}