{"id":543378,"date":"2025-11-18T22:21:13","date_gmt":"2025-11-18T22:21:13","guid":{"rendered":"https:\/\/www.europesays.com\/fr\/543378\/"},"modified":"2025-11-18T22:21:13","modified_gmt":"2025-11-18T22:21:13","slug":"radio-france-et-france-televisions-portent-plainte-pour-denigrement-contre-cnews-europe-1-et-le-jdd","status":"publish","type":"post","link":"https:\/\/www.europesays.com\/fr\/543378\/","title":{"rendered":"Radio France et France T\u00e9l\u00e9visions portent plainte pour \u00ab d\u00e9nigrement \u00bb contre CNews, Europe 1 et le JDD"},"content":{"rendered":"<p>AA \/ Istanbul \/ Serap Dogansoy<\/p>\n<p>Radio France et France T\u00e9l\u00e9visions ont assign\u00e9 en justice CNews, Europe 1 et Le Journal du dimanche pour \u00ab d\u00e9nigrement \u00bb. Les deux groupes publics ont d\u00e9pos\u00e9 la semaine derni\u00e8re des plaintes distinctes devant le tribunal de commerce de Paris.<\/p>\n<p>Selon cette source, les dirigeants des deux entreprises publiques se sont concert\u00e9s avant d\u2019engager ces actions, men\u00e9es toutefois s\u00e9par\u00e9ment. Ni Radio France ni France T\u00e9l\u00e9visions n\u2019ont souhait\u00e9 commenter. Contact\u00e9e, la direction d\u2019Europe 1 a indiqu\u00e9 \u00ab ne pas commenter \u00bb.<\/p>\n<p>Cette proc\u00e9dure intervient dans un contexte de fortes tensions entre l\u2019audiovisuel public et plusieurs m\u00e9dias du groupe Vivendi, propri\u00e9t\u00e9 de Vincent Bollor\u00e9. Depuis septembre, CNews, Europe 1 et le JDD critiquent r\u00e9guli\u00e8rement le service public, notamment \u00e0 la suite de la diffusion d\u2019une vid\u00e9o montrant deux journalistes, Thomas Legrand et Patrick Cohen, en discussion avec des responsables du Parti socialiste, affaire qualifi\u00e9e par leurs d\u00e9tracteurs de preuve de \u00ab connivence \u00bb.<\/p>\n<p>Mi-septembre, Radio France et France T\u00e9l\u00e9visions avaient saisi l\u2019Arcom, d\u00e9non\u00e7ant une \u00ab campagne de d\u00e9nigrement \u00bb et transmettant au r\u00e9gulateur un montage d\u2019extraits d\u2019\u00e9missions jug\u00e9s probl\u00e9matiques. L\u2019Arcom avait alors annonc\u00e9 vouloir \u00ab approfondir ses travaux \u00bb sur l\u2019impartialit\u00e9 du service public.<\/p>\n<p>Dans plusieurs interventions publiques, les dirigeantes des deux groupes, Delphine Ernotte (France T\u00e9l\u00e9visions) et Sibyle Veil (Radio France), avaient affirm\u00e9 que les critiques port\u00e9es par les m\u00e9dias concern\u00e9s remettaient en cause la neutralit\u00e9 du service public. Le directeur de CNews, Serge Nedjar, avait d\u00e9nonc\u00e9 en retour les d\u00e9clarations de la pr\u00e9sidente de France T\u00e9l\u00e9visions.<\/p>\n<p>La proc\u00e9dure engag\u00e9e cette semaine marque une nouvelle \u00e9tape dans l\u2019escalade entre les deux ensembles m\u00e9diatiques, dans un climat d\u00e9j\u00e0 tendu depuis la rentr\u00e9e. Les trois m\u00e9dias mis en cause n\u2019ont pas r\u00e9agi publiquement \u00e0 ces assignations.<\/p>\n<p>                            &#13;<br \/>\n                                <a href=\"https:\/\/www.aa.com.tr\/fr\/p\/abonnement\/1001\" target=\"_blank\" style=\"font-size:12px; color:#444; text-decoration:none;\" rel=\"noopener\">&#13;<br \/>\n                                    Seulement une partie des d\u00e9p\u00eaches, que l&rsquo;Agence Anadolu diffuse \u00e0 ses abonn\u00e9s via le Syst\u00e8me de Diffusion interne (HAS), est diffus\u00e9e sur le site de l&rsquo;AA, de mani\u00e8re r\u00e9sum\u00e9e. <b style=\"color:#1897F7\">Contactez-nous s&rsquo;il vous pla\u00eet pour vous abonner.<\/b>&#13;<br \/>\n                                <\/a>&#13;<\/p>\n","protected":false},"excerpt":{"rendered":"AA \/ Istanbul \/ Serap Dogansoy Radio France et France T\u00e9l\u00e9visions ont assign\u00e9 en justice CNews, Europe 1&hellip;\n","protected":false},"author":2,"featured_media":543379,"comment_status":"","ping_status":"","sticky":false,"template":"","format":"standard","meta":{"footnotes":""},"categories":[1586],"tags":[11,1785,9722,1777,674,1473,1011,27,66144,43528,12,2634,10316,25],"class_list":{"0":"post-543378","1":"post","2":"type-post","3":"status-publish","4":"format-standard","5":"has-post-thumbnail","7":"category-europe","8":"tag-actualites","9":"tag-anadolu-ajansi","10":"tag-cnews","11":"tag-eu","12":"tag-europe","13":"tag-europe-1","14":"tag-fr","15":"tag-france","16":"tag-france-tlvisions","17":"tag-jdd","18":"tag-news","19":"tag-plainte","20":"tag-radio-france","21":"tag-republique-francaise"},"share_on_mastodon":{"url":"https:\/\/pubeurope.com\/@fr\/115573036415232369","error":""},"_links":{"self":[{"href":"https:\/\/www.europesays.com\/fr\/wp-json\/wp\/v2\/posts\/543378","targetHints":{"allow":["GET"]}}],"collection":[{"href":"https:\/\/www.europesays.com\/fr\/wp-json\/wp\/v2\/posts"}],"about":[{"href":"https:\/\/www.europesays.com\/fr\/wp-json\/wp\/v2\/types\/post"}],"author":[{"embeddable":true,"href":"https:\/\/www.europesays.com\/fr\/wp-json\/wp\/v2\/users\/2"}],"replies":[{"embeddable":true,"href":"https:\/\/www.europesays.com\/fr\/wp-json\/wp\/v2\/comments?post=543378"}],"version-history":[{"count":0,"href":"https:\/\/www.europesays.com\/fr\/wp-json\/wp\/v2\/posts\/543378\/revisions"}],"wp:featuredmedia":[{"embeddable":true,"href":"https:\/\/www.europesays.com\/fr\/wp-json\/wp\/v2\/media\/543379"}],"wp:attachment":[{"href":"https:\/\/www.europesays.com\/fr\/wp-json\/wp\/v2\/media?parent=543378"}],"wp:term":[{"taxonomy":"category","embeddable":true,"href":"https:\/\/www.europesays.com\/fr\/wp-json\/wp\/v2\/categories?post=543378"},{"taxonomy":"post_tag","embeddable":true,"href":"https:\/\/www.europesays.com\/fr\/wp-json\/wp\/v2\/tags?post=543378"}],"curies":[{"name":"wp","href":"https:\/\/api.w.org\/{rel}","templated":true}]}}