{"id":543380,"date":"2025-11-18T22:22:15","date_gmt":"2025-11-18T22:22:15","guid":{"rendered":"https:\/\/www.europesays.com\/fr\/543380\/"},"modified":"2025-11-18T22:22:15","modified_gmt":"2025-11-18T22:22:15","slug":"sommet-sur-la-souverainete-numerique-europeenne-des-engagements-emblematiques-pour-une-europe-plus-competitive-et-souveraine","status":"publish","type":"post","link":"https:\/\/www.europesays.com\/fr\/543380\/","title":{"rendered":"Sommet sur la souverainet\u00e9 num\u00e9rique europ\u00e9enne : des engagements embl\u00e9matiques pour une Europe plus comp\u00e9titive et souveraine."},"content":{"rendered":"<p>Le Sommet sur la souverainet\u00e9 num\u00e9rique europ\u00e9enne s\u2019est tenu \u00e0 Berlin le 18 novembre. Il a r\u00e9uni plus de 900 d\u00e9cideurs, industriels, investisseurs, chercheurs et repr\u00e9sentants de la soci\u00e9t\u00e9 civile provenant des 27 \u00c9tats membres de l\u2019Union europ\u00e9enne (UE) et des institutions europ\u00e9ennes.\u00a0<\/p>\n<p>Le Sommet a \u00e9t\u00e9 l\u2019occasion de pr\u00e9senter des mesures concr\u00e8tes afin de favoriser des infrastructures et des solutions innovantes au niveau europ\u00e9en et de renforcer notre r\u00e9silience tout en r\u00e9duisant nos d\u00e9pendances technologiques et en prot\u00e9geant nos avoirs strat\u00e9giques. La France et l\u2019Allemagne ont cibl\u00e9 sept domaines strat\u00e9giques prometteurs pour stimuler la comp\u00e9titivit\u00e9 europ\u00e9enne et b\u00e2tir la souverainet\u00e9 num\u00e9rique de l\u2019UE.<br \/>&#13;<br \/>\nSimplification\u00a0\u00a0: la France et l\u2019Allemagne r\u00e9affirment leur volont\u00e9 d\u2019\u00e9laborer un cadre r\u00e9glementaire de l\u2019UE qui soit simple, comp\u00e9titif et favorable \u00e0 l\u2019innovation. En particulier, elles appellent \u00e0 un moratoire de 12 mois sur les dispositions du r\u00e8glement sur l\u2019intelligence artificielle (IA) relatives aux syst\u00e8mes d\u2019IA \u00e0 haut risque et elles demandent instamment \u00e0 la Commission europ\u00e9enne d\u2019int\u00e9grer la simplification souhait\u00e9e du r\u00e8glement g\u00e9n\u00e9ral sur la protection des donn\u00e9es (RGPD) dans le train de mesure sur le num\u00e9rique.<\/p>\n<p>Des march\u00e9s num\u00e9riques plus justes\u00a0\u00a0: des conditions r\u00e9glementaires justes, contestables et comp\u00e9titives sont indispensables pour permettre le d\u00e9veloppement d\u2019une offre europ\u00e9enne sur les march\u00e9s num\u00e9riques strat\u00e9giques. La France et l\u2019Allemagne se f\u00e9licitent de la d\u00e9cision de la Commission europ\u00e9enne de lancer une enqu\u00eate de march\u00e9 sur la d\u00e9signation qualitative des hyper-\u00e9chelles en nuage.<\/p>\n<p>Souverainet\u00e9 des donn\u00e9es\u00a0\u00a0: la sauvegarde des donn\u00e9es les plus sensibles et le contr\u00f4le des technologies num\u00e9riques sont indispensables pour favoriser la stabilit\u00e9 et la croissance \u00e9conomiques ainsi que l\u2019innovation en Europe. Ensemble, la France et l\u2019Allemagne appellent la Commission europ\u00e9enne \u00e0 d\u00e9finir des normes de protection extr\u00eamement strictes pour les donn\u00e9es les plus sensibles, notamment des normes ad\u00e9quates pour prot\u00e9ger les donn\u00e9es face aux risques relevant de la cybers\u00e9curit\u00e9, en particulier les effets de l\u00e9gislations extraterritoriales adopt\u00e9es hors de l\u2019UE et l\u2019utilisation obligatoire de technologies prot\u00e9geant mieux la vie priv\u00e9e, s\u2019approchant au plus pr\u00e8s du cadre europ\u00e9en de la cybers\u00e9curit\u00e9.<\/p>\n<p>Communs num\u00e9riques\u00a0\u00a0: la France et l\u2019Allemagne soutiennent le d\u00e9veloppement des communs num\u00e9riques en cr\u00e9ant avec les Pays-Bas et l\u2019Italie le consortium pour une infrastructure num\u00e9rique europ\u00e9enne &#8211; communs num\u00e9riques.\u00a0<\/p>\n<p>Infrastructures num\u00e9riques publiques et outils de source ouverte pour l\u2019administration publique\u00a0\u00a0: la France et l\u2019Allemagne soutiennent fermement le d\u00e9veloppement du portefeuille europ\u00e9en d\u2019identit\u00e9 num\u00e9rique qui constitue un moyen prot\u00e9g\u00e9, fiable et s\u00fbr d\u2019identification num\u00e9rique pour les citoyens europ\u00e9ens et la cl\u00e9 de vo\u00fbte de la souverainet\u00e9 num\u00e9rique de l\u2019Europe. La France et l\u2019Allemagne s\u2019engagent \u00e9galement \u00e0 d\u00e9velopper l\u2019utilisation des outils de source ouverte dans leurs administrations en s\u2019appuyant par exemple sur le succ\u00e8s des produits LaSuite\/OpenDesk qu\u2019ils ont d\u00e9velopp\u00e9s conjointement.<\/p>\n<p>Groupe de travail sur la souverainet\u00e9 num\u00e9rique\u00a0\u00a0: la France et l\u2019Allemagne lancent un groupe de travail conjoint sur la souverainet\u00e9 num\u00e9rique europ\u00e9enne. Ce groupe de travail \u0153uvrera \u00e0 la d\u00e9finition commune de services num\u00e9riques europ\u00e9ens. Il concevra \u00e9galement des indicateurs de souverainet\u00e9 en mettant l\u2019accent sur des secteurs essentiels tels que les services en nuage, l\u2019intelligence artificielle et la cybers\u00e9curit\u00e9. L\u2019objectif sera d\u2019\u00e9laborer des mesures concr\u00e8tes pour \u00e9laborer cette d\u00e9finition gr\u00e2ce \u00e0 des instruments europ\u00e9ens pertinents tels que l\u2019aide des \u00c9tats \u00e0 la r\u00e9glementation sectorielle et le Fonds europ\u00e9en pour la comp\u00e9titivit\u00e9. Les r\u00e9sultats de ses travaux seront pr\u00e9sent\u00e9s lors du Conseil des ministres franco-allemand en 2026.<\/p>\n<p>Intelligence artificielle europ\u00e9enne d\u2019avant-garde\u00a0\u00a0: la France et l\u2019Allemagne souhaitent favoriser une innovation de rupture dans l\u2019IA d\u2019avant-garde. Ensemble, elles veulent cr\u00e9er un environnement de premier plan international pour le d\u00e9veloppement public-priv\u00e9 de l\u2019IA d\u2019avant-garde en Europe.<\/p>\n<p>Le Sommet a repr\u00e9sent\u00e9 une plateforme importante de coordination et de mobilisation d\u2019investissements du secteur priv\u00e9. La France et l\u2019Allemagne se f\u00e9licitent de l\u2019attachement \u00e0 la souverainet\u00e9 num\u00e9rique manifest\u00e9 par les entreprises technologiques europ\u00e9ennes de pointe.\u00a0<\/p>\n<p>Le Chancelier allemand, Friedrich Merz, a d\u00e9clar\u00e9\u00a0\u00a0:<\/p>\n<p>\u00ab Le Sommet marque une \u00e9tape importante sur la voie d\u2019une Europe num\u00e9rique plus souveraine, plus s\u00fbre et plus comp\u00e9titive. Je tiens \u00e0 remercier la France de travailler avec nous dans cet objectif. Pour l\u2019Europe, la souverainet\u00e9 num\u00e9rique, c\u2019est la capacit\u00e9 \u00e0 fa\u00e7onner la technologie sur toute la cha\u00eene de valeur en tenant compte des int\u00e9r\u00eats et des besoins europ\u00e9ens. Notre objectif est la concurrence sur un pied d\u2019\u00e9galit\u00e9, sans exclure personne. En tant que communaut\u00e9 d\u2019\u00c9tats, nous devons harmoniser en cons\u00e9quence nos cadres juridiques, ainsi que nos proc\u00e9dures de march\u00e9s publics et d\u2019investissements. Je tiens \u00e9galement \u00e0 remercier les dirigeants des entreprises technologiques europ\u00e9ennes qui ont uni leurs forces aux n\u00f4tres aujourd\u2019hui et annonc\u00e9 un large \u00e9ventail de projets entres entreprises fran\u00e7aises et allemandes. Je me r\u00e9jouis vivement de l\u2019annonce par nos entreprises d\u2019investissements de plus de 12 milliards d\u2019euros dans les technologies cl\u00e9s. C\u2019est l\u00e0 un signal important\u00a0\u00a0: l\u2019Europe sera \u00e0 la hauteur. \u00bb<\/p>\n<p>Le Pr\u00e9sident fran\u00e7ais, Emmanuel Macron, a d\u00e9clar\u00e9\u00a0\u00a0:<\/p>\n<p>\u00ab Le Sommet sur la souverainet\u00e9 num\u00e9rique adresse un message clair\u00a0\u00a0: l\u2019Europe a tout pour \u00eatre \u00e0 l\u2019avant-garde de l\u2019\u00e8re num\u00e9rique. Aux c\u00f4t\u00e9s de l\u2019Allemagne et dans le prolongement du Sommet pour l\u2019action sur l\u2019intelligence artificielle qui s\u2019est tenu \u00e0 Paris au d\u00e9but de l\u2019ann\u00e9e, ce sommet apporte des progr\u00e8s concrets. L\u2019Europe redouble d\u2019efforts pour acc\u00e9l\u00e9rer le rythme de l\u2019innovation europ\u00e9enne, maintenir une protection des donn\u00e9es tr\u00e8s forte et demander des conditions de march\u00e9 \u00e9quitables. Ce sommet symbolise \u00e9galement une convergence historique de nos entreprises nationales championnes de l\u2019IA et des technologies num\u00e9riques et montre que la coop\u00e9ration transfrontali\u00e8re n\u2019est pas seulement une aspiration, mais un imp\u00e9ratif strat\u00e9gique. Les acteurs priv\u00e9s et publics doivent d\u00e9sormais intensifier leurs efforts pour d\u00e9velopper et adopter des technologies europ\u00e9ennes. \u00bb<\/p>\n","protected":false},"excerpt":{"rendered":"Le Sommet sur la souverainet\u00e9 num\u00e9rique europ\u00e9enne s\u2019est tenu \u00e0 Berlin le 18 novembre. Il a r\u00e9uni plus&hellip;\n","protected":false},"author":2,"featured_media":31,"comment_status":"","ping_status":"","sticky":false,"template":"","format":"standard","meta":{"footnotes":""},"categories":[1586],"tags":[11,13,1777,674,1779,1011,27,14,12,66145,25,104,1778,364],"class_list":{"0":"post-543380","1":"post","2":"type-post","3":"status-publish","4":"format-standard","5":"has-post-thumbnail","7":"category-europe","8":"tag-actualites","9":"tag-communique-de-presse","10":"tag-eu","11":"tag-europe","12":"tag-european-union","13":"tag-fr","14":"tag-france","15":"tag-international","16":"tag-news","17":"tag-recherche-et-innovation","18":"tag-republique-francaise","19":"tag-societe","20":"tag-ue","21":"tag-union-europeenne"},"share_on_mastodon":{"url":"https:\/\/pubeurope.com\/@fr\/115573040426049136","error":""},"_links":{"self":[{"href":"https:\/\/www.europesays.com\/fr\/wp-json\/wp\/v2\/posts\/543380","targetHints":{"allow":["GET"]}}],"collection":[{"href":"https:\/\/www.europesays.com\/fr\/wp-json\/wp\/v2\/posts"}],"about":[{"href":"https:\/\/www.europesays.com\/fr\/wp-json\/wp\/v2\/types\/post"}],"author":[{"embeddable":true,"href":"https:\/\/www.europesays.com\/fr\/wp-json\/wp\/v2\/users\/2"}],"replies":[{"embeddable":true,"href":"https:\/\/www.europesays.com\/fr\/wp-json\/wp\/v2\/comments?post=543380"}],"version-history":[{"count":0,"href":"https:\/\/www.europesays.com\/fr\/wp-json\/wp\/v2\/posts\/543380\/revisions"}],"wp:featuredmedia":[{"embeddable":true,"href":"https:\/\/www.europesays.com\/fr\/wp-json\/wp\/v2\/media\/31"}],"wp:attachment":[{"href":"https:\/\/www.europesays.com\/fr\/wp-json\/wp\/v2\/media?parent=543380"}],"wp:term":[{"taxonomy":"category","embeddable":true,"href":"https:\/\/www.europesays.com\/fr\/wp-json\/wp\/v2\/categories?post=543380"},{"taxonomy":"post_tag","embeddable":true,"href":"https:\/\/www.europesays.com\/fr\/wp-json\/wp\/v2\/tags?post=543380"}],"curies":[{"name":"wp","href":"https:\/\/api.w.org\/{rel}","templated":true}]}}