{"id":543386,"date":"2025-11-18T22:28:11","date_gmt":"2025-11-18T22:28:11","guid":{"rendered":"https:\/\/www.europesays.com\/fr\/543386\/"},"modified":"2025-11-18T22:28:11","modified_gmt":"2025-11-18T22:28:11","slug":"top-14-entre-fabien-gengenbacher-et-lyon-cest-officiellement-termine","status":"publish","type":"post","link":"https:\/\/www.europesays.com\/fr\/543386\/","title":{"rendered":"Top 14 \u2013 Entre Fabien Gengenbacher et Lyon, c\u2019est officiellement termin\u00e9"},"content":{"rendered":"<p>\n                Le Lou et Fabien Gengenbacher ont d\u00e9cid\u00e9 \u00ab\u00a0de mettre un terme \u00e0 leur collaboration\u00a0\u00bb. Arriv\u00e9 dans le Rh\u00f4ne en 2023, l\u2019ancien technicien de Grenoble avait depuis vu son r\u00f4le largement \u00e9voluer avec les arriv\u00e9es de Jono Gibbes puis Karim Ghezal.\n            <\/p>\n<p>L\u2019histoire n\u2019aura finalement dur\u00e9 que deux ans. Le <strong><a href=\"https:\/\/www.rugbyrama.fr\/equipe\/lyon-lou\/\" target=\"_self\" rel=\"nofollow noopener\">Lou <\/a><\/strong>a officialis\u00e9 ce mardi la fin de sa collaboration avec Fabien Gengenbacher. Arriv\u00e9 en 2023 de Grenoble, il devait initialement occuper les r\u00f4les de manager et de directeur sportif, aupr\u00e8s de l\u2019\u00e9quipe premi\u00e8re. Mais apr\u00e8s un tr\u00e8s mauvais d\u00e9but d\u2019exercice 2024-2025, c\u2019est Karim Ghezal, tout juste \u00e9cart\u00e9 par le <strong><a href=\"https:\/\/www.rugbyrama.fr\/equipe\/stade-francais\/\" target=\"_self\" rel=\"nofollow noopener\">Stade fran\u00e7ais<\/a><\/strong>, qui avait \u00e9t\u00e9 appel\u00e9 pour relancer la machine rhodanienne. Probl\u00e8me, Karim Ghezal ne voulait pas collaborer avec Gengenbacher. Ce dernier a donc vu sa fonction \u00e9voluer, signant ainsi un contrat \u00e0 dur\u00e9e ind\u00e9termin\u00e9e dans un r\u00f4le exclusif de directeur sportif, un r\u00f4le plus transversal au sein du club.<\/p>\n<blockquote data-class=\"twitter-tweet\">\n<p lang=\"fr\" dir=\"ltr\">\\ud83c\\udfc9 Apr\u00e8s plus de 2 ans au LOU Rugby, et un grand travail d\u2019accompagnement des jeunes et de la formation, Fabien Gengenbacher et le LOU Rugby ont d\u00e9cid\u00e9 de mettre un terme \u00e0 leur collaboration. Le club remercie particuli\u00e8rement Fabien pour l\u2019ensemble de ses missions ! <a href=\"https:\/\/t.co\/k5aJhuBIUQ\" rel=\"nofollow\">pic.twitter.com\/k5aJhuBIUQ<\/a><\/p>\n<p>\u2014 LOU Rugby (@LeLOURugby) <a href=\"https:\/\/twitter.com\/LeLOURugby\/status\/1990798462883975381?ref_src=twsrc%5Etfw\" rel=\"nofollow noopener\" target=\"_blank\">November 18, 2025<\/a><\/p><\/blockquote>\n<p>Des pros \u00e0 la formation<\/p>\n<p>Dans cette fonction, Fabien Gengenbacher avait davantage en charge la formation des jeunes et la pr\u00e9paration de l\u2019avenir. Il \u00e9tait donc moins au contact de l\u2019\u00e9quipe premi\u00e8re. C\u2019est d\u2019ailleurs en ce sens que le Lou a d\u00e9cid\u00e9 de louer son apport, en annon\u00e7ant son d\u00e9part\u00a0: \u00ab\u00a0Apr\u00e8s plus de deux ans au LOU Rugby, et un grand travail d\u2019accompagnement des jeunes et de la formation, Fabien Gengenbacher et le LOU Rugby ont d\u00e9cid\u00e9 de mettre un terme \u00e0 leur collaboration\u00a0\u00bb peut-on lire dans leur communication. Actuel 12e de <strong><a href=\"https:\/\/www.rugbyrama.fr\/rugby-a-xv\/top-14\/\" target=\"_self\" rel=\"nofollow noopener\">Top 14<\/a><\/strong>, Lyon doit se relancer d\u00e8s ce samedi avec la r\u00e9ception de l\u2019ASM (14h30).<\/p>\n<p>                    <script async src=\"https:\/\/platform.twitter.com\/widgets.js\" charset=\"utf-8\"><\/script><\/p>\n","protected":false},"excerpt":{"rendered":"Le Lou et Fabien Gengenbacher ont d\u00e9cid\u00e9 \u00ab\u00a0de mettre un terme \u00e0 leur collaboration\u00a0\u00bb. Arriv\u00e9 dans le Rh\u00f4ne&hellip;\n","protected":false},"author":2,"featured_media":543387,"comment_status":"","ping_status":"","sticky":false,"template":"","format":"standard","meta":{"footnotes":""},"categories":[1416],"tags":[1011,27,479,1468,60],"class_list":{"0":"post-543386","1":"post","2":"type-post","3":"status-publish","4":"format-standard","5":"has-post-thumbnail","7":"category-rugby","8":"tag-fr","9":"tag-france","10":"tag-rugby","11":"tag-rugby-football","12":"tag-sports"},"share_on_mastodon":{"url":"https:\/\/pubeurope.com\/@fr\/115573063989881924","error":""},"_links":{"self":[{"href":"https:\/\/www.europesays.com\/fr\/wp-json\/wp\/v2\/posts\/543386","targetHints":{"allow":["GET"]}}],"collection":[{"href":"https:\/\/www.europesays.com\/fr\/wp-json\/wp\/v2\/posts"}],"about":[{"href":"https:\/\/www.europesays.com\/fr\/wp-json\/wp\/v2\/types\/post"}],"author":[{"embeddable":true,"href":"https:\/\/www.europesays.com\/fr\/wp-json\/wp\/v2\/users\/2"}],"replies":[{"embeddable":true,"href":"https:\/\/www.europesays.com\/fr\/wp-json\/wp\/v2\/comments?post=543386"}],"version-history":[{"count":0,"href":"https:\/\/www.europesays.com\/fr\/wp-json\/wp\/v2\/posts\/543386\/revisions"}],"wp:featuredmedia":[{"embeddable":true,"href":"https:\/\/www.europesays.com\/fr\/wp-json\/wp\/v2\/media\/543387"}],"wp:attachment":[{"href":"https:\/\/www.europesays.com\/fr\/wp-json\/wp\/v2\/media?parent=543386"}],"wp:term":[{"taxonomy":"category","embeddable":true,"href":"https:\/\/www.europesays.com\/fr\/wp-json\/wp\/v2\/categories?post=543386"},{"taxonomy":"post_tag","embeddable":true,"href":"https:\/\/www.europesays.com\/fr\/wp-json\/wp\/v2\/tags?post=543386"}],"curies":[{"name":"wp","href":"https:\/\/api.w.org\/{rel}","templated":true}]}}