{"id":543388,"date":"2025-11-18T22:29:11","date_gmt":"2025-11-18T22:29:11","guid":{"rendered":"https:\/\/www.europesays.com\/fr\/543388\/"},"modified":"2025-11-18T22:29:11","modified_gmt":"2025-11-18T22:29:11","slug":"arthur-rinderknech-apres-la-defaite-contre-zizou-bergs-et-lelimination-de-la-france-par-la-belgique-en-coupe-davis-ca-fait-mal","status":"publish","type":"post","link":"https:\/\/www.europesays.com\/fr\/543388\/","title":{"rendered":"Arthur Rinderknech, apr\u00e8s la d\u00e9faite contre\u00a0Zizou Bergs et l&rsquo;\u00e9limination de la France par la Belgique en Coupe Davis\u00a0: \u00ab\u00a0\u00c7a fait mal\u00a0\u00bb"},"content":{"rendered":"\n<p class=\"Paragraph__content\" data-v-e14a34bc=\"\"><b>\u00ab\u00a0Si on dit qu&rsquo;on a senti que vous n&rsquo;\u00e9tiez pas aussi frais physiquement que vous l&rsquo;esp\u00e9riez dans un match comme celui-ci&#8230;<br \/><\/b>Je vais vous dire que si on demande \u00e0 tous les joueurs qui sont pr\u00e9sents pour la comp\u00e9tition s&rsquo;ils sont dans une grande fra\u00eecheur, je pense qu&rsquo;il n&rsquo;y en a pas un qui va dire\u00a0: \u00ab\u00a0oui, je suis \u00e0 100\u00a0%, c&rsquo;est vrai\u00a0\u00bb. On est tous sur la derni\u00e8re semaine de l&rsquo;ann\u00e9e, on a tous travaill\u00e9 toute l&rsquo;ann\u00e9e. Maintenant, je me sentais bien. Il n&rsquo;y a pas de probl\u00e8me l\u00e0-dessus. Mais il y a le fait de ne pas avoir r\u00e9ussi \u00e0 matcher son intensit\u00e9 \u00e0 lui, qui est un joueur qui en met beaucoup, qui joue un peu \u00e0 ma fa\u00e7on. Il a plus r\u00e9ussi \u00e0 faire que moi. C&rsquo;est pour \u00e7a qu&rsquo;il gagne ce soir (mardi).<\/p>\n<p>Est-ce que je n&rsquo;ai pas r\u00e9ussi \u00e0 le faire parce que techniquement ou mentalement, je n&rsquo;\u00e9tais pas dans la bonne case pour le r\u00e9aliser\u00a0? Ou est-ce que parce que physiquement, j&rsquo;\u00e9tais un petit peu fatigu\u00e9\u00a0? C&rsquo;est possible aussi. Maintenant, quand tu joues pour l&rsquo;\u00e9quipe, pour le pays, tu n&rsquo;en as rien \u00e0 faire de l&rsquo;\u00e9tat dans lequel tu es. Si tu as un poignet cass\u00e9 ou une raquette cass\u00e9e, tu donnes tout ce que tu as et tu vas chercher au fond de toi pour trouver des solutions. Je n&rsquo;\u00e9tais pas loin sur ce deuxi\u00e8me set. Bravo \u00e0 Zizou.<\/p>\n<p class=\"Paragraph__content\" data-v-e14a34bc=\"\"><b>On sait que vous \u00eates un joueur qui aime beaucoup les comp\u00e9titions par \u00e9quipe. De ce point de vue l\u00e0, est-ce encore plus difficile \u00e0 encaisser\u00a0?<br \/><\/b>Oui, bien s\u00fbr. D\u00e9j\u00e0, les d\u00e9faites toute l&rsquo;ann\u00e9e ne sont pas simples. Encore plus quand tu joues pour une \u00e9quipe, pour des copains, pour un staff, pour un capitaine qui sont exemplaires, qui nous poussent. On a commenc\u00e9 en f\u00e9vrier. On a fait un bon match en Croatie. J&rsquo;ai une pens\u00e9e pour Ben (Bonzi), Pierre Hugues (Herbert) et Gio (Mpetshi Perricard) qui n&rsquo;ont pas jou\u00e9 ce soir. Et \u00e7a me fait mal de ne pas leur avoir donn\u00e9 la chance de jouer.\u00a0\u00bb<\/p>\n","protected":false},"excerpt":{"rendered":"\u00ab\u00a0Si on dit qu&rsquo;on a senti que vous n&rsquo;\u00e9tiez pas aussi frais physiquement que vous l&rsquo;esp\u00e9riez dans un&hellip;\n","protected":false},"author":2,"featured_media":543389,"comment_status":"","ping_status":"","sticky":false,"template":"","format":"standard","meta":{"footnotes":""},"categories":[1415],"tags":[1011,27,60,1467],"class_list":{"0":"post-543388","1":"post","2":"type-post","3":"status-publish","4":"format-standard","5":"has-post-thumbnail","7":"category-tennis","8":"tag-fr","9":"tag-france","10":"tag-sports","11":"tag-tennis"},"share_on_mastodon":{"url":"https:\/\/pubeurope.com\/@fr\/115573067796212819","error":""},"_links":{"self":[{"href":"https:\/\/www.europesays.com\/fr\/wp-json\/wp\/v2\/posts\/543388","targetHints":{"allow":["GET"]}}],"collection":[{"href":"https:\/\/www.europesays.com\/fr\/wp-json\/wp\/v2\/posts"}],"about":[{"href":"https:\/\/www.europesays.com\/fr\/wp-json\/wp\/v2\/types\/post"}],"author":[{"embeddable":true,"href":"https:\/\/www.europesays.com\/fr\/wp-json\/wp\/v2\/users\/2"}],"replies":[{"embeddable":true,"href":"https:\/\/www.europesays.com\/fr\/wp-json\/wp\/v2\/comments?post=543388"}],"version-history":[{"count":0,"href":"https:\/\/www.europesays.com\/fr\/wp-json\/wp\/v2\/posts\/543388\/revisions"}],"wp:featuredmedia":[{"embeddable":true,"href":"https:\/\/www.europesays.com\/fr\/wp-json\/wp\/v2\/media\/543389"}],"wp:attachment":[{"href":"https:\/\/www.europesays.com\/fr\/wp-json\/wp\/v2\/media?parent=543388"}],"wp:term":[{"taxonomy":"category","embeddable":true,"href":"https:\/\/www.europesays.com\/fr\/wp-json\/wp\/v2\/categories?post=543388"},{"taxonomy":"post_tag","embeddable":true,"href":"https:\/\/www.europesays.com\/fr\/wp-json\/wp\/v2\/tags?post=543388"}],"curies":[{"name":"wp","href":"https:\/\/api.w.org\/{rel}","templated":true}]}}