{"id":543396,"date":"2025-11-18T22:36:25","date_gmt":"2025-11-18T22:36:25","guid":{"rendered":"https:\/\/www.europesays.com\/fr\/543396\/"},"modified":"2025-11-18T22:36:25","modified_gmt":"2025-11-18T22:36:25","slug":"lex-directeur-en-marketing-digital-est-devenu-un-photographe-repute","status":"publish","type":"post","link":"https:\/\/www.europesays.com\/fr\/543396\/","title":{"rendered":"l\u2019ex-directeur en marketing digital est devenu un photographe r\u00e9put\u00e9"},"content":{"rendered":"<p>                    Par<br \/>\n        <strong><br \/>\n            <a href=\"https:\/\/actu.fr\/auteur\/maxime-turberville\" title=\"Consulter tous les articles de Maxime Turberville\" target=\"_blank\" rel=\"noopener\">Maxime Turberville<\/a><br \/>\n                    <\/strong><\/p>\n<p>        Publi\u00e9 le<\/p>\n<p>            18 nov. 2025 \u00e0 18h26        <\/p>\n<p><b>Rodolphe Debyser <\/b>est devenu un sp\u00e9cialiste du portrait serr\u00e9 et ses clich\u00e9s sont r\u00e9put\u00e9s. Le 12\u00a0novembre 2025, le photographe professionnel install\u00e9 \u00e0 <b>Domloup (Ille-et-Vilaine)<\/b> a \u00e9t\u00e9 nomm\u00e9 \u00ab\u2009r\u00e9v\u00e9lation de l\u2019ann\u00e9e\u2009\u00bb pour la France par <b>Inspiration Photographer<\/b>, une institution internationale qui distingue les meilleurs artistes du monde de la photographie. C\u2019\u00e9tait \u00e0 l\u2019occasion du concours international <b>Golden Lens Awards 2025.<\/b><\/p>\n<p>Sp\u00e9cialis\u00e9 dans le portrait<\/p>\n<p class=\" wall-content\">\u00ab\u2009Une soixantaine de pays y ont particip\u00e9. Je trouvais cela int\u00e9ressant de me confronter \u00e0 ceux qui font de la photo depuis bien plus longtemps que moi\u2009\u00bb, confie Rodolphe Debyser, photographe professionnel depuis seulement 2023.<\/p>\n<p class=\" wall-content\">Cette nomination vient conclure une ann\u00e9e \u00e9maill\u00e9e de r\u00e9compenses, une trentaine au total pour des portraits. Des photos des collections <a href=\"https:\/\/inspirationphotographers.com\/portrait-photographers\/\" target=\"_blank\" rel=\"noopener\">\u00e0 voir notamment sur ce site Internet.<\/a><\/p>\n<p class=\" wall-content\">L\u2019ancien directeur marketing digital dans une entreprise agroalimentaire en Bretagne s\u2019offre ici une <b>belle reconversion<\/b>. \u00ab\u2009Ce type de nomination, cela fait du bien \u00e0 l\u2019ego et cela rassure. Cela me donne encore un peu plus confiance\u2009\u00bb, savoure l\u2019int\u00e9ress\u00e9.<\/p>\n<p class=\" wall-content\">Sp\u00e9cialis\u00e9 dans la macrophotographie (fleurs et insectes), quand il \u00e9tait encore photographe amateur, Rodolphe a d\u00e9cid\u00e9 de s\u2019orienter vers le portrait en devenant professionnel.<\/p>\n<p class=\" wall-content\">\u00ab\u2009En gardant en t\u00eate le souci des d\u00e9tails\u2009\u00bb, pr\u00e9cise-t-il. Apr\u00e8s une formation au <b>Studio Harcourt<\/b>, il s\u2019est consacr\u00e9 au portrait beaut\u00e9. C\u2019est-\u00e0-dire le cosm\u00e9tique et le make-up \u00e0 travers des <b>plans serr\u00e9s sur le visage<\/b>.<\/p>\n<p>    <img   decoding=\"async\" loading=\"lazy\" class=\"size-large\" src=\"https:\/\/www.europesays.com\/fr\/wp-content\/uploads\/2025\/11\/4b8401a74c196d19401a74c1927940v-683x640.jpg\" alt=\"Rodolphe Debyser\" width=\"683\" height=\"640\"\/><br \/>\n    Rodolphe Debyser, photographe professionnel install\u00e9 \u00e0 Domloup (Ille-et-Vilaine), a \u00e9t\u00e9 nomm\u00e9 \u00ab\u2009r\u00e9v\u00e9lation de l\u2019ann\u00e9e\u2009\u00bb lors d\u2019un concours international. \u00a9Rodolphe Debyser<\/p>\n<p>Votre r\u00e9gion, votre actu !<\/p>\n<p>Recevez chaque jour les infos qui comptent pour vous.<\/p>\n<p>\t<a href=\"https:\/\/actu.fr\/newsletter\" class=\"ac-btn ac-btn--corner ac-btn--medium ac-btn--blue800\" target=\"_blank\" rel=\"noopener\">S&rsquo;incrire<\/a><\/p>\n<p>    <img   decoding=\"async\" loading=\"lazy\" class=\"size-large\" src=\"https:\/\/www.europesays.com\/fr\/wp-content\/uploads\/2025\/11\/d39dc1a74c196989dc1a74c198c9dcv-707x640.jpg\" alt=\"Rodolphe Debyser\" width=\"707\" height=\"640\"\/><br \/>\n    Rodolphe Debyser, photographe professionnel install\u00e9 \u00e0 Domloup (Ille-et-Vilaine), a \u00e9t\u00e9 nomm\u00e9 \u00ab\u2009r\u00e9v\u00e9lation de l\u2019ann\u00e9e\u2009\u00bb lors d\u2019un concours international. \u00a9Rodolphe DebyserIl shoote des mannequins du monde entier<\/p>\n<p class=\" wall-content\">Depuis, Rodolphe Debyser shoote des mannequins, des bijoux ou encore des produits de beaut\u00e9.<\/p>\n<p class=\" wall-content\">\u00ab\u2009Je m\u2019y retrouve bien car il y a du contact avec les humains. C\u2019est mieux qu\u2019avec les libellules\u2009\u00bb, sourit celui qui est en couple avec Doroth\u00e9e Philippe, une maquilleuse professionnelle, qui l\u2019accompagne dans ses portraits.<\/p>\n<p class=\" wall-content\">\u00ab\u2009C\u2019est assez exigeant et cela me passionne, autant le travail en studio que le travail de retouche\u2009\u00bb, poursuit celui qui shoote des mannequins du monde entier.<\/p>\n<p>    <img   decoding=\"async\" loading=\"lazy\" class=\"size-large\" src=\"https:\/\/www.europesays.com\/fr\/wp-content\/uploads\/2025\/11\/1284eea74c1963684eea74c192a84ev-819x640.jpg\" alt=\"Rodolphe Debyser\" width=\"819\" height=\"640\"\/><br \/>\n    Rodolphe Debyser, photographe professionnel install\u00e9 \u00e0 Domloup (Ille-et-Vilaine), a \u00e9t\u00e9 nomm\u00e9 \u00ab\u2009r\u00e9v\u00e9lation de l\u2019ann\u00e9e\u2009\u00bb lors d\u2019un concours international. \u00a9Rodolphe Debyser<br \/>\n    <img   decoding=\"async\" loading=\"lazy\" class=\"size-large\" src=\"https:\/\/www.europesays.com\/fr\/wp-content\/uploads\/2025\/11\/413d1ea74c196853d1ea74c19b5ff1v-683x640.jpg\" alt=\"Rodolphe Debyser\" width=\"683\" height=\"640\"\/><br \/>\n    Rodolphe Debyser, photographe professionnel install\u00e9 \u00e0 Domloup (Ille-et-Vilaine), a \u00e9t\u00e9 nomm\u00e9 \u00ab\u2009r\u00e9v\u00e9lation de l\u2019ann\u00e9e\u2009\u00bb lors d\u2019un concours international. \u00a9Rodolphe Debyser<\/p>\n<p class=\" wall-content\">\u00ab\u2009C\u2019est un travail de les diriger. Je suis toujours en qu\u00eate du moment o\u00f9 elle vont l\u00e2cher prise. Elles vont laisser passer un truc tr\u00e8s personnel. C\u2019est une photo entre les photos. Cela fait de <b>super clich\u00e9s<\/b>.\u2009\u00bb<\/p>\n<p class=\" wall-content\">Le photographe prend \u00e9galement plaisir \u00e0 travailler sur la couleur de peau des mod\u00e8les.<\/p>\n<blockquote class=\"ac-article-quote wall-content\">\n<p>Une peau caucasienne ne s\u2019\u00e9claire pas comme une peau noire ou asiatique. Une peau noire est super \u00e0 travailler mais c\u2019est tr\u00e8s tr\u00e8s dur. Il y a un teint et un ton \u00e0 ne pas d\u00e9naturer.<\/p>\n<\/blockquote>\n<p>Des marques de cosm\u00e9tique et un c\u00e9l\u00e8bre joaillier<\/p>\n<p class=\" wall-content\">Deux ans apr\u00e8s avoir lanc\u00e9 son activit\u00e9 comme professionnel, Rodolphe Debyser s\u2019est fait un carnet d\u2019adresses gr\u00e2ce \u00e0 la qualit\u00e9 de ses productions et l\u2019aide d\u2019une mannequin internationale.<\/p>\n<p class=\" wall-content\">Aujourd\u2019hui, il travaille pour des marques de cosm\u00e9tique, pour la presse fran\u00e7aise et \u00e9trang\u00e8re et \u00e9crit des \u00e9ditos. Depuis peu, il collabore avec un c\u00e9l\u00e8bre joaillier parisien situ\u00e9 <b>place Vend\u00f4me<\/b>, dont il ne peut pas donner le nom, pour refaire son catalogue.<\/p>\n<p class=\" wall-content\">\u00c0 ce sujet, il a d\u2019ailleurs une belle histoire \u00e0 raconter. \u00ab\u2009Je fais souvent des books avec de jeunes mannequins. Un peu avant l\u2019\u00e9t\u00e9, j\u2019ai travaill\u00e9 avec l\u2019une d\u2019entre elles. Ensuite, il se trouve ensuite qu\u2019elle a \u00e9t\u00e9 contact\u00e9e par ce joaillier. Ce dernier recherchait un photographe.\u2009\u00bb<\/p>\n<p class=\" wall-content\">Avec ce grand nom de la joaillerie, Rodolphe a travaill\u00e9 sur la production d\u2019une quarantaine de photos.<\/p>\n<p class=\" wall-content\">Prochainement, Rodolphe Debyser va shooter des<b> produits haut de gamme<\/b> qui feront partie de ventes priv\u00e9es. Il va travailler aussi avec une <b>marque de cosm\u00e9tique internationale<\/b> ou encore de la presse f\u00e9minine fran\u00e7aise.<\/p>\n<p class=\" wall-content\">Personnalisez votre actualit\u00e9 en ajoutant vos villes et m\u00e9dias en favori avec <a href=\"https:\/\/moncompte.actu.fr\" title=\"D\u00e9couvez Mon Actu\" rel=\"nofollow noopener\" data-trk=\"{&quot;cta&quot;:{&quot;action&quot;:&quot;https:\\\/\\\/moncompte.actu.fr&quot;,&quot;category&quot;:&quot;mon compte&quot;,&quot;from&quot;:&quot;article footer&quot;,&quot;name&quot;:&quot;Mon actu&quot;,&quot;type&quot;:&quot;cta&quot;}}\" target=\"_blank\">Mon Actu<\/a>.<\/p>\n","protected":false},"excerpt":{"rendered":"Par Maxime Turberville Publi\u00e9 le 18 nov. 2025 \u00e0 18h26 Rodolphe Debyser est devenu un sp\u00e9cialiste du portrait&hellip;\n","protected":false},"author":2,"featured_media":543397,"comment_status":"","ping_status":"","sticky":false,"template":"","format":"standard","meta":{"footnotes":""},"categories":[1358],"tags":[1348,1384,1385,1386,58,59,1011,27,1756,9026,6046,104],"class_list":{"0":"post-543396","1":"post","2":"type-post","3":"status-publish","4":"format-standard","5":"has-post-thumbnail","7":"category-arts-et-design","8":"tag-arts","9":"tag-arts-and-design","10":"tag-arts-et-design","11":"tag-design","12":"tag-divertissement","13":"tag-entertainment","14":"tag-fr","15":"tag-france","16":"tag-photographie","17":"tag-portrait","18":"tag-reconversion","19":"tag-societe"},"share_on_mastodon":{"url":"https:\/\/pubeurope.com\/@fr\/115573096157035274","error":""},"_links":{"self":[{"href":"https:\/\/www.europesays.com\/fr\/wp-json\/wp\/v2\/posts\/543396","targetHints":{"allow":["GET"]}}],"collection":[{"href":"https:\/\/www.europesays.com\/fr\/wp-json\/wp\/v2\/posts"}],"about":[{"href":"https:\/\/www.europesays.com\/fr\/wp-json\/wp\/v2\/types\/post"}],"author":[{"embeddable":true,"href":"https:\/\/www.europesays.com\/fr\/wp-json\/wp\/v2\/users\/2"}],"replies":[{"embeddable":true,"href":"https:\/\/www.europesays.com\/fr\/wp-json\/wp\/v2\/comments?post=543396"}],"version-history":[{"count":0,"href":"https:\/\/www.europesays.com\/fr\/wp-json\/wp\/v2\/posts\/543396\/revisions"}],"wp:featuredmedia":[{"embeddable":true,"href":"https:\/\/www.europesays.com\/fr\/wp-json\/wp\/v2\/media\/543397"}],"wp:attachment":[{"href":"https:\/\/www.europesays.com\/fr\/wp-json\/wp\/v2\/media?parent=543396"}],"wp:term":[{"taxonomy":"category","embeddable":true,"href":"https:\/\/www.europesays.com\/fr\/wp-json\/wp\/v2\/categories?post=543396"},{"taxonomy":"post_tag","embeddable":true,"href":"https:\/\/www.europesays.com\/fr\/wp-json\/wp\/v2\/tags?post=543396"}],"curies":[{"name":"wp","href":"https:\/\/api.w.org\/{rel}","templated":true}]}}