{"id":543400,"date":"2025-11-18T22:39:12","date_gmt":"2025-11-18T22:39:12","guid":{"rendered":"https:\/\/www.europesays.com\/fr\/543400\/"},"modified":"2025-11-18T22:39:12","modified_gmt":"2025-11-18T22:39:12","slug":"alain-souchon-justifie-dans-c-a-vous-sa-recente-declaration-sur-les-electeurs-du-rn","status":"publish","type":"post","link":"https:\/\/www.europesays.com\/fr\/543400\/","title":{"rendered":"Alain Souchon justifie dans \u00abC \u00e0 vous\u00bb sa r\u00e9cente d\u00e9claration sur les \u00e9lecteurs du RN"},"content":{"rendered":"<p>    Alain Souchon dans \u00abC \u00e0 vous\u00bb.<br \/>\n                Capture \u00e9cran France 5.<\/p>\n<p>\n    Le chanteur a cr\u00e9\u00e9 la pol\u00e9mique ce week-end en qualifiant de \u00abcons\u00bb les \u00e9lecteurs du Rassemblement national. Ses fils prennent \u00e9galement ce soir sa d\u00e9fense dans le talk-show de France 5.<\/p>\n<p class=\"fig-paragraph\">\u00abJean Moulin du Caf\u00e9 de Flore\u00bb, comme l\u2019a d\u00e9fini hier soir\u00a0<a href=\"http:\/\/tvmag.lefigaro.fr\/programme-tv\/actu-tele\/les-jean-moulin-du-cafe-de-flore-la-reponse-cinglante-de-pascal-praud-a-alain-souchon-et-jacques-weber-20251117\" target=\"_blank\" data-fig-type=\"Article\" rel=\"noopener\" data-gtm-custom-categorie=\"navigation\" data-gtm-custom-action=\"crossclick\" data-gtm-custom-label=\"Contextuel\" data-gtm-event=\"customEventSPE\" data-fig-domain=\"TVMAG\">Pascal Praud<\/a>\u00a0sur CNews.\u00a0<a href=\"http:\/\/www.lefigaro.fr\/musique\/le-rn-au-pouvoir-en-2027-je-ne-crois-pas-les-francais-assez-cons-lance-alain-souchon-20251115\" target=\"_blank\" data-fig-type=\"Article\" rel=\"noopener\" data-gtm-custom-categorie=\"navigation\" data-gtm-custom-action=\"crossclick\" data-gtm-custom-label=\"Contextuel\" data-gtm-event=\"customEventSPE\" data-fig-domain=\"LEFIGARO\">Les pronostics politiques<\/a>\u00a0d\u2019Alain Souchon vendredi dernier sur RTL ont fait couler beaucoup d\u2019encre. Le chanteur clarifie son propos ce mardi 18 novembre dans\u00a0<a href=\"https:\/\/tvmag.lefigaro.fr\/programme-tv\/programme\/c-a-vous-la-suite-d1898517107\" target=\"_blank\" rel=\"sponsored noopener\" data-gtm-custom-categorie=\"navigation\" data-gtm-custom-action=\"crossclick\" data-gtm-custom-label=\"Contextuel\" data-gtm-event=\"customEventSPE\">\u00abC \u00e0 vous\u00bb<\/a>\u00a0sur France 5.<\/p>\n<p class=\"fig-paragraph\">\u00abJe ne crois pas que les Fran\u00e7ais soient assez cons pour \u00e9lire quelqu\u2019un du Rassemblement national. Si jamais \u00e7a arrivait, on irait en Suisse\u00bb,\u00a0a assur\u00e9 Alain Souchon face \u00e0\u00a0<a href=\"http:\/\/tvmag.lefigaro.fr\/programme-tv\/ce-soir-tele\/une-campagne-de-denigrement-demesuree-et-politique-marc-olivier-fogiel-prend-la-defense-de-lea-salame-20250917\" target=\"_blank\" data-fig-type=\"Article\" rel=\"noopener\" data-gtm-custom-categorie=\"navigation\" data-gtm-custom-action=\"crossclick\" data-gtm-custom-label=\"Contextuel\" data-gtm-event=\"customEventSPE\" data-fig-domain=\"TVMAG\">Marc-Olivier Fogiel<\/a>.<\/p>\n<p>                                    <a class=\"fig-a11y-skip a11y-hidden\" href=\"#fig-a11y-skip-main-inarticle\"><br \/>\n        Passer la publicit\u00e9<br \/>\n    <\/a><\/p>\n<p>D\u00e9fendu par ses fils<\/p>\n<p class=\"fig-paragraph\">\u00abJ\u2019ai eu une \u00e9ducation bourgeoise et on ne doit pas dire \u201ccon\u201d \u00e0 la t\u00e9l\u00e9vision. C\u2019est gros mot\u00bb, reconna\u00eet avec ironie ce soir le chanteur face \u00e0\u00a0<a href=\"http:\/\/tvmag.lefigaro.fr\/programme-tv\/actu-tele\/mais-ce-n-est-pas-possible-la-grosse-bourde-d-anne-elisabeth-lemoine-face-a-vanessa-paradis-20251105\" target=\"_blank\" data-fig-type=\"Article\" rel=\"noopener\" data-gtm-custom-categorie=\"navigation\" data-gtm-custom-action=\"crossclick\" data-gtm-custom-label=\"Contextuel\" data-gtm-event=\"customEventSPE\" data-fig-domain=\"TVMAG\">Anne-Elisabeth Lemoine<\/a>. Il assure qu\u2019il ne \u00abvoulait insulter personne\u00bb avant d\u2019argumenter\u00a0: \u00abOn dit des choses comme \u00e7a. J\u2019ai fait comme si j\u2019\u00e9tais avec des amis, chez moi, alors qu\u2019en fait, on est \u00e0 la t\u00e9l\u00e9vision. Il faut mesurer tout ce qu\u2019on dit.\u00bb<\/p>\n<p class=\"fig-paragraph\">Alain Souchon est venu en famille ce soir dans le talk-show de France 5, avec ses fils Pierre et Charles, alias Ours sur sc\u00e8ne. Ce dernier prend la d\u00e9fense de son p\u00e8re sur l\u2019\u00e9vocation de son possible exil, en cas de victoire du RN\u00a0: \u00abC\u2019\u00e9tait une blague. \u00c0 la fin de l\u2019interview, mon p\u00e8re fait une blague. Jamais mon p\u00e8re ne quittera son pays. Il n\u2019y a m\u00eame jamais pens\u00e9\u00bb.<\/p>\n<blockquote class=\"fig-quote&#10;    \">\n<p class=\"fig-quote__text\">Il a pris la Suisse parce que c\u2019est un clich\u00e9 de l\u2019exil.<\/p>\n<p>            Ours dans \u00abC \u00e0 vous\u00bb\n    <\/p><\/blockquote>\n<p class=\"fig-paragraph\">\u00abJ\u2019aime bien dire des trucs d\u00e9connants\u00bb, confirme Alain Souchon. Ours s\u2019attaque ensuite au \u00abmontage tronqu\u00e9\u00bb qui circule sur les r\u00e9seaux sociaux ou qui est diffus\u00e9 sur les plateaux de t\u00e9l\u00e9vision. Ours cite en faute la cha\u00eene CNews\u00a0: \u00abIls ont vraiment mont\u00e9 la phrase. On croit que mon p\u00e8re pose cette phrase comme une v\u00e9rit\u00e9, comme s\u2019il le disait s\u00e9rieusement. C\u2019est un peu malhonn\u00eate\u00a0\u00bb<\/p>\n<p class=\"fig-paragraph\">\u00abIl a pris la Suisse parce que c\u2019est un clich\u00e9 de l\u2019exil. On n\u2019entend pas les rires derri\u00e8re qui d\u00e9samorcent tout. Tout le monde a ri dans le studio, ce qui montre bien qu\u2019ils ont compris le troisi\u00e8me degr\u00e9\u00bb, conclut-il.<\/p>\n","protected":false},"excerpt":{"rendered":"Alain Souchon dans \u00abC \u00e0 vous\u00bb. Capture \u00e9cran France 5. Le chanteur a cr\u00e9\u00e9 la pol\u00e9mique ce week-end&hellip;\n","protected":false},"author":2,"featured_media":543401,"comment_status":"","ping_status":"","sticky":false,"template":"","format":"standard","meta":{"footnotes":""},"categories":[1355],"tags":[36362,5631,58,59,1011,27,1361,873],"class_list":{"0":"post-543400","1":"post","2":"type-post","3":"status-publish","4":"format-standard","5":"has-post-thumbnail","7":"category-musique","8":"tag-alain-souchon","9":"tag-anne-elisabeth-lemoine","10":"tag-divertissement","11":"tag-entertainment","12":"tag-fr","13":"tag-france","14":"tag-music","15":"tag-musique"},"share_on_mastodon":{"url":"https:\/\/pubeurope.com\/@fr\/115573107397612888","error":""},"_links":{"self":[{"href":"https:\/\/www.europesays.com\/fr\/wp-json\/wp\/v2\/posts\/543400","targetHints":{"allow":["GET"]}}],"collection":[{"href":"https:\/\/www.europesays.com\/fr\/wp-json\/wp\/v2\/posts"}],"about":[{"href":"https:\/\/www.europesays.com\/fr\/wp-json\/wp\/v2\/types\/post"}],"author":[{"embeddable":true,"href":"https:\/\/www.europesays.com\/fr\/wp-json\/wp\/v2\/users\/2"}],"replies":[{"embeddable":true,"href":"https:\/\/www.europesays.com\/fr\/wp-json\/wp\/v2\/comments?post=543400"}],"version-history":[{"count":0,"href":"https:\/\/www.europesays.com\/fr\/wp-json\/wp\/v2\/posts\/543400\/revisions"}],"wp:featuredmedia":[{"embeddable":true,"href":"https:\/\/www.europesays.com\/fr\/wp-json\/wp\/v2\/media\/543401"}],"wp:attachment":[{"href":"https:\/\/www.europesays.com\/fr\/wp-json\/wp\/v2\/media?parent=543400"}],"wp:term":[{"taxonomy":"category","embeddable":true,"href":"https:\/\/www.europesays.com\/fr\/wp-json\/wp\/v2\/categories?post=543400"},{"taxonomy":"post_tag","embeddable":true,"href":"https:\/\/www.europesays.com\/fr\/wp-json\/wp\/v2\/tags?post=543400"}],"curies":[{"name":"wp","href":"https:\/\/api.w.org\/{rel}","templated":true}]}}