{"id":543415,"date":"2025-11-18T22:47:11","date_gmt":"2025-11-18T22:47:11","guid":{"rendered":"https:\/\/www.europesays.com\/fr\/543415\/"},"modified":"2025-11-18T22:47:11","modified_gmt":"2025-11-18T22:47:11","slug":"quimper-un-magistrat-a-la-retraite-tue-par-arme-blanche-a-son-domicile","status":"publish","type":"post","link":"https:\/\/www.europesays.com\/fr\/543415\/","title":{"rendered":"Quimper\u00a0: un magistrat \u00e0 la retraite tu\u00e9 par arme blanche \u00e0 son domicile"},"content":{"rendered":"<p class=\"paragraph text_align_left lp-f-body-02\">Une enqu\u00eate pour meurtre a \u00e9t\u00e9 ouverte apr\u00e8s la d\u00e9couverte d\u2019un magistrat retrait\u00e9, mort \u00e0 son domicile de <a href=\"https:\/\/www.leparisien.fr\/finistere-29\/penurie-de-dentistes-a-lhopital-de-quimper-des-etudiants-en-derniere-annee-pour-assurer-les-urgences-DUEI7DBICRCDTFNQI5VFDWQGMQ.php\" target=\"_self\" rel=\"nofollow noopener\">Quimper<\/a> (<a href=\"https:\/\/www.leparisien.fr\/finistere-29\/\" target=\"_self\" rel=\"nofollow noopener\">Finist\u00e8re<\/a>), avec plusieurs plaies sur le corps.<\/p>\n<p class=\"paragraph text_align_left lp-f-body-02\">L\u2019autopsie pratiqu\u00e9e mardi \u00ab a confirm\u00e9 que le d\u00e9c\u00e8s \u00e9tait cons\u00e9cutif \u00e0 plusieurs plaies par arme blanche \u00bb, indique dans un communiqu\u00e9 la procureure de Quimper C\u00e9cile Flamet. \u00ab L\u2019intervention d\u2019un tiers est, \u00e0 ce stade, l\u2019hypoth\u00e8se privil\u00e9gi\u00e9e \u00bb.<\/p>\n<p class=\"paragraph text_align_left lp-f-body-02\">Le corps d\u2019\u00c9ric S\u00e9v\u00e8re-Jolivet, 61 ans, ancien avocat g\u00e9n\u00e9ral \u00e0 la cour d\u2019appel de Rennes (<a href=\"https:\/\/www.leparisien.fr\/ille-et-vilaine-35\/\" target=\"_self\" rel=\"nofollow noopener\">Ille-et-Vilaine<\/a>), a \u00e9t\u00e9 d\u00e9couvert dimanche dans sa maison de Quimper. Ses papiers d\u2019identit\u00e9 avaient disparu et sa voiture a \u00e9t\u00e9 retrouv\u00e9e accident\u00e9e dans la rue. \u00ab Aucune interpellation n\u2019est intervenue et toutes les pistes sont examin\u00e9es par les enqu\u00eateurs \u00bb, pr\u00e9cise la procureure.<\/p>\n<p class=\"paragraph text_align_left lp-f-body-02\">Des examens m\u00e9dicaux compl\u00e9mentaires doivent encore \u00eatre pratiqu\u00e9s, selon la magistrate, qui pr\u00e9cise que \u00ab de nombreuses investigations de police technique et scientifique sont en cours, notamment dans le v\u00e9hicule de la victime \u00bb. L\u2019enqu\u00eate criminelle a \u00e9t\u00e9 confi\u00e9e \u00e0 la Division de la criminalit\u00e9 organis\u00e9e et sp\u00e9cialis\u00e9e (ex-PJ) de la police du Finist\u00e8re.<\/p>\n<p class=\"lp-card-podcast-highlighting__title  lp-f-subtitle-05\">[2\/2] Mus\u00e9e Marmottan\u00a0: le vol spectaculaire d\u2019un chef-d\u2019\u0153uvre de Monet<\/p>\n<p class=\"lp-card-podcast-highlighting__description lp-f-ui-05\">Crime story raconte chaque semaine les grandes affaires criminelles.<\/p>\n<p><a class=\"lp-card-podcast-highlighting__call-to-action\" data-page-type=\"HP\" data-block-name=\"podcast-highlight\">\u00c9couter<\/a>Minute de silence<\/p>\n<p class=\"paragraph text_align_left lp-f-body-02\">\u00c9ric S\u00e9v\u00e8re-Jolivet \u00e9tait \u00e0 la retraite depuis le 1er janvier 2025. Il avait commenc\u00e9 sa vie professionnelle comme commis greffier, avant d\u2019int\u00e9grer l\u2019\u00c9cole nationale de la magistrature (ENM) puis de devenir juge des enfants \u00e0 Brest.<\/p>\n<p class=\"paragraph text_align_left lp-f-body-02\">Il a notamment \u00e9t\u00e9 juge d\u2019instruction \u00e0 <a href=\"https:\/\/www.leparisien.fr\/faits-divers\/trafic-de-drogue-entre-cayenne-et-paris-24-kg-de-cocaine-100-000-euros-saisis-et-six-suspects-ecroues-30-06-2025-HSS65XYZMZG7LFURXZVCKXZVNU.php\" target=\"_self\" rel=\"nofollow noopener\">Cayenne<\/a> (Guyane), charg\u00e9 de formation \u00e0 l\u2019ENM, vice-pr\u00e9sident de tribunal \u00e0 Papeete (Tahiti), substitut g\u00e9n\u00e9ral au parquet g\u00e9n\u00e9ral de Paris puis avocat g\u00e9n\u00e9ral \u00e0 la cour d\u2019appel de Rennes.<\/p>\n<p class=\"paragraph text_align_left lp-f-body-02\">Le procureur g\u00e9n\u00e9ral de Rennes, Thierry Pocquet du Haut-Juss\u00e9, a fait respecter une minute de silence en sa m\u00e9moire lundi, lors de la r\u00e9union des magistrats du parquet g\u00e9n\u00e9ral.<\/p>\n","protected":false},"excerpt":{"rendered":"Une enqu\u00eate pour meurtre a \u00e9t\u00e9 ouverte apr\u00e8s la d\u00e9couverte d\u2019un magistrat retrait\u00e9, mort \u00e0 son domicile de&hellip;\n","protected":false},"author":2,"featured_media":420238,"comment_status":"","ping_status":"","sticky":false,"template":"","format":"standard","meta":{"footnotes":""},"categories":[4],"tags":[11,459,118,1011,27,12,25],"class_list":{"0":"post-543415","1":"post","2":"type-post","3":"status-publish","4":"format-standard","5":"has-post-thumbnail","7":"category-france","8":"tag-actualites","9":"tag-departements-horsidfo","10":"tag-faits-divers","11":"tag-fr","12":"tag-france","13":"tag-news","14":"tag-republique-francaise"},"share_on_mastodon":{"url":"https:\/\/pubeurope.com\/@fr\/115573138738691236","error":""},"_links":{"self":[{"href":"https:\/\/www.europesays.com\/fr\/wp-json\/wp\/v2\/posts\/543415","targetHints":{"allow":["GET"]}}],"collection":[{"href":"https:\/\/www.europesays.com\/fr\/wp-json\/wp\/v2\/posts"}],"about":[{"href":"https:\/\/www.europesays.com\/fr\/wp-json\/wp\/v2\/types\/post"}],"author":[{"embeddable":true,"href":"https:\/\/www.europesays.com\/fr\/wp-json\/wp\/v2\/users\/2"}],"replies":[{"embeddable":true,"href":"https:\/\/www.europesays.com\/fr\/wp-json\/wp\/v2\/comments?post=543415"}],"version-history":[{"count":0,"href":"https:\/\/www.europesays.com\/fr\/wp-json\/wp\/v2\/posts\/543415\/revisions"}],"wp:featuredmedia":[{"embeddable":true,"href":"https:\/\/www.europesays.com\/fr\/wp-json\/wp\/v2\/media\/420238"}],"wp:attachment":[{"href":"https:\/\/www.europesays.com\/fr\/wp-json\/wp\/v2\/media?parent=543415"}],"wp:term":[{"taxonomy":"category","embeddable":true,"href":"https:\/\/www.europesays.com\/fr\/wp-json\/wp\/v2\/categories?post=543415"},{"taxonomy":"post_tag","embeddable":true,"href":"https:\/\/www.europesays.com\/fr\/wp-json\/wp\/v2\/tags?post=543415"}],"curies":[{"name":"wp","href":"https:\/\/api.w.org\/{rel}","templated":true}]}}