{"id":543420,"date":"2025-11-18T22:49:26","date_gmt":"2025-11-18T22:49:26","guid":{"rendered":"https:\/\/www.europesays.com\/fr\/543420\/"},"modified":"2025-11-18T22:49:26","modified_gmt":"2025-11-18T22:49:26","slug":"villars-soiree-beaujolais-nouveau-et-concert-gratuit","status":"publish","type":"post","link":"https:\/\/www.europesays.com\/fr\/543420\/","title":{"rendered":"Villars. Soir\u00e9e beaujolais nouveau et concert gratuit"},"content":{"rendered":"<p>Dans la continuit\u00e9 du r\u00e9cent salon du chocolat, le comit\u00e9 des f\u00eates organise une nouvelle soir\u00e9e ce jeudi.<\/p>\n<p>Les participants pourront d\u00e9couvrir, le beaujolais nouveau 2025, accompagn\u00e9 de planches de charcuterie et de fromages. L\u2019animation musicale sera assur\u00e9e par Apex music club, groupe de blues st\u00e9phanois bien connu.<\/p>\n<p>La soir\u00e9e, ouverte \u00e0 tous et gratuite, d\u00e9butera \u00e0 19 heures \u00e0 la salle de la Lib\u00e9ration. Une tombola viendra \u00e9galement ponctuer l\u2019\u00e9v\u00e9nement. Les organisateurs esp\u00e8rent ainsi r\u00e9unir habitants et visiteurs autour d\u2019un moment festif.<\/p>\n","protected":false},"excerpt":{"rendered":"Dans la continuit\u00e9 du r\u00e9cent salon du chocolat, le comit\u00e9 des f\u00eates organise une nouvelle soir\u00e9e ce jeudi.&hellip;\n","protected":false},"author":2,"featured_media":30227,"comment_status":"","ping_status":"","sticky":false,"template":"","format":"standard","meta":{"footnotes":""},"categories":[9653],"tags":[1111,11,2430,1687,7539,1777,674,1685,1011,27,12,25,4001,9664,10246],"class_list":{"0":"post-543420","1":"post","2":"type-post","3":"status-publish","4":"format-standard","5":"has-post-thumbnail","7":"category-saint-etienne","8":"tag-actu","9":"tag-actualites","10":"tag-auvergne-rhone-alpes","11":"tag-culture-loisirs","12":"tag-edition-loire-sud","13":"tag-eu","14":"tag-europe","15":"tag-foire-et-salon","16":"tag-fr","17":"tag-france","18":"tag-news","19":"tag-republique-francaise","20":"tag-saint-etienne","21":"tag-saint-etienne-bassin","22":"tag-villars"},"share_on_mastodon":{"url":"https:\/\/pubeurope.com\/@fr\/115573146674257610","error":""},"_links":{"self":[{"href":"https:\/\/www.europesays.com\/fr\/wp-json\/wp\/v2\/posts\/543420","targetHints":{"allow":["GET"]}}],"collection":[{"href":"https:\/\/www.europesays.com\/fr\/wp-json\/wp\/v2\/posts"}],"about":[{"href":"https:\/\/www.europesays.com\/fr\/wp-json\/wp\/v2\/types\/post"}],"author":[{"embeddable":true,"href":"https:\/\/www.europesays.com\/fr\/wp-json\/wp\/v2\/users\/2"}],"replies":[{"embeddable":true,"href":"https:\/\/www.europesays.com\/fr\/wp-json\/wp\/v2\/comments?post=543420"}],"version-history":[{"count":0,"href":"https:\/\/www.europesays.com\/fr\/wp-json\/wp\/v2\/posts\/543420\/revisions"}],"wp:featuredmedia":[{"embeddable":true,"href":"https:\/\/www.europesays.com\/fr\/wp-json\/wp\/v2\/media\/30227"}],"wp:attachment":[{"href":"https:\/\/www.europesays.com\/fr\/wp-json\/wp\/v2\/media?parent=543420"}],"wp:term":[{"taxonomy":"category","embeddable":true,"href":"https:\/\/www.europesays.com\/fr\/wp-json\/wp\/v2\/categories?post=543420"},{"taxonomy":"post_tag","embeddable":true,"href":"https:\/\/www.europesays.com\/fr\/wp-json\/wp\/v2\/tags?post=543420"}],"curies":[{"name":"wp","href":"https:\/\/api.w.org\/{rel}","templated":true}]}}