{"id":543446,"date":"2025-11-18T23:08:32","date_gmt":"2025-11-18T23:08:32","guid":{"rendered":"https:\/\/www.europesays.com\/fr\/543446\/"},"modified":"2025-11-18T23:08:32","modified_gmt":"2025-11-18T23:08:32","slug":"le-barreau-de-nice-en-force-au-marathon-international-nice-cannes-2025","status":"publish","type":"post","link":"https:\/\/www.europesays.com\/fr\/543446\/","title":{"rendered":"Le Barreau de Nice en force au Marathon International Nice-Cannes 2025 : (\u2026)"},"content":{"rendered":"<p>                    <img loading=\"lazy\" decoding=\"async\" src=\"https:\/\/www.europesays.com\/fr\/wp-content\/uploads\/2025\/11\/4abcc15a012b88eaf55c445f53389f.jpg\" class=\"img-responsive post-image\" width=\"680\" height=\"510\" alt=\"Le Barreau de Nice en (\u2026)\" title=\" Le Barreau de Nice en force au Marathon International Nice-Cannes 2025 : relais, duos et d\u00e9fis individuels \"\/><\/p>\n<p class=\"chapo\">Le Marathon International de Nice-Cannes, qui s\u2019est tenu dimanche 9 novembre, a une nouvelle fois vu la participation active du Barreau de Nice. Fid\u00e8le \u00e0 ce rendez-vous sportif annuel et en partenariat avec Les Petites Affiches, le Barreau a align\u00e9 cette ann\u00e9e deux \u00e9quipes relais, deux \u00e9quipes en duo (une premi\u00e8re), ainsi que trois coureurs en individuel sur la distance reine du marathon.<\/p>\n<p>                    Des chronos remarquables en duo et en relais<\/p>\n<p>\t\t<img loading=\"lazy\" decoding=\"async\" src=\"https:\/\/www.europesays.com\/fr\/wp-content\/uploads\/2025\/11\/20251109_153050_resized.jpg\" width=\"420\" height=\"560\" alt=\"\"\/><\/p>\n<p>Le  Barreau de Nice est fid\u00e8le \u00e0 ce rendez-vous sportif incontournable\u00a0! \u00a9DR\n<\/p>\n<p>Pour cette \u00e9dition 2025, le Barreau de Nice a innov\u00e9 en pr\u00e9sentant pour la premi\u00e8re fois deux \u00e9quipes en duo, chacune courant un semi-marathon. Les \u00e9quipes relais, compos\u00e9es chacune de trois avocats (<strong>Me Florence Massa, Me Manon Bracco, Me Olivier Bolla et Me B\u00e9r\u00e9nice Totti, Me Pierre-Claver Kamgaing, Me Gregory Fuster<\/strong>), ont une nouvelle fois d\u00e9montr\u00e9 leur esprit d\u2019\u00e9quipe et leur d\u00e9termination\u00a0: la premi\u00e8re \u00e9quipe relais a boucl\u00e9 le marathon en 3h39, tandis que la seconde a franchi la ligne d\u2019arriv\u00e9e en 3h54. Les deux \u00e9quipes en duo ont \u00e9galement r\u00e9alis\u00e9 des temps excellents. Le duo compos\u00e9 de <strong>Me Fr\u00e9d\u00e9ri Candau et Me Dylan Champeau <\/strong> a termin\u00e9 le marathon en 3h45\u201930\u201d, avec des temps respectifs de 2h07 et 1h38 sur le semi-marathon. L\u2019autre duo, form\u00e9 par <strong>Me Camille Dire et Me Cindy Marafico<\/strong>, a r\u00e9alis\u00e9 un chrono exceptionnel de 3h10, se classant \u00e0 la 57e place au g\u00e9n\u00e9ral des relais. Leurs temps respectifs sur le semi-marathon &#8211; 1h27 et 1h42 &#8211; t\u00e9moignent de leur pr\u00e9paration et de leur engagement.<\/p>\n<p>Trois coureurs en individuel, trois belles performances<\/p>\n<p>\t\t<img loading=\"lazy\" decoding=\"async\" src=\"https:\/\/www.europesays.com\/fr\/wp-content\/uploads\/2025\/11\/20251109_073314_resized.jpg\" width=\"420\" height=\"630\" alt=\"\"\/><\/p>\n<p>F\u00e9licitations \u00e0 tous les coureurs pour leurs performances\u00a0! \u00a9DR\n<\/p>\n<p>En individuel, trois avocats du Barreau de Nice ont relev\u00e9 le d\u00e9fi des 42,195 km. <a href=\"https:\/\/www.petitesaffiches.fr\/actualites,069\/droit,044\/marathon-nice-cannes-courir-avec,38350.html\" target=\"_blank\" rel=\"noopener\">Me Nourdine El Attachi<\/a> a r\u00e9alis\u00e9 un temps impressionnant de 3h03, tandis que <strong>Me Lorraine Vitte<\/strong> et <strong>Me Julien Prandi <\/strong>, participant tous les deux pour la premi\u00e8re fois \u00e0 un marathon, ont boucl\u00e9 la distance respectivement en 3h25 et 3h52. <strong>Me Julien Prandi, <\/strong> \u00e9galement pr\u00e9sident de la Commission Sport du Barreau, a salu\u00e9 l\u2019ensemble des participants pour leur engagement\u00a0: \u00ab\u00a0Cette nouvelle \u00e9dition a une nouvelle fois d\u00e9montr\u00e9 la vitalit\u00e9 et la solidarit\u00e9 de notre Barreau. F\u00e9licitations \u00e0 tous les coureurs pour leur performance et leur esprit d\u2019\u00e9quipe\u00a0!\u00a0\u00bb<\/p>\n<p>Le Barreau de Nice confirme, ann\u00e9e apr\u00e8s ann\u00e9e, son attachement \u00e0 allier excellence professionnelle et d\u00e9passement sportif, rendez-vous est d\u00e9j\u00e0 pris pour l\u2019\u00e9dition 2026\u00a0!<\/p>\n<p> <a href=\"https:\/\/www.europesays.com\/fr\/wp-content\/uploads\/2025\/11\/20251109_150800_resized.jpg\" class=\"spip_doc_lien mediabox\" type=\"image\/jpeg\"><br \/>\n\t\t<img loading=\"lazy\" decoding=\"async\" src=\"https:\/\/www.europesays.com\/fr\/wp-content\/uploads\/2025\/11\/20251109_150800_resized.jpg\" width=\"1024\" height=\"768\" alt=\"\"\/><\/a><\/p>\n<p>Une belle r\u00e9colte de m\u00e9dailles \u2019finishers\u2019 pour le Barreau\u00a0! \u00a9DR<\/p>\n","protected":false},"excerpt":{"rendered":"Le Marathon International de Nice-Cannes, qui s\u2019est tenu dimanche 9 novembre, a une nouvelle fois vu la participation&hellip;\n","protected":false},"author":2,"featured_media":543447,"comment_status":"","ping_status":"","sticky":false,"template":"","format":"standard","meta":{"footnotes":""},"categories":[2819],"tags":[1111,11,2408,1777,674,1011,27,12,2401,882,25],"class_list":{"0":"post-543446","1":"post","2":"type-post","3":"status-publish","4":"format-standard","5":"has-post-thumbnail","7":"category-nice","8":"tag-actu","9":"tag-actualites","10":"tag-appels-d","11":"tag-eu","12":"tag-europe","13":"tag-fr","14":"tag-france","15":"tag-news","16":"tag-nice","17":"tag-provence-alpes-cote-dazur","18":"tag-republique-francaise"},"share_on_mastodon":{"url":"https:\/\/pubeurope.com\/@fr\/115573222979262246","error":""},"_links":{"self":[{"href":"https:\/\/www.europesays.com\/fr\/wp-json\/wp\/v2\/posts\/543446","targetHints":{"allow":["GET"]}}],"collection":[{"href":"https:\/\/www.europesays.com\/fr\/wp-json\/wp\/v2\/posts"}],"about":[{"href":"https:\/\/www.europesays.com\/fr\/wp-json\/wp\/v2\/types\/post"}],"author":[{"embeddable":true,"href":"https:\/\/www.europesays.com\/fr\/wp-json\/wp\/v2\/users\/2"}],"replies":[{"embeddable":true,"href":"https:\/\/www.europesays.com\/fr\/wp-json\/wp\/v2\/comments?post=543446"}],"version-history":[{"count":0,"href":"https:\/\/www.europesays.com\/fr\/wp-json\/wp\/v2\/posts\/543446\/revisions"}],"wp:featuredmedia":[{"embeddable":true,"href":"https:\/\/www.europesays.com\/fr\/wp-json\/wp\/v2\/media\/543447"}],"wp:attachment":[{"href":"https:\/\/www.europesays.com\/fr\/wp-json\/wp\/v2\/media?parent=543446"}],"wp:term":[{"taxonomy":"category","embeddable":true,"href":"https:\/\/www.europesays.com\/fr\/wp-json\/wp\/v2\/categories?post=543446"},{"taxonomy":"post_tag","embeddable":true,"href":"https:\/\/www.europesays.com\/fr\/wp-json\/wp\/v2\/tags?post=543446"}],"curies":[{"name":"wp","href":"https:\/\/api.w.org\/{rel}","templated":true}]}}