{"id":543450,"date":"2025-11-18T23:10:31","date_gmt":"2025-11-18T23:10:31","guid":{"rendered":"https:\/\/www.europesays.com\/fr\/543450\/"},"modified":"2025-11-18T23:10:31","modified_gmt":"2025-11-18T23:10:31","slug":"les-restos-du-coeur-lancent-leur-quarante-et-unieme-campagne-avec-un-nombre-de-beneficiaires-en","status":"publish","type":"post","link":"https:\/\/www.europesays.com\/fr\/543450\/","title":{"rendered":"Les Restos du c\u0153ur\u00a0lancent leur quarante et uni\u00e8me campagne avec un nombre de b\u00e9n\u00e9ficiaires en"},"content":{"rendered":"<p>Un paquet de g\u00e2teau, des \u0153ufs, un chou-fleur, des pommes de terre\u2026 Le jeune b\u00e9n\u00e9ficiaire montre son panier. <strong>\u00ab\u00a0\u00c7a m\u2019est d\u2019une grande aide, <\/strong>souffle-t-il.<strong> Je n\u2019ai pas de famille, pas de travail\u2026\u00a0\u00bb<\/strong><\/p>\n<p>Ce mardi matin, au centre de distribution Dalby des Restos du c\u0153ur, \u00e0 Nantes, le flot est continu. \u00c0 l\u2019entr\u00e9e de la salle, des briques de lait sont empil\u00e9es sur une table. <strong>\u00ab\u00a0Un peu de soupe\u00a0? Des p\u00e2tes\u00a0? Il y a des l\u00e9gumes frais\u00a0\u00bb,<\/strong> propose une des b\u00e9n\u00e9voles \u00e0 une m\u00e8re venue avec son enfant.<\/p>\n<p>\t<img decoding=\"async\" src=\"https:\/\/www.europesays.com\/fr\/wp-content\/uploads\/2025\/11\/P35588150D7069520G_px_640_.jpg\" alt=\"photo \u00ab\u00a0par rapport \u00e0 2024-2025, la tendance est \u00e0 la hausse\u00a0\u00bb, observe francis bernard, responsable d\u00e9partemental des restos.  \u00a9  ouest-france\" width=\"640\" title=\" \u00ab\u00a0Par rapport \u00e0 2024-2025, la tendance est \u00e0 la hausse\u00a0\u00bb, observe Francis Bernard, responsable d\u00e9partemental des Restos.   Ouest-France \"\/><\/p>\n<p class=\"elmt-legende\"> \u00ab\u00a0Par rapport \u00e0 2024-2025, la tendance est \u00e0 la hausse\u00a0\u00bb, observe Francis Bernard, responsable d\u00e9partemental des Restos.   Ouest-France <\/p>\n<p><a href=\"https:\/\/nantes.maville.com\/actu\/actudet_--la-cause-est-noble-a-la-collecte-des-restos-du-coeur-une-fabuleuse-solidarite-reunit-les-gens-_8-7006461_actu.Htm\" target=\"_self\" rel=\"noopener\">Les Restos du c\u0153ur<\/a> ont lanc\u00e9, ce 18\u00a0novembre, leur quarante et uni\u00e8me campagne. <strong>\u00ab\u00a0\u00c7a fait un mois que l\u2019on proc\u00e8de aux r\u00e9inscriptions\u00a0\u00bb,<\/strong> pr\u00e9cise Marie-Th\u00e9r\u00e8se Guilhem, une des coresponsables du centre Dalby. Cet \u00e9t\u00e9, dans ce centre de l\u2019est de Nantes, on comptait 1\u00a0800\u00a0familles inscrites. <strong>\u00ab\u00a0Chaque semaine, c\u2019est autour de 750\u00a0familles servies\u00a0\u00bb,<\/strong> calcule Marie-Th\u00e9r\u00e8se Guilhem. Un chiffre en augmentation par rapport \u00e0 2024.<\/p>\n<p>Parmi les profils\u00a0: de plus en plus d\u2019\u00e9tudiants, constate-t-elle. Ici, au-del\u00e0 de la distribution alimentaire, sont propos\u00e9s des ateliers de fran\u00e7ais\u00a0et des ateliers num\u00e9riques, un vestiaire d\u2019urgence, des s\u00e9ances d\u2019ost\u00e9opathie\u2026 Un espace petite enfance avec jeux et jouets a \u00e9t\u00e9 r\u00e9cemment install\u00e9.<\/p>\n<p>En Loire-Atlantique, environ 23\u00a0000\u00a0personnes sont accueillies dans trente-quatre\u00a0centres de distribution. Et 2,5\u00a0millions de repas sont distribu\u00e9s. <strong>\u00ab\u00a0Par rapport \u00e0 2024-2025, la tendance est \u00e0 la hausse,<\/strong> observe Francis Bernard, responsable d\u00e9partemental des Restos. <strong>Et il y a une flamb\u00e9e ces derniers mois.\u00a0\u00bb<\/strong><\/p>\n<p>Selon la derni\u00e8re \u00e9tude de l\u2019Insee, en France, le taux de pauvret\u00e9 a atteint 15,4\u00a0% de la population en 2023. <strong>\u00ab\u00a0Le taux le plus \u00e9lev\u00e9 depuis trente ans. Aux Restos du c\u0153ur, 77\u00a0% des familles accueillies vivent avec moiti\u00e9 moins que le seuil de pauvret\u00e9, soit 644\u00a0\u20ac par mois\u00a0\u00bb,<\/strong> pr\u00e9cise l\u2019association.<\/p>\n<p>Du nouveau \u00e0 Nantes<\/p>\n<p><a href=\"https:\/\/nantes.maville.com\/actu\/actudet_-aide-alimentaire-et-accueil-de-jour-pour-les-femmes-les-restos-du-coeur-s-implantent-a-bellevue-_52716-6990531_actu.Htm\" target=\"_self\" rel=\"noopener\">Une Maison du c\u0153ur, avec un nouveau centre de distribution et un accueil de jour pour femmes \u00e0 la rue<\/a>, doit ouvrir en janvier\u00a02026, \u00e0 Nantes, dans le quartier prioritaire de Bellevue. Autre nouveaut\u00e9\u00a0: la mise en service de bus, offerts par la Semitan. Pour l\u2019heure, il n\u2019y en a qu\u2019un, qui fait de la distribution alimentaire, \u00e0 Pirmil. Le second, avec sa cuisine itin\u00e9rante, sera mis en service courant 2026 et proposera des repas chauds. Les Restos du c\u0153ur ont toujours besoin de b\u00e9n\u00e9voles.<\/p>\n<p>Contact.<a href=\"https:\/\/www.restosducoeur44.org\/\" target=\"_blank\" rel=\"noopener\"> restosducoeur44.org.<\/a><\/p>\n<p>\u00a0<\/p>\n","protected":false},"excerpt":{"rendered":"Un paquet de g\u00e2teau, des \u0153ufs, un chou-fleur, des pommes de terre\u2026 Le jeune b\u00e9n\u00e9ficiaire montre son panier.&hellip;\n","protected":false},"author":2,"featured_media":543451,"comment_status":"","ping_status":"","sticky":false,"template":"","format":"standard","meta":{"footnotes":""},"categories":[2818],"tags":[1111,11,19257,3226,1777,674,1011,27,4508,9089,766,12,19256,2636,25,7057,11489],"class_list":{"0":"post-543450","1":"post","2":"type-post","3":"status-publish","4":"format-standard","5":"has-post-thumbnail","7":"category-nantes","8":"tag-actu","9":"tag-actualites","10":"tag-beneficiaires","11":"tag-campagne","12":"tag-eu","13":"tag-europe","14":"tag-fr","15":"tag-france","16":"tag-hausse","17":"tag-lancent","18":"tag-nantes","19":"tag-news","20":"tag-nombre","21":"tag-pays-de-la-loire","22":"tag-republique-francaise","23":"tag-restos","24":"tag-ur"},"share_on_mastodon":{"url":"https:\/\/pubeurope.com\/@fr\/115573229430542515","error":""},"_links":{"self":[{"href":"https:\/\/www.europesays.com\/fr\/wp-json\/wp\/v2\/posts\/543450","targetHints":{"allow":["GET"]}}],"collection":[{"href":"https:\/\/www.europesays.com\/fr\/wp-json\/wp\/v2\/posts"}],"about":[{"href":"https:\/\/www.europesays.com\/fr\/wp-json\/wp\/v2\/types\/post"}],"author":[{"embeddable":true,"href":"https:\/\/www.europesays.com\/fr\/wp-json\/wp\/v2\/users\/2"}],"replies":[{"embeddable":true,"href":"https:\/\/www.europesays.com\/fr\/wp-json\/wp\/v2\/comments?post=543450"}],"version-history":[{"count":0,"href":"https:\/\/www.europesays.com\/fr\/wp-json\/wp\/v2\/posts\/543450\/revisions"}],"wp:featuredmedia":[{"embeddable":true,"href":"https:\/\/www.europesays.com\/fr\/wp-json\/wp\/v2\/media\/543451"}],"wp:attachment":[{"href":"https:\/\/www.europesays.com\/fr\/wp-json\/wp\/v2\/media?parent=543450"}],"wp:term":[{"taxonomy":"category","embeddable":true,"href":"https:\/\/www.europesays.com\/fr\/wp-json\/wp\/v2\/categories?post=543450"},{"taxonomy":"post_tag","embeddable":true,"href":"https:\/\/www.europesays.com\/fr\/wp-json\/wp\/v2\/tags?post=543450"}],"curies":[{"name":"wp","href":"https:\/\/api.w.org\/{rel}","templated":true}]}}