{"id":543452,"date":"2025-11-18T23:11:20","date_gmt":"2025-11-18T23:11:20","guid":{"rendered":"https:\/\/www.europesays.com\/fr\/543452\/"},"modified":"2025-11-18T23:11:20","modified_gmt":"2025-11-18T23:11:20","slug":"aucun-risque-pris-nantes-haifa-sera-a-huis-clos","status":"publish","type":"post","link":"https:\/\/www.europesays.com\/fr\/543452\/","title":{"rendered":"Aucun risque pris, Nantes-Ha\u00effa sera \u00e0 huis clos"},"content":{"rendered":"<p><b>Vice-champion de France U19, le FC Nantes est qualifi\u00e9 pour la Youth League. Une comp\u00e9tition suivie avec engouement par les supporters. N\u00e9anmoins, le prochain tour contre les Isra\u00e9liens du Maccabi Ha\u00effa devra se tenir sans public.<\/b><\/p>\n<p>A Nantes, les frissons europ\u00e9ens ne se vivent plus qu&rsquo;avec les jeunes ou presque. L&rsquo;\u00e9quipe premi\u00e8re du <a href=\"https:\/\/www.foot01.com\/nantes\" target=\"_self\" rel=\"noopener\">FCN<\/a> n&rsquo;a disput\u00e9 l&rsquo;Europe qu&rsquo;une fois en 20 ans gr\u00e2ce \u00e0 son succ\u00e8s en Coupe de France 2022. Sa formation U19 est beaucoup plus habitu\u00e9e \u00e0 traverser les fronti\u00e8res. En 2023-2024, elle avait atteint les demi-finales de la Youth League, l&rsquo;\u00e9quivalent de la Ligue des champions pour cette cat\u00e9gorie d&rsquo;\u00e2ge. Les jeunes canaris avaient fait vibrer leurs supporters, attirant 19 000 personnes \u00e0 la Beaujoire dans un quart de finale \u00e9pique contre Copenhague.La Beaujoire transform\u00e9e en forteresse<\/p>\n<p>Nantes participe de nouveau \u00e0 cette comp\u00e9tition europ\u00e9enne cette saison, ayant perdu la finale du championnat de France U19 contre le PSG. Le FCN a bien d\u00e9marr\u00e9 son parcours en \u00e9crasant le club azerba\u00efdjanais du Sabah FC. Prochaine \u00e9tape face aux Isra\u00e9liens du Maccabi Ha\u00effa, le 26 novembre et le 10 d\u00e9cembre prochains. Une rencontre tendue sur le papier en raison de la guerre au Proche-Orient. Les autorit\u00e9s doivent s&rsquo;adapter pour le match retour pr\u00e9vu en Loire-Atlantique.<\/p>\n<p>Selon les informations de Ouest-France, il a \u00e9t\u00e9 d\u00e9cid\u00e9 d&rsquo;organiser ce match \u00e0 huis clos dans le stade de la Beaujoire. Normalement, les U19 jouent leurs matchs europ\u00e9ens au stade Marcel-Saupin. Cependant, l&rsquo;ancienne enceinte du FCN est enclav\u00e9e en centre-ville et donc plus difficile \u00e0 contr\u00f4ler pour les forces de l&rsquo;ordre. La pr\u00e9fecture pr\u00e9voit un lourd dispositif de s\u00e9curit\u00e9 pour ce Nantes-Ha\u00effa avec l&rsquo;impossibilit\u00e9 d&rsquo;acc\u00e9der aux abords du stade de la Beaujoire.<\/p>\n","protected":false},"excerpt":{"rendered":"Vice-champion de France U19, le FC Nantes est qualifi\u00e9 pour la Youth League. Une comp\u00e9tition suivie avec engouement&hellip;\n","protected":false},"author":2,"featured_media":543453,"comment_status":"","ping_status":"","sticky":false,"template":"","format":"standard","meta":{"footnotes":""},"categories":[2818],"tags":[1111,11,1089,1777,674,462,1011,27,766,12,2636,25],"class_list":{"0":"post-543452","1":"post","2":"type-post","3":"status-publish","4":"format-standard","5":"has-post-thumbnail","7":"category-nantes","8":"tag-actu","9":"tag-actualites","10":"tag-coupe-deurope","11":"tag-eu","12":"tag-europe","13":"tag-fc-nantes","14":"tag-fr","15":"tag-france","16":"tag-nantes","17":"tag-news","18":"tag-pays-de-la-loire","19":"tag-republique-francaise"},"share_on_mastodon":{"url":"https:\/\/pubeurope.com\/@fr\/115573233186832637","error":""},"_links":{"self":[{"href":"https:\/\/www.europesays.com\/fr\/wp-json\/wp\/v2\/posts\/543452","targetHints":{"allow":["GET"]}}],"collection":[{"href":"https:\/\/www.europesays.com\/fr\/wp-json\/wp\/v2\/posts"}],"about":[{"href":"https:\/\/www.europesays.com\/fr\/wp-json\/wp\/v2\/types\/post"}],"author":[{"embeddable":true,"href":"https:\/\/www.europesays.com\/fr\/wp-json\/wp\/v2\/users\/2"}],"replies":[{"embeddable":true,"href":"https:\/\/www.europesays.com\/fr\/wp-json\/wp\/v2\/comments?post=543452"}],"version-history":[{"count":0,"href":"https:\/\/www.europesays.com\/fr\/wp-json\/wp\/v2\/posts\/543452\/revisions"}],"wp:featuredmedia":[{"embeddable":true,"href":"https:\/\/www.europesays.com\/fr\/wp-json\/wp\/v2\/media\/543453"}],"wp:attachment":[{"href":"https:\/\/www.europesays.com\/fr\/wp-json\/wp\/v2\/media?parent=543452"}],"wp:term":[{"taxonomy":"category","embeddable":true,"href":"https:\/\/www.europesays.com\/fr\/wp-json\/wp\/v2\/categories?post=543452"},{"taxonomy":"post_tag","embeddable":true,"href":"https:\/\/www.europesays.com\/fr\/wp-json\/wp\/v2\/tags?post=543452"}],"curies":[{"name":"wp","href":"https:\/\/api.w.org\/{rel}","templated":true}]}}