{"id":543454,"date":"2025-11-18T23:12:25","date_gmt":"2025-11-18T23:12:25","guid":{"rendered":"https:\/\/www.europesays.com\/fr\/543454\/"},"modified":"2025-11-18T23:12:25","modified_gmt":"2025-11-18T23:12:25","slug":"cest-quoi-ces-scooters-qui-circulent-dans-tout-le-lot-et-garonne","status":"publish","type":"post","link":"https:\/\/www.europesays.com\/fr\/543454\/","title":{"rendered":"c&rsquo;est quoi ces scooters qui circulent dans tout le Lot-et-Garonne"},"content":{"rendered":"<p>                    Par<br \/>\n        <strong><br \/>\n            <a href=\"https:\/\/actu.fr\/auteur\/lvigue\" title=\"Consulter tous les articles de Lucie Vigu\u00e9\" rel=\"nofollow noopener\" target=\"_blank\">Lucie Vigu\u00e9<\/a><br \/>\n                    <\/strong><\/p>\n<p>        Publi\u00e9 le<\/p>\n<p>            18 nov. 2025 \u00e0 17h49        <\/p>\n<p>Avec <b>leur design italien<\/b> et leur couleur orange, ils ne passent pas inaper\u00e7us. <b>Une dizaine de scooters floqu\u00e9s eDOG<\/b> sont gar\u00e9s dans plusieurs endroits de la ville de <a href=\"https:\/\/actu.fr\/nouvelle-aquitaine\/marmande_47157\" rel=\"nofollow noopener\" target=\"_blank\">Marmande<\/a> (<b>Lot-et-Garonne<\/b>) et m\u00eame devant <b>la gare de Tonneins<\/b>. Signes particuliers\u2009: ils sont en libre-service et ont tous un petit nom de bapt\u00eame. Ils s\u2019appellent Chewbacca, <b>Simone Veil<\/b>, Thierry ou encore <b>Vanille.<\/b>\u00a0Ces v\u00e9hicules <a href=\"https:\/\/actu.fr\/tag\/electricite\" rel=\"nofollow noopener\" target=\"_blank\">\u00e9lectriques<\/a>, les passants ont d\u00e9j\u00e0 eu l\u2019occasion de les tester et <b>ils ont d\u00e9j\u00e0 parcouru des milliers de kilom\u00e8tres<\/b> dans <a href=\"https:\/\/actu.fr\/tag\/val-de-garonne-agglomeration\" rel=\"nofollow noopener\" target=\"_blank\">l\u2019Agglom\u00e9ration<\/a>.<\/p>\n<p class=\" wall-content\">Quelques-uns \u00e9taient stationn\u00e9s <b>au p\u00f4le multimodal de la cit\u00e9 de la tomate <\/b>pour une exp\u00e9rimentation d\u2019un an. En ce mois de novembre 2025, <a href=\"https:\/\/www.edog.fr\/\" rel=\"nofollow noopener\" target=\"_blank\">la soci\u00e9t\u00e9 bordelaise<\/a> a fait le point et d\u00e9ploy\u00e9 plus de petits scooters.<\/p>\n<blockquote class=\"ac-article-quote wall-content\">\n<p>C\u2019est un moyen de d\u00e9placement suppl\u00e9mentaire, en plus des v\u00e9los.<\/p>\n<p>Didier Dubrana, adjoint au maire d\u00e9l\u00e9gu\u00e9 aux mobilit\u00e9s<\/p><\/blockquote>\n<p class=\" wall-content\">\u00ab\u2009Ces scooters sont en phase de d\u00e9ploiement. Il s\u2019agit de d\u00e9velopper la mobilit\u00e9 aux habitants et gens de passage\u2009\u00bb souligne l\u2019\u00e9lu.<\/p>\n<p>D\u00e9j\u00e0 27\u2009600\u00a0km parcourus<\/p>\n<p class=\" wall-content\">Le bilan de la premi\u00e8re ann\u00e9e de test est <b>tr\u00e8s positif <\/b>et donne quelques indications sur <b>l\u2019utilisation qui est faite de ces scooters.<\/b><\/p>\n<p class=\" wall-content\">Parmi les 186 utilisateurs de ces machines \u00e0<b> la vitesse de pointe de 45\u00a0km\/h<\/b>, \u00ab\u2009surtout des jeunes, quelques \u00e9tudiants et des actifs. On a quelques fid\u00e8les\u2009\u00bb souligne Thierry Lecoq.<\/p>\n<p>Vid\u00e9os : en ce moment sur Actu<\/p>\n<p class=\" wall-content\"><b>Le trajet moyen <\/b>est de 23\u00a0km par utilisation. <b>Les eDOG r\u00e9alisent une centaine de trajets par mois<\/b>. Ils ont donc parcouru 27\u2009600\u00a0km depuis leur arriv\u00e9e \u00e0 Marmande.<\/p>\n<p>Votre r\u00e9gion, votre actu !<\/p>\n<p>Recevez chaque jour les infos qui comptent pour vous.<\/p>\n<p>\t<a href=\"https:\/\/actu.fr\/newsletter\" class=\"ac-btn ac-btn--corner ac-btn--medium ac-btn--blue800\" rel=\"nofollow noopener\" target=\"_blank\">S&rsquo;incrire<\/a><\/p>\n<blockquote class=\"ac-article-quote wall-content\">\n<p>Des gens vont jusqu\u2019\u00e0 Casteljaloux avec.<\/p>\n<p>Thierry Lecoq<\/p><\/blockquote>\n<p class=\" wall-content\">\u00ab\u2009On a constat\u00e9 qu\u2019il y a pas mal de trajet Marmande \u2013 Tonneins\u2009\u00bb d\u00e9taille le directeur d\u2019eDOG.<\/p>\n<p>Une utilisation simplissime<\/p>\n<p class=\" wall-content\">Pour se servir d\u2019un de ces scooters,<b> c\u2019est tout simple<\/b>. Il suffit d\u2019avoir minimum 17\u00a0ans, \u00eatre titulaire du BSR et disposer de l\u2019application mobile eDOG.<\/p>\n<p class=\" wall-content\">Il suffit ensuite de choisir sur <b>la carte de la ville<\/b> qui s\u2019affiche \u00e0 l\u2019\u00e9cran le lieu o\u00f9 sont gar\u00e9s des scooters et d\u2019en r\u00e9server un pour une dur\u00e9e d\u00e9termin\u00e9e.<\/p>\n<p>    <img   decoding=\"async\" loading=\"lazy\" class=\"size-large\" src=\"https:\/\/www.europesays.com\/fr\/wp-content\/uploads\/2025\/11\/e452dbec4c196c852dbec4c199c52dv-960x640.jpg\" alt=\"Thierry Lecoq, directeur de eDOG et l'adjoint aux mobilit\u00e9s Didier Dubrana expliquent le fonctionnement des scooters \u00e9lectriques en libre-service \u00e0 Marmande.\" width=\"960\" height=\"640\"\/><br \/>\n    Thierry Lecoq, directeur de eDOG et l\u2019adjoint aux mobilit\u00e9s Didier Dubrana expliquent le fonctionnement des scooters \u00e9lectriques en libre-service \u00e0 Marmande. \u00a9Le R\u00e9publicain 47 \u2013 Lucie Vigu\u00e9<\/p>\n<blockquote class=\"ac-article-quote wall-content\">\n<p>Nous proposons plusieurs packs, de 25 minutes \u00e0 4\u00a0h<\/p>\n<p>Thierry Lecoq, directeur de eDOG<\/p><\/blockquote>\n<p class=\" wall-content\">Ils ont tous un petit nom pour \u00eatre facilement identifi\u00e9s par les utilisateurs. <b>Chewbacca, Vanille, Simone Veil, Poppy, Thierry,<\/b> etc.<\/p>\n<p class=\" wall-content\">En s\u2019approchant du scooter d\u00e9sign\u00e9, il se d\u00e9verrouille. Dans le coffre se trouvent deux casques et deux charlottes pour prot\u00e9ger les cheveux.<\/p>\n<blockquote class=\"ac-article-quote wall-content\">\n<p>Ils sont tr\u00e8s faciles \u00e0 manier car tr\u00e8s l\u00e9gers. La batterie a une capacit\u00e9 de 90\u00a0km et des op\u00e9rateurs s\u2019occupent de venir les recharger.<\/p>\n<p>Thierry Lecoq<\/p><\/blockquote>\n<p>O\u00f9 trouver ces scooters\u2009?<\/p>\n<p class=\" wall-content\"><b>Les scooters orange<\/b> sont stationn\u00e9s sur plusieurs sites \u00e0 Marmande\u2009:<\/p>\n<ul class=\" wall-content\">\n<li>Place Henri Birac<\/li>\n<li>Cesame<\/li>\n<li>Super U<\/li>\n<li>Lolya<\/li>\n<li>Aquaval<\/li>\n<li>Gare<\/li>\n<\/ul>\n<p class=\" wall-content\">Mais on peut \u00e9galement les trouver \u00e0<b> la p\u00e9pini\u00e8re Eureka <\/b>de <a href=\"https:\/\/actu.fr\/nouvelle-aquitaine\/samazan_47285\" rel=\"nofollow noopener\" target=\"_blank\">Samazan<\/a> et \u00e0 la gare de <a href=\"https:\/\/actu.fr\/nouvelle-aquitaine\/tonneins_47310\" rel=\"nofollow noopener\" target=\"_blank\">Tonneins<\/a>.<\/p>\n<p class=\" wall-content\">\u00ab<b>\u2009L\u2019id\u00e9e, c\u2019est d\u2019augmenter<\/b> s\u2019il y a de la demande\u2009\u00bb sourit Thierry Lecoq.<\/p>\n<p class=\" wall-content\">Personnalisez votre actualit\u00e9 en ajoutant vos villes et m\u00e9dias en favori avec <a href=\"https:\/\/moncompte.actu.fr\" title=\"D\u00e9couvez Mon Actu\" rel=\"nofollow noopener\" data-trk=\"{&quot;cta&quot;:{&quot;action&quot;:&quot;https:\\\/\\\/moncompte.actu.fr&quot;,&quot;category&quot;:&quot;mon compte&quot;,&quot;from&quot;:&quot;article footer&quot;,&quot;name&quot;:&quot;Mon actu&quot;,&quot;type&quot;:&quot;cta&quot;}}\" target=\"_blank\">Mon Actu<\/a>.<\/p>\n","protected":false},"excerpt":{"rendered":"Par Lucie Vigu\u00e9 Publi\u00e9 le 18 nov. 2025 \u00e0 17h49 Avec leur design italien et leur couleur orange,&hellip;\n","protected":false},"author":2,"featured_media":543455,"comment_status":"","ping_status":"","sticky":false,"template":"","format":"standard","meta":{"footnotes":""},"categories":[2817],"tags":[1111,11,1997,579,1777,674,1011,27,12,2219,25,104,2803,66149],"class_list":{"0":"post-543454","1":"post","2":"type-post","3":"status-publish","4":"format-standard","5":"has-post-thumbnail","7":"category-bordeaux","8":"tag-actu","9":"tag-actualites","10":"tag-bordeaux","11":"tag-electricite","12":"tag-eu","13":"tag-europe","14":"tag-fr","15":"tag-france","16":"tag-news","17":"tag-nouvelle-aquitaine","18":"tag-republique-francaise","19":"tag-societe","20":"tag-transport","21":"tag-val-de-garonne-agglomeration"},"share_on_mastodon":{"url":"https:\/\/pubeurope.com\/@fr\/115573237940130316","error":""},"_links":{"self":[{"href":"https:\/\/www.europesays.com\/fr\/wp-json\/wp\/v2\/posts\/543454","targetHints":{"allow":["GET"]}}],"collection":[{"href":"https:\/\/www.europesays.com\/fr\/wp-json\/wp\/v2\/posts"}],"about":[{"href":"https:\/\/www.europesays.com\/fr\/wp-json\/wp\/v2\/types\/post"}],"author":[{"embeddable":true,"href":"https:\/\/www.europesays.com\/fr\/wp-json\/wp\/v2\/users\/2"}],"replies":[{"embeddable":true,"href":"https:\/\/www.europesays.com\/fr\/wp-json\/wp\/v2\/comments?post=543454"}],"version-history":[{"count":0,"href":"https:\/\/www.europesays.com\/fr\/wp-json\/wp\/v2\/posts\/543454\/revisions"}],"wp:featuredmedia":[{"embeddable":true,"href":"https:\/\/www.europesays.com\/fr\/wp-json\/wp\/v2\/media\/543455"}],"wp:attachment":[{"href":"https:\/\/www.europesays.com\/fr\/wp-json\/wp\/v2\/media?parent=543454"}],"wp:term":[{"taxonomy":"category","embeddable":true,"href":"https:\/\/www.europesays.com\/fr\/wp-json\/wp\/v2\/categories?post=543454"},{"taxonomy":"post_tag","embeddable":true,"href":"https:\/\/www.europesays.com\/fr\/wp-json\/wp\/v2\/tags?post=543454"}],"curies":[{"name":"wp","href":"https:\/\/api.w.org\/{rel}","templated":true}]}}