{"id":543458,"date":"2025-11-18T23:14:16","date_gmt":"2025-11-18T23:14:16","guid":{"rendered":"https:\/\/www.europesays.com\/fr\/543458\/"},"modified":"2025-11-18T23:14:16","modified_gmt":"2025-11-18T23:14:16","slug":"les-ambitions-energetiques-du-credit-agricole-toulouse-31","status":"publish","type":"post","link":"https:\/\/www.europesays.com\/fr\/543458\/","title":{"rendered":"Les ambitions \u00e9nerg\u00e9tiques du Cr\u00e9dit Agricole Toulouse 31"},"content":{"rendered":"<p>Le Cr\u00e9dit Agricole Toulouse 31 a officiellement int\u00e9gr\u00e9, le 7\u00a0novembre dernier, la Coop\u00e9ration Expertise \u00c9nergie, site qui met en avant les offres d\u2019\u00e9nergie en France et d\u00e9taille leurs sp\u00e9cificit\u00e9s. Le Cr\u00e9dit Agricole veut en effet devenir \u00ab\u00a0le producteur d\u2019\u00e9nergie verte de r\u00e9f\u00e9rence dans le Sud-Ouest de la France\u00a0\u00bb. Chaque caisse r\u00e9gionale a cr\u00e9\u00e9 sa propre filiale d\u00e9di\u00e9e aux \u00e9nergies renouvelables\u00a0: CA Toulouse 31 \u00c9nergies en Haute-Garonne, Cap Energies pour le Cr\u00e9dit Agricole d\u2019Aquitaine, et Capgen pour le Cr\u00e9dit Agricole Pyr\u00e9n\u00e9es Gascogne. Le Cr\u00e9dit Agricole Toulouse 31 a d\u00e9j\u00e0 engag\u00e9 132 millions d\u2019euros de financements d\u00e9di\u00e9s \u00e0 la transition \u00e9nerg\u00e9tique.<\/p>\n<p>Pour illustrer concr\u00e8tement cette ambition, le Cr\u00e9dit Agricole Toulouse 31 met en avant l\u2019accompagnement de son client GBV Truck. Cette entreprise, acteur du poids lourd dans la r\u00e9gion toulousaine, va b\u00e9n\u00e9ficier de l\u2019installation de 2500 m\u00e8tres carr\u00e9s de panneaux photovolta\u00efques sur sa toiture. Ce projet est rendu possible gr\u00e2ce \u00e0 l\u2019expertise technique de Capgen et au soutien financier du Cr\u00e9dit Agricole.<\/p>\n","protected":false},"excerpt":{"rendered":"Le Cr\u00e9dit Agricole Toulouse 31 a officiellement int\u00e9gr\u00e9, le 7\u00a0novembre dernier, la Coop\u00e9ration Expertise \u00c9nergie, site qui met&hellip;\n","protected":false},"author":2,"featured_media":373637,"comment_status":"","ping_status":"","sticky":false,"template":"","format":"standard","meta":{"footnotes":""},"categories":[2816],"tags":[1111,11,53270,893,1777,674,1011,27,12,2680,25,2312,16155],"class_list":{"0":"post-543458","1":"post","2":"type-post","3":"status-publish","4":"format-standard","5":"has-post-thumbnail","7":"category-toulouse","8":"tag-actu","9":"tag-actualites","10":"tag-credit-agricole-toulouse-31","11":"tag-energie","12":"tag-eu","13":"tag-europe","14":"tag-fr","15":"tag-france","16":"tag-news","17":"tag-occitanie","18":"tag-republique-francaise","19":"tag-toulouse","20":"tag-transition-ecologique"},"share_on_mastodon":{"url":"https:\/\/pubeurope.com\/@fr\/115573244785859901","error":""},"_links":{"self":[{"href":"https:\/\/www.europesays.com\/fr\/wp-json\/wp\/v2\/posts\/543458","targetHints":{"allow":["GET"]}}],"collection":[{"href":"https:\/\/www.europesays.com\/fr\/wp-json\/wp\/v2\/posts"}],"about":[{"href":"https:\/\/www.europesays.com\/fr\/wp-json\/wp\/v2\/types\/post"}],"author":[{"embeddable":true,"href":"https:\/\/www.europesays.com\/fr\/wp-json\/wp\/v2\/users\/2"}],"replies":[{"embeddable":true,"href":"https:\/\/www.europesays.com\/fr\/wp-json\/wp\/v2\/comments?post=543458"}],"version-history":[{"count":0,"href":"https:\/\/www.europesays.com\/fr\/wp-json\/wp\/v2\/posts\/543458\/revisions"}],"wp:featuredmedia":[{"embeddable":true,"href":"https:\/\/www.europesays.com\/fr\/wp-json\/wp\/v2\/media\/373637"}],"wp:attachment":[{"href":"https:\/\/www.europesays.com\/fr\/wp-json\/wp\/v2\/media?parent=543458"}],"wp:term":[{"taxonomy":"category","embeddable":true,"href":"https:\/\/www.europesays.com\/fr\/wp-json\/wp\/v2\/categories?post=543458"},{"taxonomy":"post_tag","embeddable":true,"href":"https:\/\/www.europesays.com\/fr\/wp-json\/wp\/v2\/tags?post=543458"}],"curies":[{"name":"wp","href":"https:\/\/api.w.org\/{rel}","templated":true}]}}