{"id":543463,"date":"2025-11-18T23:18:35","date_gmt":"2025-11-18T23:18:35","guid":{"rendered":"https:\/\/www.europesays.com\/fr\/543463\/"},"modified":"2025-11-18T23:18:35","modified_gmt":"2025-11-18T23:18:35","slug":"le-bresil-et-la-tunisie-se-neutralisent-a-lille-international-amical-bresil-tunisie-1-1","status":"publish","type":"post","link":"https:\/\/www.europesays.com\/fr\/543463\/","title":{"rendered":"Le Br\u00e9sil et la Tunisie se neutralisent \u00e0 Lille &#8211; International &#8211; Amical &#8211; Br\u00e9sil-Tunisie (1-1)"},"content":{"rendered":"<p>\t\t\t<img decoding=\"async\" loading=\"lazy\" class=\"blason blason-grand\" src=\"https:\/\/www.europesays.com\/fr\/wp-content\/uploads\/2025\/11\/1763507915_93_grande.jpg\"\/> Br\u00e9sil 1-1 Tunisie\u00a0 <img decoding=\"async\" loading=\"lazy\" class=\"blason blason-grand\" src=\"https:\/\/www.europesays.com\/fr\/wp-content\/uploads\/2025\/11\/1763507915_676_grande.jpg\"\/><\/p>\n<p>Buts : Est\u00eav\u00e3o (44e SP) pour la Sele\u00e7\u00e3o \/\/ Mastouri (23e) pour les Aigles de Carthage<\/p>\n<p>Le match que vous avez oubli\u00e9 de regarder.<\/p>\n<p>En plein milieu de la derni\u00e8re journ\u00e9e des qualifications pour le Mondial 2026 du c\u00f4t\u00e9 de l\u2019Europe, le Br\u00e9sil recevait la Tunisie pour un match amical de gala. Subtilit\u00e9 de la rencontre, cette derni\u00e8re se d\u00e9roulait au stade Pierre-Mauroy de Villeneuve-d\u2019Ascq. Un stade qui, <a target=\"_blank\" href=\"https:\/\/www.sofoot.com\/breves\/le-bresil-en-promenade-face-a-la-tunisie-amical-5-1\" rel=\"nofollow noopener\">contrairement au Parc des Princes en 2022<\/a>, n\u2019a pas port\u00e9 chance aux prot\u00e9g\u00e9s de Carlo Ancelotti, qui ont \u00e9t\u00e9 tenus en \u00e9chec par les Aigles de Carthage (1-1).<\/p>\n<p>M\u00eame si ce sont les Br\u00e9siliens qui ont d\u00e9marr\u00e9 la rencontre tambour battant avec notamment Rodrygo, titularis\u00e9 sur le front de l\u2019attaque de la Sele\u00e7\u00e3o, qui aurait pu ouvrir le compteur des Br\u00e9siliens s\u2019il avait plus crois\u00e9 sa frappe (10e), Hazem Mastouri n\u2019a lui eu besoin que d\u2019une seule occasion pour permettre aux Aigles de Carthage de d\u00e9ployer leurs ailes <strong>(0-1, 23e)<\/strong>. Si les supporters se sont d\u00e9plac\u00e9s en nombre, la VAR \u00e9tait aussi de la partie. Si l\u2019arbitre de Lille-PAOK n\u2019avait pas accord\u00e9 de penalty aux Lillois, <a target=\"_blank\" href=\"https:\/\/www.sofoot.com\/breves\/ligue-des-champions-olivier-letang-ecope-dune-amende-de-10-000-euros-par-luefa-apres-sa-sortie-a-la-mi-temps-lors-de-lille-paok\" rel=\"nofollow noopener\">ce qui avait provoqu\u00e9 le courroux d\u2019Olivier L\u00e9tang<\/a>, J\u00e9r\u00f4me Brisard, lui, l\u2019a donn\u00e9 aux Auriverdes.\u00a0Une occasion en or que n\u2019a pas manqu\u00e9e Est\u00eav\u00e3o <strong>(1-1, 44e)<\/strong>, contrairement \u00e0 Lucas Paquet\u00e1 en seconde p\u00e9riode\u00a0qui a confondu penalty et p\u00e9nalit\u00e9 (77e). Ce match repr\u00e9sentait la derni\u00e8re r\u00e9p\u00e9tition g\u00e9n\u00e9rale des Tunisiens avant leur entr\u00e9e en lice \u00e0 la CAN le 7 d\u00e9cembre prochain face au Qatar.<\/p>\n<p>Attention aux suspicions de paris sportifs.<\/p>\n<p><img decoding=\"async\" loading=\"lazy\" class=\"blason blason-petit\" src=\"https:\/\/www.europesays.com\/fr\/wp-content\/uploads\/2025\/11\/1763507915_93_grande.jpg\"\/> <strong>Br\u00e9sil (4-4-2)<\/strong> : \u00a0Bento \u2013 Franca (Danilo, 46e), Milit\u00e3o (Fabricio Bruno, 60e), Marquinhos, Caio Henrique \u2013 Guimar\u00e3es (Paquet\u00e1, 61e), Casemiro (Fabinho, 60e), Est\u00eav\u00e3o, Vin\u00edcius J\u00fanior \u2013 Rodrygo (Luiz Henrique, 79e), Cunha (Vitor Roque, 46e). <strong>S\u00e9lectionneur<\/strong> : Carlo Ancelotti.<\/p>\n<p><img decoding=\"async\" loading=\"lazy\" class=\"blason blason-petit\" src=\"https:\/\/www.europesays.com\/fr\/wp-content\/uploads\/2025\/11\/1763507915_676_grande.jpg\"\/> <strong>Tunisie (5-3-2)<\/strong> : Dahmen \u2013 Valery, Meriah, Bronn, Talbi, Abdi (Ben Ouanes, 79e) \u2013 Sassi, Skhiri, Mejbri (Chaouat, 87e) \u2013 Saad (Achouri, 80e), Mastouri (Gharbi, 59e). <strong>S\u00e9lectionneur<\/strong> : Sabi Trabelsi<\/p>\n<p>\t\t\t\t\t\t\t\t\t\t<a class=\"lien-connexe\" href=\"https:\/\/www.sofoot.com\/breves\/le-match-amical-entre-le-bresil-et-la-tunisie-se-jouera-encore-en-france\" rel=\"nofollow noopener\" target=\"_blank\">Le match amical entre le Br\u00e9sil et la Tunisie se jouera (encore) en France<\/a>\t\t\t\t\t<\/p>\n","protected":false},"excerpt":{"rendered":"Br\u00e9sil 1-1 Tunisie\u00a0 Buts : Est\u00eav\u00e3o (44e SP) pour la Sele\u00e7\u00e3o \/\/ Mastouri (23e) pour les Aigles de&hellip;\n","protected":false},"author":2,"featured_media":543464,"comment_status":"","ping_status":"","sticky":false,"template":"","format":"standard","meta":{"footnotes":""},"categories":[2815],"tags":[1111,47,11,61,69,65,64,1777,674,63,1011,27,811,68,66,1307,12,62,70,25,67],"class_list":{"0":"post-543463","1":"post","2":"type-post","3":"status-publish","4":"format-standard","5":"has-post-thumbnail","7":"category-lille","8":"tag-actu","9":"tag-actualite","10":"tag-actualites","11":"tag-actus-football","12":"tag-bundesliga","13":"tag-championnats-europeens","14":"tag-equipe-de-france","15":"tag-eu","16":"tag-europe","17":"tag-football","18":"tag-fr","19":"tag-france","20":"tag-hauts-de-france","21":"tag-ligua","22":"tag-ligue-1","23":"tag-lille","24":"tag-news","25":"tag-news-foot","26":"tag-premier-league","27":"tag-republique-francaise","28":"tag-serie-a"},"share_on_mastodon":{"url":"https:\/\/pubeurope.com\/@fr\/115573262550840384","error":""},"_links":{"self":[{"href":"https:\/\/www.europesays.com\/fr\/wp-json\/wp\/v2\/posts\/543463","targetHints":{"allow":["GET"]}}],"collection":[{"href":"https:\/\/www.europesays.com\/fr\/wp-json\/wp\/v2\/posts"}],"about":[{"href":"https:\/\/www.europesays.com\/fr\/wp-json\/wp\/v2\/types\/post"}],"author":[{"embeddable":true,"href":"https:\/\/www.europesays.com\/fr\/wp-json\/wp\/v2\/users\/2"}],"replies":[{"embeddable":true,"href":"https:\/\/www.europesays.com\/fr\/wp-json\/wp\/v2\/comments?post=543463"}],"version-history":[{"count":0,"href":"https:\/\/www.europesays.com\/fr\/wp-json\/wp\/v2\/posts\/543463\/revisions"}],"wp:featuredmedia":[{"embeddable":true,"href":"https:\/\/www.europesays.com\/fr\/wp-json\/wp\/v2\/media\/543464"}],"wp:attachment":[{"href":"https:\/\/www.europesays.com\/fr\/wp-json\/wp\/v2\/media?parent=543463"}],"wp:term":[{"taxonomy":"category","embeddable":true,"href":"https:\/\/www.europesays.com\/fr\/wp-json\/wp\/v2\/categories?post=543463"},{"taxonomy":"post_tag","embeddable":true,"href":"https:\/\/www.europesays.com\/fr\/wp-json\/wp\/v2\/tags?post=543463"}],"curies":[{"name":"wp","href":"https:\/\/api.w.org\/{rel}","templated":true}]}}