{"id":543465,"date":"2025-11-18T23:19:14","date_gmt":"2025-11-18T23:19:14","guid":{"rendered":"https:\/\/www.europesays.com\/fr\/543465\/"},"modified":"2025-11-18T23:19:14","modified_gmt":"2025-11-18T23:19:14","slug":"litineraire-de-christopher-aouni-figure-du-banditisme-marseillais","status":"publish","type":"post","link":"https:\/\/www.europesays.com\/fr\/543465\/","title":{"rendered":"L\u2019itin\u00e9raire de Christopher Aouni, figure du banditisme marseillais"},"content":{"rendered":"<p>La justice en enfilade. <a href=\"https:\/\/www.laprovence.com\/article\/faits-divers-justice\/3784140386319\/la-cour-d-assises-exhume-la-guerre-entre-les-clans-criminels-marseillais-tir-et-remadnia\" target=\"_blank\" rel=\"noopener\">Jug\u00e9 par la cour d\u2019assises des Bouches-du-Rh\u00f4ne depuis lundi<\/a> pour l\u2019assassinat de deux jeunes hommes sur fond de guerre entre deux gangs rivaux, Christopher Aouni est loin d\u2019en avoir fini avec les juridictions criminelles. Et vice versa. \u00ab\u00a0Trois cours d\u2019assises vous attendent pour des faits de m\u00eame nature\u00a0\u00bb, rel\u00e8ve le pr\u00e9sident Roger Arata lors de l\u2019examen du parcours judiciaire de ce Vitrollais de 40\u00a0ans au casier \u00ab\u00a0bien nourri\u00a0\u00bb.<\/p>\n<p>\u00ab\u00a0J\u2019\u00e9tais jeune et con\u00a0\u00bb<\/p>\n<p>A\u00een\u00e9 d\u2019une fratrie de six enfants dont deux seulement sont inconnus de la justice, Christopher Aouni a connu une enfance sans histoire, dans le Var, avant de d\u00e9m\u00e9nager avec sa famille en r\u00e9gion marseillaise \u00e0 la lisi\u00e8re de l\u2019adolescence. \u00ab\u00a0Jusque-l\u00e0 vous n\u2019aviez eu aucun souci. Vous avez grandi dans un village, prot\u00e9g\u00e9 du trafic de stup\u00e9fiants dans une famille unie, soud\u00e9e, avec des parents contenants\u2026 Qu\u2019est-ce qui vous a fait basculer dans la d\u00e9linquance\u00a0?\u00a0\u00bb, cherche \u00e0 comprendre le magistrat.<\/p>\n<p>Debout dans le box vitr\u00e9 des accus\u00e9s, son t-shirt noir laissant deviner une silhouette athl\u00e9tique, Christopher Aouni pr\u00e9sente \u00e0 ses juges une l\u00e9g\u00e8re barbe brune rehauss\u00e9e d\u2019une coupe impeccable. \u00ab\u00a0Je pense que j\u2019\u00e9tais jeune &#8230;<\/p>\n","protected":false},"excerpt":{"rendered":"La justice en enfilade. Jug\u00e9 par la cour d\u2019assises des Bouches-du-Rh\u00f4ne depuis lundi pour l\u2019assassinat de deux jeunes&hellip;\n","protected":false},"author":2,"featured_media":543466,"comment_status":"","ping_status":"","sticky":false,"template":"","format":"standard","meta":{"footnotes":""},"categories":[2814],"tags":[17,1111,11,14401,1777,674,274,1011,27,66152,66151,29023,11989,884,12,882,25,52566,66153],"class_list":{"0":"post-543465","1":"post","2":"type-post","3":"status-publish","4":"format-standard","5":"has-post-thumbnail","7":"category-marseille","8":"tag-17","9":"tag-actu","10":"tag-actualites","11":"tag-dents","12":"tag-eu","13":"tag-europe","14":"tag-faits-divers-justice","15":"tag-fr","16":"tag-france","17":"tag-lelectron","18":"tag-litineraire","19":"tag-libre","20":"tag-marseillaise","21":"tag-marseille","22":"tag-news","23":"tag-provence-alpes-cote-dazur","24":"tag-republique-francaise","25":"tag-scie","26":"tag-voyoucratie"},"share_on_mastodon":{"url":"https:\/\/pubeurope.com\/@fr\/115573264639778306","error":""},"_links":{"self":[{"href":"https:\/\/www.europesays.com\/fr\/wp-json\/wp\/v2\/posts\/543465","targetHints":{"allow":["GET"]}}],"collection":[{"href":"https:\/\/www.europesays.com\/fr\/wp-json\/wp\/v2\/posts"}],"about":[{"href":"https:\/\/www.europesays.com\/fr\/wp-json\/wp\/v2\/types\/post"}],"author":[{"embeddable":true,"href":"https:\/\/www.europesays.com\/fr\/wp-json\/wp\/v2\/users\/2"}],"replies":[{"embeddable":true,"href":"https:\/\/www.europesays.com\/fr\/wp-json\/wp\/v2\/comments?post=543465"}],"version-history":[{"count":0,"href":"https:\/\/www.europesays.com\/fr\/wp-json\/wp\/v2\/posts\/543465\/revisions"}],"wp:featuredmedia":[{"embeddable":true,"href":"https:\/\/www.europesays.com\/fr\/wp-json\/wp\/v2\/media\/543466"}],"wp:attachment":[{"href":"https:\/\/www.europesays.com\/fr\/wp-json\/wp\/v2\/media?parent=543465"}],"wp:term":[{"taxonomy":"category","embeddable":true,"href":"https:\/\/www.europesays.com\/fr\/wp-json\/wp\/v2\/categories?post=543465"},{"taxonomy":"post_tag","embeddable":true,"href":"https:\/\/www.europesays.com\/fr\/wp-json\/wp\/v2\/tags?post=543465"}],"curies":[{"name":"wp","href":"https:\/\/api.w.org\/{rel}","templated":true}]}}