{"id":543467,"date":"2025-11-18T23:20:32","date_gmt":"2025-11-18T23:20:32","guid":{"rendered":"https:\/\/www.europesays.com\/fr\/543467\/"},"modified":"2025-11-18T23:20:32","modified_gmt":"2025-11-18T23:20:32","slug":"frais-vallon-plonge-dans-leffroi-ce-mardi","status":"publish","type":"post","link":"https:\/\/www.europesays.com\/fr\/543467\/","title":{"rendered":"Frais-Vallon plonge dans l&rsquo;effroi ce mardi"},"content":{"rendered":"<p>L\u2019image d\u2019une ville qui bascule. Ce mardi 18\u00a0novembre, Amine Kessaci se rend <a href=\"https:\/\/www.laprovence.com\/article\/region\/37363096212502\/les-obseques-de-mehdi-kessaci-auront-lieu-ce-mardi-une-marche-blanche-organisee-ce-week-end-a-marseille\" target=\"_blank\" rel=\"noopener\">aux obs\u00e8ques de son petit fr\u00e8re Mehdi<\/a>, escort\u00e9 par les policiers du Raid. Le visage d\u00e9vast\u00e9, il sort de l\u2019une des quatre berlines aux vitres fum\u00e9es du convoi, un gilet pare-balles sous sa veste en jean. Des policiers encagoul\u00e9s et arm\u00e9s de fusil d\u2019assaut l\u2019encadrent alors qu\u2019il s\u2019engouffre dans le lieu de culte. <a href=\"https:\/\/www.laprovence.com\/article\/region\/1307248803484414\/a-marseille-mehdi-kessaci-un-beau-garcon-elance-et-souriant-qui-s-est-toujours-tenu-en-dehors-des-histoires\" target=\"_blank\" rel=\"noopener\">Frais-Vallon (13e), quartier d\u2019origine de la famille Kessaci<\/a>, est boucl\u00e9 par les forces de l\u2019ordre, plong\u00e9 dans un climat d\u2019effroi.<\/p>\n<p><img alt=\"Amine Kessaci est arriv\u00e9 \u00e0 la c\u00e9r\u00e9monie fun\u00e9raire de son petit fr\u00e8re dans l\u2019un des v\u00e9hicules du convoi du Raid.\" loading=\"lazy\" decoding=\"async\" data-nimg=\"fill\" class=\" TwicCore_img__i9TC1 undefined  undefined\" style=\"position:absolute;height:100%;width:100%;left:0;top:0;right:0;bottom:0;color:transparent;background-size:cover;background-position:50% 50%;background-repeat:no-repeat;background-image:url(&quot;data:image\/svg+xml;charset=utf-8,%3Csvg xmlns='http:\/\/www.w3.org\/2000\/svg' %3E%3Cfilter id='b' color-interpolation-filters='sRGB'%3E%3CfeGaussianBlur stdDeviation='20'\/%3E%3CfeColorMatrix values='1 0 0 0 0 0 1 0 0 0 0 0 1 0 0 0 0 0 100 -1' result='s'\/%3E%3CfeFlood x='0' y='0' width='100%25' height='100%25'\/%3E%3CfeComposite operator='out' in='s'\/%3E%3CfeComposite in2='SourceGraphic'\/%3E%3CfeGaussianBlur stdDeviation='20'\/%3E%3C\/filter%3E%3Cimage width='100%25' height='100%25' x='0' y='0' preserveAspectRatio='none' style='filter: url(%23b);' href='https:\/\/pictures.laprovence.com\/cdn-cgi\/image\/blur=250\/media\/melody\/2025\/11\/18\/obseques-de-mehdi-kessaci-frere-du-militant-ecologiste-amine-kessaci-abattu-par-balles-le-jeudi-13-n-1763500573_cd6b440fcc196a17b440fcc19757b4v_.jpg'\/%3E%3C\/svg%3E&quot;)\"   src=\"https:\/\/www.europesays.com\/fr\/wp-content\/uploads\/2025\/11\/obseques-de-mehdi-kessaci-frere-du-militant-ecologiste-amine-kessaci-abattu-par-balles-le-jeudi-13-n.jpeg\"\/>Amine Kessaci est arriv\u00e9 \u00e0 la c\u00e9r\u00e9monie fun\u00e9raire de son petit fr\u00e8re dans l\u2019un des v\u00e9hicules du convoi du Raid. \/ Photo LP\u00a0\u00bbIl faut que mon fils soit le dernier\u00a0\u00bb<\/p>\n<p>La salle de pri\u00e8re est d\u00e9j\u00e0 comble quand, quelques minutes seulement avant la c\u00e9r\u00e9monie, les membres de la famille, eux aussi entour\u00e9s de policiers, p\u00e9n\u00e8trent dans la mosqu\u00e9e. Un peu plus t\u00f4t, le p\u00e8re, boulevers\u00e9, s\u2019est tourn\u00e9 vers les journalistes pour crier sa peine et exhorter que \u00ab\u00a0(s)on fils soit le dernier\u00a0\u00bb, avant d\u2019\u00eatre conduit \u00e0 l\u2019abri des regards par deux officiers.<\/p>\n<p><img alt=\"\u00c0 la mosqu\u00e9e du quartier de Frais-Vallon (13e) comme au cimeti\u00e8re Saint-Henri (16e), un impressionnant dispositif policier a encadr\u00e9 les obs\u00e8ques de Medhi Kessaci.\" loading=\"lazy\" decoding=\"async\" data-nimg=\"fill\" class=\" TwicCore_img__i9TC1 undefined  undefined\" style=\"position:absolute;height:100%;width:100%;left:0;top:0;right:0;bottom:0;color:transparent;background-size:cover;background-position:50% 50%;background-repeat:no-repeat;background-image:url(&quot;data:image\/svg+xml;charset=utf-8,%3Csvg xmlns='http:\/\/www.w3.org\/2000\/svg' %3E%3Cfilter id='b' color-interpolation-filters='sRGB'%3E%3CfeGaussianBlur stdDeviation='20'\/%3E%3CfeColorMatrix values='1 0 0 0 0 0 1 0 0 0 0 0 1 0 0 0 0 0 100 -1' result='s'\/%3E%3CfeFlood x='0' y='0' width='100%25' height='100%25'\/%3E%3CfeComposite operator='out' in='s'\/%3E%3CfeComposite in2='SourceGraphic'\/%3E%3CfeGaussianBlur stdDeviation='20'\/%3E%3C\/filter%3E%3Cimage width='100%25' height='100%25' x='0' y='0' preserveAspectRatio='none' style='filter: url(%23b);' href='https:\/\/pictures.laprovence.com\/cdn-cgi\/image\/blur=250\/media\/melody\/2025\/11\/18\/obseques-de-mehdi-kessaci-frere-du-militant-ecologiste-amine-kessaci-abattu-par-balles-le-jeudi-13-n-1763500574_ef343bdecc196f3443bdecc19d7443v_.jpg'\/%3E%3C\/svg%3E&quot;)\"   src=\"https:\/\/www.europesays.com\/fr\/wp-content\/uploads\/2025\/11\/1763508032_983_obseques-de-mehdi-kessaci-frere-du-militant-ecologiste-amine-kessaci-abattu-par-balles-le-jeudi-13-n.jpeg\"\/>\u00c0 la mosqu\u00e9e du quartier de Frais-Vallon (13e) comme au cimeti\u00e8re Saint-Henri (16e), un impressionnant dispositif policier a encadr\u00e9 les obs\u00e8ques de Medhi Kessaci. \/ Photo LP<\/p>\n<p>Malgr\u00e9 la peur, &#8211; \u00ab\u00a0Je suis terroris\u00e9e, je ne sais pas si je pourrais manifester contre le r\u00e9seau, j\u2019ai peur pour mes enfants\u00a0\u00bb, confie une femme -, amis, proches, habitants du secteur, quelque 600 personnes sont venues rendre hommage \u00e0 Mehdi, \u00ab\u00a0ce gamin du quartier&#8230;<\/p>\n","protected":false},"excerpt":{"rendered":"L\u2019image d\u2019une ville qui bascule. Ce mardi 18\u00a0novembre, Amine Kessaci se rend aux obs\u00e8ques de son petit fr\u00e8re&hellip;\n","protected":false},"author":2,"featured_media":543468,"comment_status":"","ping_status":"","sticky":false,"template":"","format":"standard","meta":{"footnotes":""},"categories":[2814],"tags":[17,1111,11,1446,1777,674,1011,66154,27,65188,884,33735,12,15086,5491,882,16,25],"class_list":{"0":"post-543467","1":"post","2":"type-post","3":"status-publish","4":"format-standard","5":"has-post-thumbnail","7":"category-marseille","8":"tag-17","9":"tag-actu","10":"tag-actualites","11":"tag-dans","12":"tag-eu","13":"tag-europe","14":"tag-fr","15":"tag-frais-vallon","16":"tag-france","17":"tag-kessaci","18":"tag-marseille","19":"tag-mehdi","20":"tag-news","21":"tag-obseques","22":"tag-plonge","23":"tag-provence-alpes-cote-dazur","24":"tag-region","25":"tag-republique-francaise"},"share_on_mastodon":{"url":"https:\/\/pubeurope.com\/@fr\/115573269162235737","error":""},"_links":{"self":[{"href":"https:\/\/www.europesays.com\/fr\/wp-json\/wp\/v2\/posts\/543467","targetHints":{"allow":["GET"]}}],"collection":[{"href":"https:\/\/www.europesays.com\/fr\/wp-json\/wp\/v2\/posts"}],"about":[{"href":"https:\/\/www.europesays.com\/fr\/wp-json\/wp\/v2\/types\/post"}],"author":[{"embeddable":true,"href":"https:\/\/www.europesays.com\/fr\/wp-json\/wp\/v2\/users\/2"}],"replies":[{"embeddable":true,"href":"https:\/\/www.europesays.com\/fr\/wp-json\/wp\/v2\/comments?post=543467"}],"version-history":[{"count":0,"href":"https:\/\/www.europesays.com\/fr\/wp-json\/wp\/v2\/posts\/543467\/revisions"}],"wp:featuredmedia":[{"embeddable":true,"href":"https:\/\/www.europesays.com\/fr\/wp-json\/wp\/v2\/media\/543468"}],"wp:attachment":[{"href":"https:\/\/www.europesays.com\/fr\/wp-json\/wp\/v2\/media?parent=543467"}],"wp:term":[{"taxonomy":"category","embeddable":true,"href":"https:\/\/www.europesays.com\/fr\/wp-json\/wp\/v2\/categories?post=543467"},{"taxonomy":"post_tag","embeddable":true,"href":"https:\/\/www.europesays.com\/fr\/wp-json\/wp\/v2\/tags?post=543467"}],"curies":[{"name":"wp","href":"https:\/\/api.w.org\/{rel}","templated":true}]}}