{"id":543469,"date":"2025-11-18T23:21:36","date_gmt":"2025-11-18T23:21:36","guid":{"rendered":"https:\/\/www.europesays.com\/fr\/543469\/"},"modified":"2025-11-18T23:21:36","modified_gmt":"2025-11-18T23:21:36","slug":"contrats-de-travail-salaires-periode-dessai-une-boutique-pour-aider-les-salaries-ouvre-a-lyon","status":"publish","type":"post","link":"https:\/\/www.europesays.com\/fr\/543469\/","title":{"rendered":"Contrats de travail, salaires, p\u00e9riode d&rsquo;essai : une boutique pour aider les salari\u00e9s ouvre \u00e0 Lyon"},"content":{"rendered":"<p>Install\u00e9e dans une boutique de la rue Victor Hugo \u00e0 Lyon, l&rsquo;Union Nationale des Syndicats Autonomes (UNSA) tente une nouvelle approche des salari\u00e9s en leur proposant des conseils sur la vie au travail.<\/p>\n<p>\u00ab\u00a0Bonjour, vous \u00eates salari\u00e9 ou patron ?\u00a0\u00bb Ce <b>mardi 18 novembre<\/b>, plusieurs repr\u00e9sentants du syndicat UNSA interpellent les passants pour leur proposer un temps d&rsquo;\u00e9changes. <\/p>\n<p>\u00ab\u00a0Il y a des questions sur les contrats de travail, les p\u00e9riodes d&rsquo;essai, les salaires&#8230; Mais aussi sur des sujets li\u00e9s \u00e0 la retraite ou m\u00eame des situations de harc\u00e8lement\u00a0\u00bb, explique <b>Nicolas Simiot<\/b>, secr\u00e9taire g\u00e9n\u00e9ral UNSA Auvergne-Rh\u00f4ne Alpes.<\/p>\n<p>Nouvelle approche <\/p>\n<p>D\u00e9j\u00e0 pr\u00e9sent dans les entreprises, l&rsquo;UNSA communique aussi sur les r\u00e9seaux sociaux pour tenter d&rsquo;\u00e9largir sa base d&rsquo;adh\u00e9rents. Cette boutique \u00e9ph\u00e9m\u00e8re, implant\u00e9e entre Perrache et Bellecour, est une premi\u00e8re. <\/p>\n<p>\u00ab\u00a0C&rsquo;est une mani\u00e8re d&rsquo;aller vers les gens, qu&rsquo;ils travaillent dans le priv\u00e9 ou dans le public. On essaie, on verra !\u00a0\u00bb<\/p>\n<p><b>La boutique de vos droits<\/b>, ouverte jusqu&rsquo;au samedi 22 novembre, 47 rue Victor Hugo de 10 heures \u00e0 19 heures.<\/p>\n<p><\/p>\n","protected":false},"excerpt":{"rendered":"Install\u00e9e dans une boutique de la rue Victor Hugo \u00e0 Lyon, l&rsquo;Union Nationale des Syndicats Autonomes (UNSA) tente&hellip;\n","protected":false},"author":2,"featured_media":543470,"comment_status":"","ping_status":"","sticky":false,"template":"","format":"standard","meta":{"footnotes":""},"categories":[1889],"tags":[1111,11,2430,11647,2483,1777,674,1011,27,2428,12,25,11564,1269],"class_list":{"0":"post-543469","1":"post","2":"type-post","3":"status-publish","4":"format-standard","5":"has-post-thumbnail","7":"category-lyon","8":"tag-actu","9":"tag-actualites","10":"tag-auvergne-rhone-alpes","11":"tag-boutique","12":"tag-droits","13":"tag-eu","14":"tag-europe","15":"tag-fr","16":"tag-france","17":"tag-lyon","18":"tag-news","19":"tag-republique-francaise","20":"tag-syndicat","21":"tag-unsa"},"share_on_mastodon":{"url":"https:\/\/pubeurope.com\/@fr\/115573273113658690","error":""},"_links":{"self":[{"href":"https:\/\/www.europesays.com\/fr\/wp-json\/wp\/v2\/posts\/543469","targetHints":{"allow":["GET"]}}],"collection":[{"href":"https:\/\/www.europesays.com\/fr\/wp-json\/wp\/v2\/posts"}],"about":[{"href":"https:\/\/www.europesays.com\/fr\/wp-json\/wp\/v2\/types\/post"}],"author":[{"embeddable":true,"href":"https:\/\/www.europesays.com\/fr\/wp-json\/wp\/v2\/users\/2"}],"replies":[{"embeddable":true,"href":"https:\/\/www.europesays.com\/fr\/wp-json\/wp\/v2\/comments?post=543469"}],"version-history":[{"count":0,"href":"https:\/\/www.europesays.com\/fr\/wp-json\/wp\/v2\/posts\/543469\/revisions"}],"wp:featuredmedia":[{"embeddable":true,"href":"https:\/\/www.europesays.com\/fr\/wp-json\/wp\/v2\/media\/543470"}],"wp:attachment":[{"href":"https:\/\/www.europesays.com\/fr\/wp-json\/wp\/v2\/media?parent=543469"}],"wp:term":[{"taxonomy":"category","embeddable":true,"href":"https:\/\/www.europesays.com\/fr\/wp-json\/wp\/v2\/categories?post=543469"},{"taxonomy":"post_tag","embeddable":true,"href":"https:\/\/www.europesays.com\/fr\/wp-json\/wp\/v2\/tags?post=543469"}],"curies":[{"name":"wp","href":"https:\/\/api.w.org\/{rel}","templated":true}]}}