{"id":543477,"date":"2025-11-18T23:26:16","date_gmt":"2025-11-18T23:26:16","guid":{"rendered":"https:\/\/www.europesays.com\/fr\/543477\/"},"modified":"2025-11-18T23:26:16","modified_gmt":"2025-11-18T23:26:16","slug":"a-paris-paul-belmondo-en-a-marre-et-sadresse-a-la-maire-continuez-comme-ca-hidalgo-2","status":"publish","type":"post","link":"https:\/\/www.europesays.com\/fr\/543477\/","title":{"rendered":"A Paris, Paul Belmondo en a marre et s&rsquo;adresse \u00e0 la maire : \u00ab\u00a0Continuez comme \u00e7a Hidalgo !\u00a0\u00bb"},"content":{"rendered":"<p class=\"mb-4 text-lg md:leading-8 break-words\">Paul Belmondo a pouss\u00e9 un petit coup de gueule sur son compte Instagram ce mardi 18 novembre. Optant pour beaucoup d\u2019humour, l\u2019acteur s\u2019est retrouv\u00e9 dans une situation qui va parler \u00e0 de nombreux parisiens. En racontant son histoire, il a \u00e9t\u00e9 tr\u00e8s cash, notamment avec Anne Hidalgo, la maire de Paris, qu\u2019il ne semble pas vraiment porter dans son c\u0153ur.<\/p>\n<p class=\"mb-4 text-lg md:leading-8 break-words\">Il y a des situations qui parlent \u00e0 de nombreuses personnes et <a href=\"https:\/\/www.purepeople.com\/people\/paul-belmondo_p735\" rel=\"nofollow noopener\" target=\"_blank\" data-ylk=\"slk:Paul Belmondo;elm:context_link;itc:0;sec:content-canvas\" class=\"link \">Paul Belmondo<\/a> en a bien conscience. Sur son compte Instagram ce mardi 18 novembre, les internautes ont pu d\u00e9couvrir qu\u2019il avait partag\u00e9 une vid\u00e9o afin d\u2019expliquer ce qui venait de lui arriver. <strong>\u201cPetit message pour la mairie de Paris\u201d,<\/strong> a-t-il commenc\u00e9, un grand sourire aux l\u00e8vres. Pr\u00e9f\u00e9rant prendre cette situation avec humour, l\u2019acteur poursuit : \u201cC\u2019est g\u00e9nial, j\u2019ai achet\u00e9 un v\u00e9hicule \u00e9lectrique, c\u2019est super\u201d. Mais o\u00f9 Paul Belmondo veut-il en venir ? \u201cUne R5, vous savez, une petite voiture\u201d, poursuit-il.<\/p>\n<p class=\"mb-4 text-lg md:leading-8 break-words\">Paul Belmondo fait la description de sa voiture, ajoutant m\u00eame qu\u2019elle \u201cp\u00e8se 1 tonne 950\u201d, avant de poursuivre son explication et de d\u00e9clarer : <strong>\u201cJe viens de payer le stationnement. 12,50 de l\u2019heure\u201d<\/strong>. Une somme qu\u2019il n\u2019est pas pr\u00eat d\u2019oublier et il le fait savoir, toujours avec beaucoup d\u2019humour, afin de d\u00e9dramatiser la situation. \u201cJe vous remercie, \u00e7a me fait mal au cul mais je vous remercie. <strong>Et vive la mairie de Paris, continuez comme \u00e7a Hidalgo\u201d,<\/strong> a-t-il conclu. Les d\u00e9cisions prises par la maire de Paris ne semblent pas \u00eatre appr\u00e9ci\u00e9es des parisiens <a href=\"https:\/\/fr.news.yahoo.com\/chaque-fois-corrige-paul-belmondo-185600841.html\" data-ylk=\"slk:mais surtout de Paul Belmondo;elm:context_link;itc:0;sec:content-canvas;outcm:mb_qualified_link;_E:mb_qualified_link;ct:story;\" class=\"link  yahoo-link\" target=\"_blank\" rel=\"noopener\">mais surtout de Paul Belmondo<\/a>. Pour rappel, comme indiqu\u00e9 sur le site de la ville de Paris, une d\u00e9cision a \u00e9t\u00e9 prise par la mairie de Paris et, depuis octobre 2024, les v\u00e9hicules \u00e9lectriques de moins de 2 tonnes stationnent gratuitement \u00e0 paris sur toutes les places payantes de surface. Une mesure qui s&rsquo;accompagne de tarifs dissuasifs pour les v\u00e9hicules \u00e9lectriques lourds : 18 \u20ac\/heure dans les arrondissements 1 \u00e0 11 et 12 \u20ac\/heure dans les arrondissements 12 \u00e0 20. Dans la section des commentaires, il a pu compter sur le soutien de ses abonn\u00e9s.<\/p>\n<p class=\"mb-4 text-lg md:leading-8 break-words\">Paul Belmondo : un acteur qui ne m\u00e2che pas ses mots<\/p>\n<p class=\"mb-4 text-lg md:leading-8 break-words\">Ce n\u2019est pas la premi\u00e8re fois que Paul Belmondo s\u2019en prend ouvertement \u00e0 <a href=\"https:\/\/www.purepeople.com\/people\/anne-hidalgo_p388558\" rel=\"nofollow noopener\" target=\"_blank\" data-ylk=\"slk:Anne Hidalgo;elm:context_link;itc:0;sec:content-canvas\" class=\"link \">Anne Hidalgo<\/a>. <strong>\u00c0 son retour de vacances en 2023, il avait eu la mauvaise surprise de d\u00e9couvrir trois contraventions pour \u201cmauvais stationnement\u201d<\/strong>. Toujours sur son compte Instagram, l\u2019acteur avait expliqu\u00e9 la situation. \u201cNous revenons de vacances, j\u2019ai un v\u00e9hicule hybride \u00e9lectrique enregistr\u00e9 \u00e0 la mairie de Paris, tout conforme, et jusqu\u2019\u00e0 aujourd\u2019hui, il n\u2019y avait aucun probl\u00e8me pour que l\u2019on ne paie pas, en tant que r\u00e9sidents, le stationnement, car il est gratuit\u201d, a-t-il confi\u00e9.<\/p>\n<p class=\"mb-4 text-lg md:leading-8 break-words\">Face \u00e0 ces contraventions, Paul Belmondo ne comprenait pas la raison et il l\u2019a fait savoir. \u201c<strong>Voil\u00e0 trois contraventions pour un v\u00e9hicule qui ne devrait pas en avoir. Madame la Ville de Paris, je crois que vous avez besoin d\u2019argent\u201d, <\/strong>a-t-il ajout\u00e9 avec une touche d\u2019humour tr\u00e8s ironique. Au moment des faits, Paul et <a href=\"https:\/\/www.purepeople.com\/people\/luana-belmondo_p193815\" rel=\"nofollow noopener\" target=\"_blank\" data-ylk=\"slk:Luana Belmondo;elm:context_link;itc:0;sec:content-canvas\" class=\"link \">Luana Belmondo<\/a> \u00e9taient <a href=\"https:\/\/fr.news.yahoo.com\/paul-belmondo-ex-luana-daccord-114000739.html\" data-ylk=\"slk:toujours ensemble;elm:context_link;itc:0;sec:content-canvas;outcm:mb_qualified_link;_E:mb_qualified_link;ct:story;\" class=\"link  yahoo-link\" target=\"_blank\" rel=\"noopener\">toujours ensemble<\/a> et cette derni\u00e8re avait pris la parole \u00e0 son tour, affirmant : \u201cEh bien, sympa, le retour\u2026 La qualit\u00e9 de vie \u00e0 Paris devient impossible\u2026 Quelle tristesse pour une si belle ville. Merci la Ville de Paris de me faire payer ses contraventions injustifi\u00e9es.\u201d Deux ans plus tard, Paul Belmondo semble rencontrer des probl\u00e8mes diff\u00e9rents mais, d\u2019une certaine mani\u00e8re, similaires.<\/p>\n<p class=\"mb-4 text-lg md:leading-8 break-words\"><a href=\"https:\/\/www.purepeople.com\/article\/a-paris-paul-belmondo-en-a-marre-et-sadresse-a-la-maire-continuez-comme-ca-hidalgo_a544715\/1\" rel=\"nofollow noopener\" target=\"_blank\" data-ylk=\"slk:Article original sur Purepeople;elm:context_link;itc:0;sec:content-canvas\" class=\"link \">Article original sur Purepeople<\/a><\/p>\n","protected":false},"excerpt":{"rendered":"Paul Belmondo a pouss\u00e9 un petit coup de gueule sur son compte Instagram ce mardi 18 novembre. Optant&hellip;\n","protected":false},"author":2,"featured_media":543478,"comment_status":"","ping_status":"","sticky":false,"template":"","format":"standard","meta":{"footnotes":""},"categories":[1888],"tags":[1111,1928,11,1927,2618,1777,674,1011,27,2440,12258,2381,12,1926,626,1925,23632,25],"class_list":{"0":"post-543477","1":"post","2":"type-post","3":"status-publish","4":"format-standard","5":"has-post-thumbnail","7":"category-paris","8":"tag-actu","9":"tag-actu-paris","10":"tag-actualites","11":"tag-actualites-paris","12":"tag-anne-hidalgo","13":"tag-eu","14":"tag-europe","15":"tag-fr","16":"tag-france","17":"tag-instagram","18":"tag-maire-de-paris","19":"tag-mairie-de-paris","20":"tag-news","21":"tag-news-paris","22":"tag-paris","23":"tag-paris-news","24":"tag-paul-belmondo","25":"tag-republique-francaise"},"share_on_mastodon":{"url":"https:\/\/pubeurope.com\/@fr\/115573292090381825","error":""},"_links":{"self":[{"href":"https:\/\/www.europesays.com\/fr\/wp-json\/wp\/v2\/posts\/543477","targetHints":{"allow":["GET"]}}],"collection":[{"href":"https:\/\/www.europesays.com\/fr\/wp-json\/wp\/v2\/posts"}],"about":[{"href":"https:\/\/www.europesays.com\/fr\/wp-json\/wp\/v2\/types\/post"}],"author":[{"embeddable":true,"href":"https:\/\/www.europesays.com\/fr\/wp-json\/wp\/v2\/users\/2"}],"replies":[{"embeddable":true,"href":"https:\/\/www.europesays.com\/fr\/wp-json\/wp\/v2\/comments?post=543477"}],"version-history":[{"count":0,"href":"https:\/\/www.europesays.com\/fr\/wp-json\/wp\/v2\/posts\/543477\/revisions"}],"wp:featuredmedia":[{"embeddable":true,"href":"https:\/\/www.europesays.com\/fr\/wp-json\/wp\/v2\/media\/543478"}],"wp:attachment":[{"href":"https:\/\/www.europesays.com\/fr\/wp-json\/wp\/v2\/media?parent=543477"}],"wp:term":[{"taxonomy":"category","embeddable":true,"href":"https:\/\/www.europesays.com\/fr\/wp-json\/wp\/v2\/categories?post=543477"},{"taxonomy":"post_tag","embeddable":true,"href":"https:\/\/www.europesays.com\/fr\/wp-json\/wp\/v2\/tags?post=543477"}],"curies":[{"name":"wp","href":"https:\/\/api.w.org\/{rel}","templated":true}]}}