{"id":543479,"date":"2025-11-18T23:27:19","date_gmt":"2025-11-18T23:27:19","guid":{"rendered":"https:\/\/www.europesays.com\/fr\/543479\/"},"modified":"2025-11-18T23:27:19","modified_gmt":"2025-11-18T23:27:19","slug":"lecole-de-danse-un-goldoni-tout-en-finesse-a-la-comedie-francaise","status":"publish","type":"post","link":"https:\/\/www.europesays.com\/fr\/543479\/","title":{"rendered":"\u00ab\u00a0L\u2019Ecole de danse\u00a0\u00bb, un Goldoni tout en finesse \u00e0 la Com\u00e9die Fran\u00e7aise"},"content":{"rendered":"<p><b>Cl\u00e9ment Hervieu-L\u00e9ger monte une pi\u00e8ce m\u00e9connue de Goldoni, \u00ab\u00a0L\u2019Ecole de danse\u00a0\u00bb et r\u00e9unit une troupe \u00e0 son meilleur avant les travaux de r\u00e9novation de la salle Richelieu qui commencent en janvier 2026. Sous des airs de com\u00e9die l\u00e9g\u00e8re, cette peinture sociale d\u2019une \u00e9cole de danse dirig\u00e9e d\u2019une main de fer par un ma\u00eetre, jou\u00e9 par Denis Podalyd\u00e8s, se r\u00e9v\u00e8le une pi\u00e8ce merveilleusement piquante, dr\u00f4le et cruelle. Quand la danse et les danseuses deviennent des objets monnayables et les compromissions une r\u00e8gle de conduite.\u00a0<\/b><\/p>\n<p><b>Petits trafics dans une \u00e9cole de danse<\/b><\/p>\n<p><img loading=\"lazy\" decoding=\"async\" aria-describedby=\"caption-attachment-374294\" class=\"size-full wp-image-374294\" src=\"https:\/\/www.europesays.com\/fr\/wp-content\/uploads\/2025\/11\/20251105-ecolededanse-095\u00a9AgathePoupeney.jpg\" alt=\"\" width=\"1024\" height=\"683\"  \/><\/p>\n<p id=\"caption-attachment-374294\" class=\"wp-caption-text\">\u00a9AgathePoupeney<\/p>\n<p>A Florence, au XVIII\u00b0 si\u00e8cle, Monsieur Rigadon, maitre de danse tyrannique et pr\u00e8s de ses sous, garde sous sa coupe une flop\u00e9e de jeunes danseurs qu\u2019il martyrise \u00e0 coups d\u2019insultes et de cris de col\u00e8re. De temps en temps se pr\u00e9sentent \u00e0 lui des impresarios ou interm\u00e9diaires v\u00e9reux qui lui \u00ab\u00a0ach\u00e8tent\u00a0\u00bb une danseuse pour la faire tourner dans des spectacles. Mais les affaires vont mal et le vieil homme, pour nourrir ses jeunes recrues et renflouer la maisonn\u00e9e, lui-m\u00eame vivant avec sa propre soeur, une vieille fille fantasque, doit accepter qu\u2019une m\u00e8re d\u00e9sesp\u00e9r\u00e9e lui confie sa fille prodige, Rosina, afin de pouvoir signer des contrats juteux. Cl\u00e9ment Hervieu-L\u00e9ger a choisi d\u2019utiliser le d\u00e9cor de son \u00ab\u00a0Misanthrope\u00a0\u00bb et a transform\u00e9 les contraintes techniques en opportunit\u00e9 artistique. Le studio de danse est ainsi une grande pi\u00e8ce en sous-sol, que la lumi\u00e8re de la ville transperce gr\u00e2ce \u00e0 de hautes fen\u00eatres qui donnent sur la chauss\u00e9e. La patine de poudre grise des murs, l\u2019escalier de bois qui m\u00e8ne \u00e0 la rue, les tutus de tulle blanche port\u00e9s sur des corsets chair des jeunes danseuses, tout rappelle les tableaux de Degas et le m\u00e9lange de sublime et de mis\u00e8re qui se d\u00e9gage de ses portraits de danseuses dans le foyer de l\u2019Op\u00e9ra au 19\u00b0 si\u00e8cle.\u00a0<\/p>\n<p><b>Entre Degas et Zola<\/b><\/p>\n<p><img loading=\"lazy\" decoding=\"async\" aria-describedby=\"caption-attachment-374297\" class=\"size-full wp-image-374297\" src=\"https:\/\/www.europesays.com\/fr\/wp-content\/uploads\/2025\/11\/20251105-ecolededanse-104\u00a9AgathePoupeney-copie.jpg\" alt=\"\" width=\"1024\" height=\"732\"  \/><\/p>\n<p id=\"caption-attachment-374297\" class=\"wp-caption-text\">\u00a9AgathePoupeney<\/p>\n<p>C\u2019est donc dans une atmosph\u00e8re du XIX\u00b0 si\u00e8cle, celui de Tchekhov et de Zola, que le metteur en sc\u00e8ne situe cette \u0153uvre de Goldoni, qui rompt ici totalement avec les personnages typ\u00e9s de la commedia dell\u2019arte et le spectaculaire d\u2019une action grotesque. Rien de tel ici, et les com\u00e9diens font preuve d\u2019un naturel et d\u2019une sinc\u00e9rit\u00e9 totale dans leur jeu, tr\u00e8s actuel. Denis Podalyd\u00e8s d\u2019abord en ma\u00eetre de danse totalement d\u00e9pass\u00e9, la chemise \u00e9lim\u00e9e et le pantalon flottant. Plus il se montre autoritaire et cassant \u00e0 l\u2019\u00e9gard des jeunes interpr\u00e8tes, plus il est ridicule et plus ces derniers se moquent de lui. Le com\u00e9dien trimballe sa d\u00e9gaine en se heurtant \u00e0 tous les murs de discorde, le m\u00eame sourire moqueur accroch\u00e9 au visage, comme un d\u00e9fi au r\u00e9el. Il faut dire qu\u2019autour de lui \u00e7a grouille de monde, et que les manigances vont bon train. Florence Viala nous r\u00e9jouit dans la composition surr\u00e9aliste de Madame Scormiand, la s\u0153ur du ma\u00eetre, qui va finir pas se faire \u00e9pouser par Ridolfo, un courtier malhonn\u00eate, camp\u00e9 par St\u00e9phane Varupenne. Clotilde de Bayser d\u00e9boule comme une tornade dans le r\u00f4le de la m\u00e8re de Rosina, jou\u00e9e par L\u00e9a Lopez, bien d\u00e9cid\u00e9e \u00e0 monnayer le talent de sa fille.\u00a0<\/p>\n<p><b>Le mariage ou la libert\u00e9<\/b><\/p>\n<p><img loading=\"lazy\" decoding=\"async\" aria-describedby=\"caption-attachment-374298\" class=\"size-full wp-image-374298\" src=\"https:\/\/www.europesays.com\/fr\/wp-content\/uploads\/2025\/11\/20251105-ecolededanse-148\u00a9AgathePoupeney-copie-pour-programme.jpg\" alt=\"\" width=\"1024\" height=\"660\"  \/><\/p>\n<p id=\"caption-attachment-374298\" class=\"wp-caption-text\">\u00a9AgathePoupeney<\/p>\n<p>Quand \u00e0 Lo\u00efc Corbery, qui interpr\u00e8te le Comte Anselmo, il rode dans le studio en qu\u00eate de la jeune artiste qu\u2019il aime, Giuseppina, incarn\u00e9e par Pauline Cl\u00e9ment. Tous les personnages sont en mal de libert\u00e9 et d\u2019amour, et profiteront de la moindre occasion pour s\u00e9duire et \u00e9pouser, pour pouvoir quitter cette \u00e9cole en forme de prison. Et l\u2019auteur Goldoni, comme le metteur en sc\u00e8ne, accorde une sc\u00e8ne en forme de monde \u00e0 chacun des personnages dans sa souffrance et son manque de libert\u00e9. Claire de La R\u00fce du Can est F\u00e9licita, que le ma\u00eetre veut \u00ab\u00a0vendre\u00a0\u00bb \u00e0 Don Fabrizio, l\u2019impr\u00e9sario, jou\u00e9 par Eric G\u00e9nov\u00e8se. Mais la jeune fille refuse de danser, et pr\u00e9f\u00e8re devenir com\u00e9dienne. Jean Chevalier, Marie Oppert, qui chante magnifiquement, Adrien Simion et Charlie Fabert, sont les autres danseurs qui forment cette mini-soci\u00e9t\u00e9 en r\u00e9bellion, alors que l\u2019action se d\u00e9noue gr\u00e2ce au Notaire camp\u00e9 par Noam Morgensztern. Il y a dans ce mouvement perp\u00e9tuel d\u2019\u00eatres \u00e9pris de libert\u00e9 une l\u00e9g\u00e8ret\u00e9 et une fantaisie inspirantes, qui se d\u00e9ploient entre les barres fixes des danseurs classiques. Port\u00e9e par une troupe de com\u00e9diens \u00e9patants, gr\u00e2ce \u00e0 une traduction intelligente de Fran\u00e7oise Decroisette, cette nouvelle production est une vraie r\u00e9ussite.<\/p>\n<p>H\u00e9l\u00e8ne Kuttner\u00a0<\/p>\n","protected":false},"excerpt":{"rendered":"Cl\u00e9ment Hervieu-L\u00e9ger monte une pi\u00e8ce m\u00e9connue de Goldoni, \u00ab\u00a0L\u2019Ecole de danse\u00a0\u00bb et r\u00e9unit une troupe \u00e0 son meilleur&hellip;\n","protected":false},"author":2,"featured_media":543480,"comment_status":"","ping_status":"","sticky":false,"template":"","format":"standard","meta":{"footnotes":""},"categories":[1888],"tags":[11,7257,1777,674,1011,27,12,626,25,1347],"class_list":{"0":"post-543479","1":"post","2":"type-post","3":"status-publish","4":"format-standard","5":"has-post-thumbnail","7":"category-paris","8":"tag-actualites","9":"tag-critique","10":"tag-eu","11":"tag-europe","12":"tag-fr","13":"tag-france","14":"tag-news","15":"tag-paris","16":"tag-republique-francaise","17":"tag-theatre"},"share_on_mastodon":{"url":"https:\/\/pubeurope.com\/@fr\/115573297355417482","error":""},"_links":{"self":[{"href":"https:\/\/www.europesays.com\/fr\/wp-json\/wp\/v2\/posts\/543479","targetHints":{"allow":["GET"]}}],"collection":[{"href":"https:\/\/www.europesays.com\/fr\/wp-json\/wp\/v2\/posts"}],"about":[{"href":"https:\/\/www.europesays.com\/fr\/wp-json\/wp\/v2\/types\/post"}],"author":[{"embeddable":true,"href":"https:\/\/www.europesays.com\/fr\/wp-json\/wp\/v2\/users\/2"}],"replies":[{"embeddable":true,"href":"https:\/\/www.europesays.com\/fr\/wp-json\/wp\/v2\/comments?post=543479"}],"version-history":[{"count":0,"href":"https:\/\/www.europesays.com\/fr\/wp-json\/wp\/v2\/posts\/543479\/revisions"}],"wp:featuredmedia":[{"embeddable":true,"href":"https:\/\/www.europesays.com\/fr\/wp-json\/wp\/v2\/media\/543480"}],"wp:attachment":[{"href":"https:\/\/www.europesays.com\/fr\/wp-json\/wp\/v2\/media?parent=543479"}],"wp:term":[{"taxonomy":"category","embeddable":true,"href":"https:\/\/www.europesays.com\/fr\/wp-json\/wp\/v2\/categories?post=543479"},{"taxonomy":"post_tag","embeddable":true,"href":"https:\/\/www.europesays.com\/fr\/wp-json\/wp\/v2\/tags?post=543479"}],"curies":[{"name":"wp","href":"https:\/\/api.w.org\/{rel}","templated":true}]}}