{"id":543483,"date":"2025-11-18T23:29:22","date_gmt":"2025-11-18T23:29:22","guid":{"rendered":"https:\/\/www.europesays.com\/fr\/543483\/"},"modified":"2025-11-18T23:29:22","modified_gmt":"2025-11-18T23:29:22","slug":"la-russie-derriere-le-sabotage-dune-voie-ferree","status":"publish","type":"post","link":"https:\/\/www.europesays.com\/fr\/543483\/","title":{"rendered":"la Russie derri\u00e8re le sabotage d&rsquo;une voie ferr\u00e9e ?"},"content":{"rendered":"<p>      lire plus tard<\/p>\n<p id=\"dialog__title\" class=\"dialog__title\">Pour sauvegarder cet article, connectez-vous ou cr\u00e9ez un compte franceinfo<\/p>\n<p class=\"dialog__description\">Sans paiement. Sans abonnement.<\/p>\n<p>        Fermer la fen\u00eatre d\u2019activation des notifications France Info<\/p>\n<p>      cr\u00e9er votre compte<\/p>\n<p>      se connecter<\/p>\n<p>        Fermer la fen\u00eatre de pr\u00e9sentation<\/p>\n<p>    Publi\u00e9 le 18\/11\/2025 20:34<\/p>\n<p>      Mis \u00e0 jour le 18\/11\/2025 21:11<\/p>\n<p>        Temps de lecture : 2min &#8211; vid\u00e9o : 2min<\/p>\n<p>    <img decoding=\"async\" class=\"francetv-player-wrapper__image\" alt=\"Le Premier ministre polonais, Donald Tusk, accuse Moscou d'\u00eatre derri\u00e8re l'acte de sabotage d'une voie ferr\u00e9e strat\u00e9gique en Pologne. Deux Ukrainiens qui seraient au service de la Russie y ont d\u00e9pos\u00e9 des explosifs. Selon le Premier ministre, ils voulaient provoquer une catastrophe ferroviaire.\"  width=\"432\" height=\"243\" src=\"https:\/\/www.europesays.com\/fr\/wp-content\/uploads\/2025\/11\/pologne-691cc836d55da932280961.jpg\" fetchpriority=\"high\"\/><\/p>\n<p>              Le Premier ministre polonais, Donald Tusk, accuse Moscou d&rsquo;\u00eatre derri\u00e8re l&rsquo;acte de sabotage d&rsquo;une voie ferr\u00e9e strat\u00e9gique en Pologne. Deux Ukrainiens qui seraient au service de la Russie y ont d\u00e9pos\u00e9 des explosifs. Selon le Premier ministre, ils voulaient provoquer une catastrophe ferroviaire.<br \/>\n                    (France 2)<\/p>\n<p>      2min<\/p>\n<p>\n  Le Premier ministre polonais, Donald Tusk, accuse Moscou d&rsquo;\u00eatre derri\u00e8re l&rsquo;acte de sabotage d&rsquo;une voie ferr\u00e9e strat\u00e9gique en Pologne. Deux Ukrainiens qui seraient au service de la Russie y ont d\u00e9pos\u00e9 des explosifs. Selon le Premier ministre, ils voulaient provoquer une catastrophe ferroviaire.\n<\/p>\n<p><strong>Ce texte correspond \u00e0 une partie de la retranscription du reportage ci-dessus. Cliquez sur la vid\u00e9o pour la regarder dans son int\u00e9gralit\u00e9.<\/strong><\/p>\n<p>Un train immobilis\u00e9 en pleine voie \u00e0 Mika (Pologne). Une ligne de chemin de fer vient d&rsquo;\u00eatre endommag\u00e9e par un explosif. Un acte de <a href=\"https:\/\/www.franceinfo.fr\/monde\/russie\/deux-ukrainiens-au-service-de-moscou-soupconnes-du-sabotage-d-une-voie-ferree-en-pologne_7624793.html\" target=\"_self\" rel=\"noopener noreferrer nofollow\" data-tooltip-url=\"https:\/\/www.franceinfo.fr\/monde\/russie\/deux-ukrainiens-au-service-de-moscou-soupconnes-du-sabotage-d-une-voie-ferree-en-pologne_7624793.html\">sabotage<\/a>, selon les autorit\u00e9s polonaises. Les faits se sont produits ce dimanche 16 novembre dans un petit village au sud de Varsovie. L&rsquo;explosion a endommag\u00e9 un axe strat\u00e9gique. Cette ligne ferroviaire est utilis\u00e9e quotidiennement pour acheminer l&rsquo;aide militaire de l&rsquo;OTAN vers l&rsquo;Ukraine.<\/p>\n<p>Selon le gouvernement polonais, cet acte de sabotage aurait \u00e9t\u00e9 orchestr\u00e9 par la Russie. \u00ab\u00a0Les personnes identifi\u00e9es comme \u00e9tant les suspects de ce sabotage sont deux citoyens ukrainiens, des Ukrainiens qui collaborent depuis bien longtemps avec les services russes\u00a0\u00bb, a expliqu\u00e9 Donald Tusk. Selon les enqu\u00eateurs polonais, peu de temps apr\u00e8s le sabotage, les deux suspects auraient fui le pays pour se rendre en Bi\u00e9lorussie.<\/p>\n<p>Une nouvelle attaque qui fait monter la tension en Europe, car ce n&rsquo;est pas la premi\u00e8re fois que Moscou est accus\u00e9 de vouloir d\u00e9stabiliser un pays de l&rsquo;OTAN. En septembre dernier d\u00e9j\u00e0, la Pologne avait \u00e9t\u00e9 survol\u00e9e par des drones envoy\u00e9s par la Russie.<\/p>\n<p>Pour Emmanuel Macron, l&rsquo;objectif de ce sabotage est de perturber le soutien militaire \u00e0 l&rsquo;Ukraine : \u00ab\u00a0Il est \u00e9vident que cela vient entraver aujourd&rsquo;hui les cha\u00eenes logistiques, mais cela r\u00e9affirme la constance qui doit \u00eatre la n\u00f4tre et le soutien \u00e0 l&rsquo;Ukraine dans toutes ses capacit\u00e9s.\u00a0\u00bb<\/p>\n<p>Face aux accusations polonaises, le Kremlin a r\u00e9agi en accusant la Pologne de russophobie. De son c\u00f4t\u00e9, Varsovie a d\u00e9ploy\u00e9 l&rsquo;arm\u00e9e pour s\u00e9curiser la ligne de chemin de fer vis\u00e9e, afin d&rsquo;\u00e9viter toute nouvelle tentative de sabotage.<\/p>\n","protected":false},"excerpt":{"rendered":"lire plus tard Pour sauvegarder cet article, connectez-vous ou cr\u00e9ez un compte franceinfo Sans paiement. Sans abonnement. Fermer&hellip;\n","protected":false},"author":2,"featured_media":543484,"comment_status":"","ping_status":"","sticky":false,"template":"","format":"standard","meta":{"footnotes":""},"categories":[1591],"tags":[11,1887,12,1885,1886,132],"class_list":{"0":"post-543483","1":"post","2":"type-post","3":"status-publish","4":"format-standard","5":"has-post-thumbnail","7":"category-russie","8":"tag-actualites","9":"tag-federation-de-russie","10":"tag-news","11":"tag-russia","12":"tag-russian-federation","13":"tag-russie"},"share_on_mastodon":{"url":"https:\/\/pubeurope.com\/@fr\/115573304389248323","error":""},"_links":{"self":[{"href":"https:\/\/www.europesays.com\/fr\/wp-json\/wp\/v2\/posts\/543483","targetHints":{"allow":["GET"]}}],"collection":[{"href":"https:\/\/www.europesays.com\/fr\/wp-json\/wp\/v2\/posts"}],"about":[{"href":"https:\/\/www.europesays.com\/fr\/wp-json\/wp\/v2\/types\/post"}],"author":[{"embeddable":true,"href":"https:\/\/www.europesays.com\/fr\/wp-json\/wp\/v2\/users\/2"}],"replies":[{"embeddable":true,"href":"https:\/\/www.europesays.com\/fr\/wp-json\/wp\/v2\/comments?post=543483"}],"version-history":[{"count":0,"href":"https:\/\/www.europesays.com\/fr\/wp-json\/wp\/v2\/posts\/543483\/revisions"}],"wp:featuredmedia":[{"embeddable":true,"href":"https:\/\/www.europesays.com\/fr\/wp-json\/wp\/v2\/media\/543484"}],"wp:attachment":[{"href":"https:\/\/www.europesays.com\/fr\/wp-json\/wp\/v2\/media?parent=543483"}],"wp:term":[{"taxonomy":"category","embeddable":true,"href":"https:\/\/www.europesays.com\/fr\/wp-json\/wp\/v2\/categories?post=543483"},{"taxonomy":"post_tag","embeddable":true,"href":"https:\/\/www.europesays.com\/fr\/wp-json\/wp\/v2\/tags?post=543483"}],"curies":[{"name":"wp","href":"https:\/\/api.w.org\/{rel}","templated":true}]}}