{"id":543485,"date":"2025-11-18T23:30:30","date_gmt":"2025-11-18T23:30:30","guid":{"rendered":"https:\/\/www.europesays.com\/fr\/543485\/"},"modified":"2025-11-18T23:30:30","modified_gmt":"2025-11-18T23:30:30","slug":"ukraine-nigeria-mesures-anti-immigration-aux-etats-unis-leon-xiv-repond-aux-journalistes","status":"publish","type":"post","link":"https:\/\/www.europesays.com\/fr\/543485\/","title":{"rendered":"Ukraine, Nig\u00e9ria, mesures anti immigration aux Etats-Unis: L\u00e9on XIV r\u00e9pond aux journalistes"},"content":{"rendered":"<p>En quittant la r\u00e9sidence de Castel Gandolfo, L\u00e9on XIV \u00e9voque le Nig\u00e9ria, d\u00e9non\u00e7ant les massacres de chr\u00e9tiens et de musulmans. Il exhorte le gouvernement et la population \u00e0 promouvoir une v\u00e9ritable libert\u00e9 religieuse. Concernant les mesures prises contre les migrants aux \u00c9tats-Unis, il appelle \u00e0 traiter chacun avec humanit\u00e9 et dignit\u00e9. Il aborde ensuite d&rsquo;\u00e9ventuels voyages en Am\u00e9rique latine l&rsquo;ann\u00e9e prochaine et explique comment il occupe ses jours de cong\u00e9 entre lecture et sport.<\/p>\n<p><b>Vatican news<\/b><\/p>\n<p>De la paix en Ukraine aux mesures prises contre les migrants aux \u00c9tats-Unis et le terrorisme au Nig\u00e9ria, en passant par ses \u00e9ventuels voyages en 2026 et ses s\u00e9jours \u00e0 Castel Gandolfo, les questions d\u2019ordre internationale et personnel ont \u00e9t\u00e9 au c\u0153ur de la rencontre de ce mardi soir 18 novembre entre le Pape L\u00e9on XIV et un groupe de journalistes de diff\u00e9rentes langues et de diff\u00e9rents m\u00e9dias pr\u00e9sents dans la petite ville du Latium, o\u00f9 le Pape s\u00e9journe presque chaque mardi pour sa journ\u00e9e de repos hebdomadaire.<\/p>\n<p><b>La paix en Ukraine<\/b> <\/p>\n<p>Devant sa r\u00e9sidence, la Villa Barberini, accueilli par les applaudissements et les cris de la foule mass\u00e9e dans les rues, le Pape, comme \u00e0 son habitude, a r\u00e9pondu aux questions des journalistes, en commen\u00e7ant par une question sur l&rsquo;Ukraine, toujours en proie \u00e0 d&rsquo;importants bombardements russes. \u00c0 la veille de la tentative de reprise des n\u00e9gociations en Turquie, le Pape a \u00e9t\u00e9 interrog\u00e9 sur la possibilit\u00e9 de c\u00e9der des territoires \u00e0 la Russie pour mettre fin \u00e0 la guerre. Cette \u00e9ventualit\u00e9 a r\u00e9cemment \u00e9t\u00e9 \u00e9voqu\u00e9e par le pr\u00e9sident am\u00e9ricain Donald Trump. \u00abC&rsquo;est une d\u00e9cision qu&rsquo;ils doivent prendre; la constitution ukrainienne est tr\u00e8s claire\u00bb, a d\u00e9clar\u00e9 L\u00e9on XIV. \u00abLe probl\u00e8me, c&rsquo;est qu&rsquo;il n&rsquo;y a pas de cessez-le-feu; ils n&rsquo;arrivent pas \u00e0 un point o\u00f9 ils pourraient dialoguer et trouver une solution \u00e0 ce probl\u00e8me\u2026 Malheureusement, des gens meurent chaque jour. Je pense que nous devons insister sur la paix, en commen\u00e7ant par ce cessez-le-feu, et ensuite seulement, nous pourrons dialoguer.\u00bb<\/p>\n<p><b>Mesures anti immigration aux \u00c9tats-Unis<\/b> <\/p>\n<p>Le Pape a \u00e9galement comment\u00e9 la d\u00e9claration du 13 novembre de la conf\u00e9rence des \u00e9v\u00eaques catholiques des \u00c9tats-Unis sur les migrants et les demandeurs d&rsquo;asile, publi\u00e9e \u00e0 Baltimore, o\u00f9 se tenait l&rsquo;assembl\u00e9e pl\u00e9ni\u00e8re des \u00e9v\u00eaques am\u00e9ricains. Leur lettre pastorale dit \u00abnon\u00bb aux expulsions massives; elle exprime leur inqui\u00e9tude face \u00e0 la situation dans le pays et r\u00e9affirme que la s\u00e9curit\u00e9 nationale et la protection de la dignit\u00e9 humaine ne sont pas incompatibles. \u00c0 cet \u00e9gard, le Pape a salu\u00e9 la d\u00e9claration des \u00e9v\u00eaques, la qualifiant de \u00abtr\u00e8s importante\u00bb. \u00abJ&rsquo;invite particuli\u00e8rement tous les catholiques, mais aussi toutes les personnes de bonne volont\u00e9, \u00e0 \u00e9couter attentivement leurs propos. Je crois que nous devons chercher les moyens de traiter les personnes avec humanit\u00e9, en leur t\u00e9moignant la dignit\u00e9 qui leur est due.\u00bb<\/p>\n<p>\u00abSi quelqu&rsquo;un se trouve ill\u00e9galement aux \u00c9tats-Unis, il existe des proc\u00e9dures. Il y a des tribunaux. Il y a un syst\u00e8me judiciaire. Je crois que ce syst\u00e8me pr\u00e9sente plusieurs probl\u00e8mes. Personne n&rsquo;a dit que les \u00c9tats-Unis devaient avoir des fronti\u00e8res ouvertes\u00bb, a soulign\u00e9 le Pape. \u00abJe pense que chaque pays a le droit de d\u00e9terminer qui entre sur son territoire, comment et quand.\u00bb Cependant, L\u00e9on XIV fait part de ses doutes: \u00ablorsque des personnes m\u00e8nent une vie respectable, et pour beaucoup d&rsquo;entre elles depuis 10, 15, 20 ans\u2026 les traiter d&rsquo;une mani\u00e8re pour le moins extr\u00eamement irrespectueuse\u2026 et il y a eu des violences.\u00bb \u00abLes \u00e9v\u00eaques ont \u00e9t\u00e9 tr\u00e8s clairs dans leurs propos. J&rsquo;invite simplement tous les Am\u00e9ricains \u00e0 les \u00e9couter\u00bb, a d\u00e9clar\u00e9 le pape L\u00e9on XIV.<\/p>\n<p>     <a href=\"https:\/\/www.vaticannews.va\/fr\/eglise\/news\/2025-11\/les-eveques-americains-aux-immigrants-nous-sommes-solidaires.html\" title=\"Les \u00e9v\u00eaques am\u00e9ricains d\u00e9noncent la politique migratoire r\u00e9pressive de l&#039;administration Trump \" target=\"_blank\" rel=\"noopener\"><\/p>\n<p>        <img decoding=\"async\" src=\"data:image\/gif;base64,R0lGODlhAQABAIAAAAAAAP\/\/\/yH5BAEAAAAALAAAAAABAAEAAAIBRAA7\" data-original=\"https:\/\/www.vaticannews.va\/content\/dam\/vaticannews\/agenzie\/images\/ansa\/2024\/05\/28\/19\/1716916675368.jpg\/_jcr_content\/renditions\/cq5dam.thumbnail.cropped.500.281.jpeg\" alt=\"Les \u00e9v\u00eaques am\u00e9ricains d\u00e9noncent la politique migratoire r\u00e9pressive de l'administration Trump \"\/><\/p>\n<p>      <\/a><\/p>\n<p>\n      Dans un \u00abmessage sp\u00e9cial\u00bb sur l&rsquo;immigration, les \u00e9v\u00eaques des \u00c9tats-Unis assurent les immigrants de leur solidarit\u00e9 et appellent \u00e0 une \u00abr\u00e9forme significative\u00bb des lois nationales &#8230;\n     <\/p>\n<p><b>Pers\u00e9cutions au Nig\u00e9ria<\/b> <\/p>\n<p>Le Pape a ensuite port\u00e9 son attention sur l&rsquo;Afrique, et plus particuli\u00e8rement sur le Nig\u00e9ria \u2013pays d\u00e9j\u00e0 \u00e9voqu\u00e9 lors de l&rsquo;Ang\u00e9lus de dimanche dernier\u2013 et sur la vague de haine et de violence qui frappe les chr\u00e9tiens et d&rsquo;autres populations: \u00abJe pense qu&rsquo;au Nig\u00e9ria et ailleurs, il existe un danger certain pour les chr\u00e9tiens, mais aussi pour tous; des chr\u00e9tiens et des musulmans ont \u00e9t\u00e9 massacr\u00e9s. Le terrorisme est li\u00e9 \u00e0 l&rsquo;\u00e9conomie de guerre pour le contr\u00f4le des territoires. Malheureusement, de nombreux chr\u00e9tiens ont p\u00e9ri, et il est essentiel, \u00e0 mon sens, que le gouvernement et tous les peuples s&rsquo;efforcent de promouvoir une v\u00e9ritable libert\u00e9 religieuse.\u00bb<\/p>\n<p>     <a href=\"https:\/\/www.vaticannews.va\/fr\/podcast\/temoins-de-l-espeance\/2025\/11\/des-chretiens-dans-la-peur-au-nigeria.html\" title=\"Des chr\u00e9tiens dans la peur au Nig\u00e9ria\" target=\"_blank\" rel=\"noopener\"><\/p>\n<p>        <img decoding=\"async\" src=\"data:image\/gif;base64,R0lGODlhAQABAIAAAAAAAP\/\/\/yH5BAEAAAAALAAAAAABAAEAAAIBRAA7\" data-original=\"https:\/\/www.vaticannews.va\/content\/dam\/vaticannews\/multimedia\/2022\/07\/01\/291275062_2536795683124249_2436237803551470116_n.jpg\/_jcr_content\/renditions\/cq5dam.thumbnail.cropped.500.281.jpeg\" alt=\"Des chr\u00e9tiens dans la peur au Nig\u00e9ria\"\/><\/p>\n<p>      <\/a><\/p>\n<p>\n      Au Nigeria, les chr\u00e9tiens vivent une souffrance qui semble sans fin. En 16 ans, les djihadistes ont attaqu\u00e9 et d\u00e9truit ou endommag\u00e9 pr\u00e8s de 2\n     <\/p>\n<p><b>Les voyages<\/b> <\/p>\n<p>L\u2019\u00e9v\u00eaque de Rome a \u00e9galement \u00e9t\u00e9 questionn\u00e9 sur un \u00e9ventuel voyage en Am\u00e9rique latine, en commen\u00e7ant par le P\u00e9rou, o\u00f9 il a \u00e9t\u00e9 missionnaire pendant plus de vingt ans. \u00abPendant l&rsquo;Ann\u00e9e jubilaire, nous continuerons nos activit\u00e9s quotidiennes et nous programmerons quelque chose l&rsquo;ann\u00e9e prochaine.\u00bb \u00abJ&rsquo;ai toujours aim\u00e9 voyager\u00bb, a ajout\u00e9 le Pape, \u00abmais le d\u00e9fi est de concilier cela avec tous mes engagements.\u00bb Quoi qu&rsquo;il en soit, les destinations possibles qu&rsquo;il a mentionn\u00e9es pourraient \u00eatre Fatima, Guadalupe au Mexique, ou encore l&rsquo;Uruguay, l&rsquo;Argentine et \u00ab\u00e9videmment\u00bb le P\u00e9rou.<\/p>\n<p><b>Les journ\u00e9es \u00e0 Castel Gandolfo<\/b> <\/p>\n<p>Le Pape a \u00e9galement satisfait la curiosit\u00e9 des journalistes et du public en expliquant comment il passe ses mardis \u00e0 Castel Gandolfo: \u00abUn peu de sport, un peu de lecture, un peu de travail. Il y a du courrier tous les jours, des appels t\u00e9l\u00e9phoniques, certaines affaires peut-\u00eatre plus importantes, plus urgentes, un peu de tennis, un peu de natation.\u00bb Et \u00e0 la question de savoir pourquoi il a besoin de cette \u00abpause\u00bb dans sa routine hebdomadaire, il a r\u00e9pondu: \u00abJe pense que les \u00eatres humains ont vraiment besoin de prendre soin d\u2019eux-m\u00eames. Chacun devrait faire un peu d\u2019activit\u00e9 pour le corps et l\u2019esprit. Je trouve cela tr\u00e8s b\u00e9n\u00e9fique.\u00bb C\u2019est \u00abune pause\u00bb, a d\u00e9clar\u00e9 le Souverain pontife, \u00abqui fait beaucoup de bien\u00bb.<\/p>\n<p>     <a href=\"https:\/\/www.vaticannews.va\/fr\/pape\/news\/2025-07\/papes-leon-xiv-castel-gandolfo-ete.html\" title=\"Castel Gandolfo, la r\u00e9sidence d&#039;\u00e9t\u00e9 du Pape entre histoire, art et curiosit\u00e9s\" target=\"_blank\" rel=\"noopener\"><\/p>\n<p>        <img decoding=\"async\" src=\"data:image\/gif;base64,R0lGODlhAQABAIAAAAAAAP\/\/\/yH5BAEAAAAALAAAAAABAAEAAAIBRAA7\" data-original=\"https:\/\/www.vaticannews.va\/content\/dam\/vaticannews\/multimedia\/2025\/luglio\/04\/IMG_20240306_091355aem.jpg\/_jcr_content\/renditions\/cq5dam.thumbnail.cropped.500.281.jpeg\" alt=\"Castel Gandolfo, la r\u00e9sidence d'\u00e9t\u00e9 du Pape entre histoire, art et curiosit\u00e9s\"\/><\/p>\n<p>      <\/a><\/p>\n<p>\n      L\u00e9on XIV sera le seizi\u00e8me Pape \u00e0 s\u00e9journer dans le lieu choisi comme r\u00e9sidence d&rsquo;\u00e9t\u00e9 par les Pontifes depuis le milieu du XVIIe si\u00e8cle. Le Palais apostolique, visit\u00e9 \u00e0 trois &#8230;\n     <\/p>\n<p><b>L&rsquo;affaire de l&rsquo;\u00e9v\u00eaque de Cadix<\/b> <\/p>\n<p>Suite \u00e0 son audience avec la Conf\u00e9rence \u00e9piscopale espagnole, le Pape a \u00e9t\u00e9 interrog\u00e9 sur l&rsquo;affaire de l&rsquo;\u00e9v\u00eaque de Cadix et Ceuta, Rafael Zornoza, accus\u00e9 d&rsquo;abus sexuels dans les ann\u00e9es 1990. \u00abChaque affaire suit un protocole bien \u00e9tabli\u00bb, a-t-il d\u00e9clar\u00e9. Concernant le cas particulier de Mgr Zornoza, \u00abl&rsquo;\u00e9v\u00eaque lui-m\u00eame a d\u00fb r\u00e9pondre et clame son innocence. Une enqu\u00eate a \u00e9t\u00e9 ouverte et nous devons la laisser suivre son cours; en fonction des conclusions, il y aura des cons\u00e9quences.\u00bb S&rsquo;adressant aux victimes, le Pape a d&rsquo;abord exprim\u00e9 le souhait \u00abqu&rsquo;elles trouvent un lieu s\u00fbr o\u00f9 elles puissent parler, o\u00f9 elles puissent pr\u00e9senter leur version des faits\u00bb. Par ailleurs, \u00abil est \u00e9galement important de respecter la dur\u00e9e des proc\u00e9dures, mais nous avons d\u00e9j\u00e0 \u00e9voqu\u00e9 la n\u00e9cessit\u00e9 de suivre les \u00e9tapes indiqu\u00e9es par le syst\u00e8me judiciaire, en l&rsquo;occurrence, par l&rsquo;\u00c9glise.\u00bb<\/p>\n<p>\u00a0<\/p>\n","protected":false},"excerpt":{"rendered":"En quittant la r\u00e9sidence de Castel Gandolfo, L\u00e9on XIV \u00e9voque le Nig\u00e9ria, d\u00e9non\u00e7ant les massacres de chr\u00e9tiens et&hellip;\n","protected":false},"author":2,"featured_media":543486,"comment_status":"","ping_status":"","sticky":false,"template":"","format":"standard","meta":{"footnotes":""},"categories":[1590],"tags":[11,66155,2956,1777,674,500,12,20114,220],"class_list":{"0":"post-543485","1":"post","2":"type-post","3":"status-publish","4":"format-standard","5":"has-post-thumbnail","7":"category-ukraine","8":"tag-actualites","9":"tag-castel-gandolfo","10":"tag-entretien","11":"tag-eu","12":"tag-europe","13":"tag-medias","14":"tag-news","15":"tag-pape-leon-xiv","16":"tag-ukraine"},"share_on_mastodon":{"url":"https:\/\/pubeurope.com\/@fr\/115573307646752103","error":""},"_links":{"self":[{"href":"https:\/\/www.europesays.com\/fr\/wp-json\/wp\/v2\/posts\/543485","targetHints":{"allow":["GET"]}}],"collection":[{"href":"https:\/\/www.europesays.com\/fr\/wp-json\/wp\/v2\/posts"}],"about":[{"href":"https:\/\/www.europesays.com\/fr\/wp-json\/wp\/v2\/types\/post"}],"author":[{"embeddable":true,"href":"https:\/\/www.europesays.com\/fr\/wp-json\/wp\/v2\/users\/2"}],"replies":[{"embeddable":true,"href":"https:\/\/www.europesays.com\/fr\/wp-json\/wp\/v2\/comments?post=543485"}],"version-history":[{"count":0,"href":"https:\/\/www.europesays.com\/fr\/wp-json\/wp\/v2\/posts\/543485\/revisions"}],"wp:featuredmedia":[{"embeddable":true,"href":"https:\/\/www.europesays.com\/fr\/wp-json\/wp\/v2\/media\/543486"}],"wp:attachment":[{"href":"https:\/\/www.europesays.com\/fr\/wp-json\/wp\/v2\/media?parent=543485"}],"wp:term":[{"taxonomy":"category","embeddable":true,"href":"https:\/\/www.europesays.com\/fr\/wp-json\/wp\/v2\/categories?post=543485"},{"taxonomy":"post_tag","embeddable":true,"href":"https:\/\/www.europesays.com\/fr\/wp-json\/wp\/v2\/tags?post=543485"}],"curies":[{"name":"wp","href":"https:\/\/api.w.org\/{rel}","templated":true}]}}