{"id":543487,"date":"2025-11-18T23:32:18","date_gmt":"2025-11-18T23:32:18","guid":{"rendered":"https:\/\/www.europesays.com\/fr\/543487\/"},"modified":"2025-11-18T23:32:18","modified_gmt":"2025-11-18T23:32:18","slug":"vatican-etats-unis-usa-le-pape-denonce-le-traitement-des-migrants","status":"publish","type":"post","link":"https:\/\/www.europesays.com\/fr\/543487\/","title":{"rendered":"Vatican Etats-Unis. USA: le pape d\u00e9nonce le traitement des migrants"},"content":{"rendered":"<p class=\"paragraph-1-base\">\u00ab\u00a0Tout pays a le droit de d\u00e9terminer qui peut entrer, quand et comment\u00a0\u00bb, a-t-il admis. Mais il y a des gens \u00ab\u00a0qui avaient une bonne vie, pour beaucoup d&rsquo;entre eux depuis 10, 15, 20 ans\u00a0\u00bb, et qui ont \u00e9t\u00e9 trait\u00e9s d&rsquo;une mani\u00e8re \u00ab\u00a0qui est extr\u00eamement irrespectueuse\u00a0\u00bb, a-t-il ajout\u00e9.<\/p>\n<p class=\"paragraph-1-base\">Il a appel\u00e9 \u00ab\u00a0tout le monde aux Etats-Unis\u00a0\u00bb \u00e0 \u00e9couter le message de la conf\u00e9rence am\u00e9ricaine du clerg\u00e9 catholique, qui dans un communiqu\u00e9 a appel\u00e9 la semaine derni\u00e8re \u00e0 mettre fin au \u00ab\u00a0climat de peur\u00a0\u00bb.<\/p>\n<p class=\"paragraph-1-base\">Pape depuis mai dernier, L\u00e9on XIV, natif de Chicago, est devenu de plus en plus critique \u00e0 l&rsquo;\u00e9gard de la politique de l&rsquo;administration Trump.<\/p>\n<p class=\"paragraph-1-base\">Il a \u00e9galement \u00e9voqu\u00e9 la situation au Nigeria, o\u00f9 le pr\u00e9sident am\u00e9ricain a menac\u00e9 d&rsquo;une intervention militaire pour d\u00e9fendre la communaut\u00e9 chr\u00e9tienne.<\/p>\n<p class=\"paragraph-1-base\">Le Nigeria, partag\u00e9 \u00e0 peu pr\u00e8s \u00e9galement entre un nord majoritairement musulman et un sud \u00e0 pr\u00e9dominance chr\u00e9tienne, est en proie \u00e0 de multiples conflits qui, selon les experts, ont fait des victimes parmi les chr\u00e9tiens comme parmi les musulmans.<\/p>\n<p class=\"paragraph-1-base\">Il y a dans ce pays non seulement \u00ab\u00a0un danger pour les chr\u00e9tiens, mais pour tout le monde\u00a0\u00bb, a dit le pape. \u00ab\u00a0Des chr\u00e9tiens et des musulmans ont \u00e9t\u00e9 massacr\u00e9s\u00a0\u00bb, a-t-il soulign\u00e9.<\/p>\n<p class=\"paragraph-1-base after:text-primary after:heading-2-xl after:relative after:top-[2px] after:pl-1 after:!leading-[18px] after:text-primary-300 after:content-[&quot;\u00bb&quot;] dark:after:text-primary-300\">Il a enfin indiqu\u00e9 aux journalistes s&rsquo;attacher lors de ses s\u00e9jours dans cette r\u00e9sidence \u00e0 faire \u00ab\u00a0un peu de sport, un peu de lecture, un peu de travail\u00a0\u00bb. \u00ab\u00a0Le corps et l&rsquo;\u00e2me\u00a0\u00bb, a-t-il ajout\u00e9.<\/p>\n","protected":false},"excerpt":{"rendered":"\u00ab\u00a0Tout pays a le droit de d\u00e9terminer qui peut entrer, quand et comment\u00a0\u00bb, a-t-il admis. Mais il y&hellip;\n","protected":false},"author":2,"featured_media":543488,"comment_status":"","ping_status":"","sticky":false,"template":"","format":"standard","meta":{"footnotes":""},"categories":[1589],"tags":[11,13772,6211,73,1866,12,4565,12672,316,3499,1864,1865,1863,308],"class_list":{"0":"post-543487","1":"post","2":"type-post","3":"status-publish","4":"format-standard","5":"has-post-thumbnail","7":"category-etats-unis","8":"tag-actualites","9":"tag-anglais","10":"tag-conference","11":"tag-etats-unis","12":"tag-etats-unis-damerique","13":"tag-news","14":"tag-nouveau","15":"tag-pape","16":"tag-politique","17":"tag-rome","18":"tag-united-states","19":"tag-united-states-of-america","20":"tag-us","21":"tag-usa"},"share_on_mastodon":{"url":"https:\/\/pubeurope.com\/@fr\/115573315637069944","error":""},"_links":{"self":[{"href":"https:\/\/www.europesays.com\/fr\/wp-json\/wp\/v2\/posts\/543487","targetHints":{"allow":["GET"]}}],"collection":[{"href":"https:\/\/www.europesays.com\/fr\/wp-json\/wp\/v2\/posts"}],"about":[{"href":"https:\/\/www.europesays.com\/fr\/wp-json\/wp\/v2\/types\/post"}],"author":[{"embeddable":true,"href":"https:\/\/www.europesays.com\/fr\/wp-json\/wp\/v2\/users\/2"}],"replies":[{"embeddable":true,"href":"https:\/\/www.europesays.com\/fr\/wp-json\/wp\/v2\/comments?post=543487"}],"version-history":[{"count":0,"href":"https:\/\/www.europesays.com\/fr\/wp-json\/wp\/v2\/posts\/543487\/revisions"}],"wp:featuredmedia":[{"embeddable":true,"href":"https:\/\/www.europesays.com\/fr\/wp-json\/wp\/v2\/media\/543488"}],"wp:attachment":[{"href":"https:\/\/www.europesays.com\/fr\/wp-json\/wp\/v2\/media?parent=543487"}],"wp:term":[{"taxonomy":"category","embeddable":true,"href":"https:\/\/www.europesays.com\/fr\/wp-json\/wp\/v2\/categories?post=543487"},{"taxonomy":"post_tag","embeddable":true,"href":"https:\/\/www.europesays.com\/fr\/wp-json\/wp\/v2\/tags?post=543487"}],"curies":[{"name":"wp","href":"https:\/\/api.w.org\/{rel}","templated":true}]}}