{"id":543491,"date":"2025-11-18T23:34:14","date_gmt":"2025-11-18T23:34:14","guid":{"rendered":"https:\/\/www.europesays.com\/fr\/543491\/"},"modified":"2025-11-18T23:34:14","modified_gmt":"2025-11-18T23:34:14","slug":"joshua-zirkzee-a-une-touche-en-allemagne","status":"publish","type":"post","link":"https:\/\/www.europesays.com\/fr\/543491\/","title":{"rendered":"Joshua Zirkzee a une touche en Allemagne"},"content":{"rendered":"<p><strong>Joshua Zirkzee ne devrait pas rester longtemps \u00e0 Manchester United. L\u2019international n\u00e9erlandais est courtis\u00e9 en Allemagne. <\/strong><\/p>\n<p>Lors de l\u2019\u00e9t\u00e9 2024, <a href=\"https:\/\/www.les-transferts.com\/joueur\/joshua-zirkzee\/\" rel=\"nofollow noopener\" target=\"_blank\">Joshua Zirkzee<\/a> pose ses valises \u00e0 <a href=\"https:\/\/www.les-transferts.com\/club\/manchester-united\/\" rel=\"nofollow noopener\" target=\"_blank\">Manchester United<\/a>. Mais l\u2019attaquant se casse la dent et peine \u00e0 s\u2019imposer dans l\u2019effectif des Red Devils. Mais le joueur qui n\u2019a disput\u00e9 que 4 matchs en Premier League a plusieurs courtisans. <\/p>\n<p><a href=\"https:\/\/www.les-transferts.com\/rumeurs-transferts\/manchester-united-un-club-italien-negocie-pour-joshua-zirkzee\/\" rel=\"nofollow noopener\" target=\"_blank\">Le natif de Schiedam est dans le viseur du Milan AC<\/a> et de l\u2019AS Rome. Mais il n\u2019 y a pas que l\u2019Italie qui est int\u00e9ress\u00e9e par l\u2019ancien joueur de Bologne. Selon les informations du journaliste Ekrem Konur, Joshua Zirkzee est vis\u00e9 en France (AS Monaco et le Sporting CP) et du Portugal en Allemagne. <\/p>\n<p>Selon les informations de Transferfeed, Joshua Zirkzee est sur les radars de <a href=\"https:\/\/www.les-transferts.com\/club\/rb-leipzig\/\" rel=\"nofollow noopener\" target=\"_blank\">Leipzig<\/a>. <strong>L\u2019\u00e9quipe du Red Bull est consid\u00e9r\u00e9e comme une destination potentielle pour le joueur<\/strong>. <\/p>\n<\/p>\n<p>Pour rappel, Joshua Zirkzee est li\u00e9 \u00e0 Manchester United jusqu\u2019en juin 2029. <\/p>\n<p>Fan inconditionnel du Bar\u00e7a, je d\u00e9bute ma carri\u00e8re de journaliste en 2015. J\u2019ai couvert la CAN 2017 au Gabon et le mondial 2022 au Qatar entre autres. Commentateur des matchs foot, j\u2019ai r\u00e9cemment pris go\u00fbt pour l\u2019EuroLeague de Basket dont mon joueur pr\u00e9f\u00e9r\u00e9 est Facundo Campazzo.<\/p>\n","protected":false},"excerpt":{"rendered":"Joshua Zirkzee ne devrait pas rester longtemps \u00e0 Manchester United. L\u2019international n\u00e9erlandais est courtis\u00e9 en Allemagne. Lors de&hellip;\n","protected":false},"author":2,"featured_media":543492,"comment_status":"","ping_status":"","sticky":false,"template":"","format":"standard","meta":{"footnotes":""},"categories":[1587],"tags":[11,672,1804,1805,1803,1777,674,1801,12,1802],"class_list":{"0":"post-543491","1":"post","2":"type-post","3":"status-publish","4":"format-standard","5":"has-post-thumbnail","7":"category-allemagne","8":"tag-actualites","9":"tag-allemagne","10":"tag-bundesrepublik-deutschland","11":"tag-de","12":"tag-deutschland","13":"tag-eu","14":"tag-europe","15":"tag-germany","16":"tag-news","17":"tag-republique-federale-dallemagne"},"share_on_mastodon":{"url":"https:\/\/pubeurope.com\/@fr\/115573323486303542","error":""},"_links":{"self":[{"href":"https:\/\/www.europesays.com\/fr\/wp-json\/wp\/v2\/posts\/543491","targetHints":{"allow":["GET"]}}],"collection":[{"href":"https:\/\/www.europesays.com\/fr\/wp-json\/wp\/v2\/posts"}],"about":[{"href":"https:\/\/www.europesays.com\/fr\/wp-json\/wp\/v2\/types\/post"}],"author":[{"embeddable":true,"href":"https:\/\/www.europesays.com\/fr\/wp-json\/wp\/v2\/users\/2"}],"replies":[{"embeddable":true,"href":"https:\/\/www.europesays.com\/fr\/wp-json\/wp\/v2\/comments?post=543491"}],"version-history":[{"count":0,"href":"https:\/\/www.europesays.com\/fr\/wp-json\/wp\/v2\/posts\/543491\/revisions"}],"wp:featuredmedia":[{"embeddable":true,"href":"https:\/\/www.europesays.com\/fr\/wp-json\/wp\/v2\/media\/543492"}],"wp:attachment":[{"href":"https:\/\/www.europesays.com\/fr\/wp-json\/wp\/v2\/media?parent=543491"}],"wp:term":[{"taxonomy":"category","embeddable":true,"href":"https:\/\/www.europesays.com\/fr\/wp-json\/wp\/v2\/categories?post=543491"},{"taxonomy":"post_tag","embeddable":true,"href":"https:\/\/www.europesays.com\/fr\/wp-json\/wp\/v2\/tags?post=543491"}],"curies":[{"name":"wp","href":"https:\/\/api.w.org\/{rel}","templated":true}]}}