{"id":543493,"date":"2025-11-18T23:35:14","date_gmt":"2025-11-18T23:35:14","guid":{"rendered":"https:\/\/www.europesays.com\/fr\/543493\/"},"modified":"2025-11-18T23:35:14","modified_gmt":"2025-11-18T23:35:14","slug":"la-marque-on-court-en-europe-et-sprinte-en-asie","status":"publish","type":"post","link":"https:\/\/www.europesays.com\/fr\/543493\/","title":{"rendered":"La marque On court en Europe et sprinte en Asie"},"content":{"rendered":"<p>\n                                    <b>Publi\u00e9 le<\/b><br \/>\n                                    <\/p>\n<p>                                        19 novembre 2025<\/p>\n<p class=\"article-content col-md-8 offset-md-1\">\n                                La marque On a trouv\u00e9 un nouveau terrain de jeu en Asie. Dans un troisi\u00e8me trimestre 2025 durant lequel ses ventes ont progress\u00e9 de pr\u00e8s de 25% (35% \u00e0 taux de change constant) par rapport \u00e0 l&rsquo;ann\u00e9e pr\u00e9c\u00e9dente avec un chiffre d\u2019affaires net de 794 millions de francs suisses (860 millions d\u2019euros), les ventes sur la zone Asie-Pacifique ont litt\u00e9ralement bondi. Celles-ci atteignent 145 millions de francs suisses sur le trimestre, soit une hausse de 109% \u00e0 change constant: elles ont donc plus que doubl\u00e9, s&rsquo;\u00e9tablissant d\u00e9sormais \u00e0 pr\u00e8s de 20% du chiffre d&rsquo;affaires global de l&rsquo;\u00e9quipementier suisse.\n                            <\/p>\n<p>\n                                Tous droits de reproduction et de repr\u00e9sentation r\u00e9serv\u00e9s.<br \/>\u00a9 2025 FashionNetwork.com\n                            <\/p>\n","protected":false},"excerpt":{"rendered":"Publi\u00e9 le 19 novembre 2025 La marque On a trouv\u00e9 un nouveau terrain de jeu en Asie. Dans&hellip;\n","protected":false},"author":2,"featured_media":543494,"comment_status":"","ping_status":"","sticky":false,"template":"","format":"standard","meta":{"footnotes":""},"categories":[1586],"tags":[11,2424,537,2423,1777,674,1011,27,66156,2425,985,12,2298,2426,2427,25,2421,2422],"class_list":{"0":"post-543493","1":"post","2":"type-post","3":"status-publish","4":"format-standard","5":"has-post-thumbnail","7":"category-europe","8":"tag-actualites","9":"tag-beaute","10":"tag-contact","11":"tag-cosmetiques","12":"tag-eu","13":"tag-europe","14":"tag-fr","15":"tag-france","16":"tag-lotte","17":"tag-luxe","18":"tag-mode","19":"tag-news","20":"tag-parfum","21":"tag-professionnel","22":"tag-professionnels","23":"tag-republique-francaise","24":"tag-reseau","25":"tag-textile"},"share_on_mastodon":{"url":"https:\/\/pubeurope.com\/@fr\/115573327386873041","error":""},"_links":{"self":[{"href":"https:\/\/www.europesays.com\/fr\/wp-json\/wp\/v2\/posts\/543493","targetHints":{"allow":["GET"]}}],"collection":[{"href":"https:\/\/www.europesays.com\/fr\/wp-json\/wp\/v2\/posts"}],"about":[{"href":"https:\/\/www.europesays.com\/fr\/wp-json\/wp\/v2\/types\/post"}],"author":[{"embeddable":true,"href":"https:\/\/www.europesays.com\/fr\/wp-json\/wp\/v2\/users\/2"}],"replies":[{"embeddable":true,"href":"https:\/\/www.europesays.com\/fr\/wp-json\/wp\/v2\/comments?post=543493"}],"version-history":[{"count":0,"href":"https:\/\/www.europesays.com\/fr\/wp-json\/wp\/v2\/posts\/543493\/revisions"}],"wp:featuredmedia":[{"embeddable":true,"href":"https:\/\/www.europesays.com\/fr\/wp-json\/wp\/v2\/media\/543494"}],"wp:attachment":[{"href":"https:\/\/www.europesays.com\/fr\/wp-json\/wp\/v2\/media?parent=543493"}],"wp:term":[{"taxonomy":"category","embeddable":true,"href":"https:\/\/www.europesays.com\/fr\/wp-json\/wp\/v2\/categories?post=543493"},{"taxonomy":"post_tag","embeddable":true,"href":"https:\/\/www.europesays.com\/fr\/wp-json\/wp\/v2\/tags?post=543493"}],"curies":[{"name":"wp","href":"https:\/\/api.w.org\/{rel}","templated":true}]}}