{"id":543504,"date":"2025-11-18T23:42:23","date_gmt":"2025-11-18T23:42:23","guid":{"rendered":"https:\/\/www.europesays.com\/fr\/543504\/"},"modified":"2025-11-18T23:42:23","modified_gmt":"2025-11-18T23:42:23","slug":"rugby-comme-marta-et-delpy-qui-sont-les-25-autres-joueurs-qui-ont-pu-faire-le-tremplin-nationale-prod2-top14","status":"publish","type":"post","link":"https:\/\/www.europesays.com\/fr\/543504\/","title":{"rendered":"RUGBY. Comme Marta et Delpy, qui sont les 25 autres joueurs qui ont pu faire le tremplin Nationale\/ProD2\/Top14 ?"},"content":{"rendered":"<p>Dans un contexte ultra-concurrentiel, nombre d&rsquo;Espoirs de <a href=\"https:\/\/www.lerugbynistere.fr\/championnats\/top-14\" ui-sref=\"app.competition({competitionId: 1})\" alt=\"Top 14\" data-route=\"app.competition\" data-param=\"competitionId\" data-id=\"1\" target=\"_blank\" rel=\"noopener\">Top 14<\/a> et de <a href=\"https:\/\/www.lerugbynistere.fr\/championnats\/pro-d2\" ui-sref=\"app.competition({competitionId: 2})\" alt=\"Pro D2\" data-route=\"app.competition\" data-param=\"competitionId\" data-id=\"2\" target=\"_blank\" rel=\"noopener\">Pro D2<\/a> barr\u00e9s dans leurs clubs n\u2019h\u00e9sitent plus \u00e0 descendre en <a href=\"https:\/\/www.lerugbynistere.fr\/championnats\/nationale\" ui-sref=\"app.competition({competitionId: 80})\" alt=\"Nationale\" data-route=\"app.competition\" data-param=\"competitionId\" data-id=\"80\" target=\"_blank\" rel=\"noopener\">Nationale<\/a> 1 ou 2 pour trouver du temps de jeu et esp\u00e9rer rebondir. Certains y font d&rsquo;ailleurs aujourd&rsquo;hui un beau bonhomme de chemin <strong>comme le 3\u00e8me ligne de Nice <a href=\"https:\/\/www.lerugbynistere.fr\/fiches-joueurs\/arthur-vignolles.php\" ui-sref=\"app.player({playerId: 12732})\" alt=\"Arthur Vignolles\" data-route=\"app.player\" data-param=\"playerId\" data-id=\"12732\" target=\"_blank\" rel=\"noopener\">Arthur Vignolles<\/a><\/strong>, autrefois champion de <a href=\"https:\/\/www.lerugbynistere.fr\/equipes-nationales\/xv-de-france.php\" ui-sref=\"app.team({teamId: 65})\" alt=\"France\" data-route=\"app.team\" data-param=\"teamId\" data-id=\"65\" target=\"_blank\" rel=\"noopener\">France<\/a> Espoirs avec le Stade Toulousain (en 2021) et cadre de Nissa Rugby depuis plusieurs saisons d\u00e9sormais.<\/p>\n<p><a class=\"inserer_lien_article\" href=\"https:\/\/www.lerugbynistere.fr\/news\/thibault-clauzade-llllllllllllllllllllffffffffffffffff-0607231938.php\" data-id=\"38559\" data-route=\"app.article\" data-param=\"articleId\" ui-sref=\"app.article({articleId: 38559})\" alt=\"NATIONALE. Alldritt, capitaine d&#039;Auch \u00e0 22 ans... qui est Thibault Clauzade, le 3\u00e8me ligne du RC Narbonne ?\" title=\"NATIONALE. Alldritt, capitaine d&#039;Auch \u00e0 22 ans... qui est Thibault Clauzade, le 3\u00e8me ligne du RC Narbonne ?\" target=\"_blank\" rel=\"noopener\"><img decoding=\"async\" src=\"https:\/\/www.europesays.com\/fr\/wp-content\/uploads\/2025\/11\/yt-06-07-23-8017.jpg\" alt=\"NATIONALE. Alldritt, capitaine d'Auch \u00e0 22 ans... qui est Thibault Clauzade, le 3\u00e8me ligne du RC Narbonne ?\"\/>NATIONALE. Alldritt, capitaine d&rsquo;Auch \u00e0 22 ans&#8230; qui est Thibault Clauzade, le 3\u00e8me ligne du RC Narbonne ?<\/a><\/p>\n<p>Ou encore son co\u00e9quipier Cl\u00e9ment \u00c9giziano, qui connut quelques feuilles de match avec les pros du RCT \u00e0 19 ans avant de prendre le chemin de la Nationale 1 pour grandir en suivant. Et de devenir l&rsquo;un des joueurs les plus impressionnants (23 essais en 63 matchs) de ce championnat aujourd&rsquo;hui, \u00e0 pas encore 24 ans.<\/p>\n<p><a class=\"inserer_lien_article\" href=\"https:\/\/www.lerugbynistere.fr\/news\/rugby-pele-egiziano-rasaku-les-5-joueurs-a-suivre-cette-saison-en-nationale-1-1908251751.php\" data-id=\"45869\" data-route=\"app.article\" data-param=\"articleId\" ui-sref=\"app.article({articleId: 45869})\" alt=\"RUGBY. Pel\u00e9, Egiziano, Rasaku\u2026 Les 5 joueurs \u00e0 suivre cette saison en Nationale 1\" title=\"RUGBY. Pel\u00e9, Egiziano, Rasaku\u2026 Les 5 joueurs \u00e0 suivre cette saison en Nationale 1\" target=\"_blank\" rel=\"noopener\"><img decoding=\"async\" src=\"https:\/\/www.europesays.com\/fr\/wp-content\/uploads\/2025\/10\/yt-25-06-25-7623.jpg\" alt=\"RUGBY. Pel\u00e9, Egiziano, Rasaku\u2026 Les 5 joueurs \u00e0 suivre cette saison en Nationale 1\"\/>RUGBY. Pel\u00e9, Egiziano, Rasaku\u2026 Les 5 joueurs \u00e0 suivre cette saison en Nationale 1<\/a><\/p>\n<p>Alors que l&rsquo;ailier ou centre <a href=\"https:\/\/www.lerugbynistere.fr\/fiches-joueurs\/hugo-navizet.php\" ui-sref=\"app.player({playerId: 12110})\" alt=\"Hugo Navizet\" data-route=\"app.player\" data-param=\"playerId\" data-id=\"12110\" target=\"_blank\" rel=\"noopener\">Hugo Navizet<\/a>, 26 feuilles de match en Pro D2 avec <a href=\"https:\/\/www.lerugbynistere.fr\/amateur\/provence\/\" ui-sref=\"app.committee\" alt=\"Provence\" data-route=\"app.committee\" data-param=\"committeeId\" data-id=\"33\" target=\"_blank\" rel=\"noopener\">Provence<\/a> Rugby, a cet \u00e9t\u00e9 franchi le pas en s&rsquo;engageant \u00e0 Suresnes, \u00e0 l&rsquo;autre bout de la France, apr\u00e8s une saison blanche suite \u00e0 une blessure au genou. Mais avec l&rsquo;id\u00e9e de leur embo\u00eeter le pas et d&rsquo;un jour retrouver la 2\u00e8me division, avec un autre statut cette fois.<\/p>\n<p>Des divisions cr\u00e9\u00e9es pour resserrer\u00a0l\u2019\u00e9cart entre le rugby pro et l\u2019amateur<\/p>\n<p>Car bien d&rsquo;autres joueurs se sont servis de ces championnats de Nationale comme tremplin afin de d\u00e9couvrir les \u00e9lites hexagonales. Ce aussi pour quoi elles avaient \u00e9t\u00e9 cr\u00e9\u00e9es, finalement.<\/p>\n<p><a class=\"inserer_lien_article\" href=\"https:\/\/www.lerugbynistere.fr\/news\/les-francais-du-portugal-en-forme-nafarroa-nest-pas-mort-nos-coups-de-coeur-du-week-end-en-amateur-1711251747.php\" data-id=\"46805\" data-route=\"app.article\" data-param=\"articleId\" ui-sref=\"app.article({articleId: 46805})\" alt=\"Les &#039;&#039;Fran\u00e7ais&#039;&#039; du Portugal en forme, Nafarroa n&#039;est pas mort... Nos coups de coeur du week-end en amateur\" title=\"Les &#039;&#039;Fran\u00e7ais&#039;&#039; du Portugal en forme, Nafarroa n&#039;est pas mort... Nos coups de coeur du week-end en amateur\" target=\"_blank\" rel=\"noopener\"><img decoding=\"async\" src=\"https:\/\/www.europesays.com\/fr\/wp-content\/uploads\/2025\/11\/yt-17-11-25-1929.jpg\" alt=\"Les ''Fran\u00e7ais'' du Portugal en forme, Nafarroa n'est pas mort... Nos coups de coeur du week-end en amateur\"\/>Les \u00a0\u00bbFran\u00e7ais\u00a0\u00bb du Portugal en forme, Nafarroa n&rsquo;est pas mort&#8230; Nos coups de coeur du week-end en amateur<\/a><\/p>\n<p>Lanc\u00e9es pour amenuiser l\u2019\u00e9cart entre le rugby pro et l\u2019amateur, ces divisions respectivement n\u00e9es en 2020 et 2022 n\u2019ont cess\u00e9 d\u2019\u00e9voluer,<strong> jusqu\u2019\u00e0 faire de la Nat 1 la 3\u00e8me division professionnelle de l\u2019Hexagone<\/strong>, aujourd&rsquo;hui diffus\u00e9e sur le web comme elle l&rsquo;\u00e9tait d\u00e9j\u00e0 en 2022\/2023 via Rugbyzone.TV. Et de la Nat 2, un vrai championnat semi-pro o\u00f9 les d\u00e9placements sont bien souvent plus longs qu\u2019en Top 14, et depuis lequel certains parviennent \u00e0 signer pro.<\/p>\n<p>\u00c0 ce titre, les plus belles r\u00e9ussites se nomment Rodrigo Marta, ce Portugais qui f\u00eate ses 26 ans en ce mardi 18 novembre et auquel on souhaite un joyeux anniversaire en rappelant qu&rsquo;il explosa en Nationale 1 sous les couleurs de <a href=\"https:\/\/www.lerugbynistere.fr\/clubs\/us-dax.php\" ui-sref=\"app.team({teamId: 53})\" alt=\"Dax\" data-route=\"app.team\" data-param=\"teamId\" data-id=\"53\" target=\"_blank\" rel=\"noopener\">Dax<\/a> en 2022\/2023. Lui qui avait tent\u00e9 le grand saut en France depuis le Portugal, \u00e0 pas encore 23 ans. Trois ans plus tard, le meilleur marqueur de l&rsquo;histoire de sa s\u00e9lection (36 <a href=\"https:\/\/www.lerugbynistere.fr\/videos\/essais.php\" ui-sref=\"app.tag\" alt=\"Essais\" data-route=\"app.tag\" data-param=\"slug\" data-id=\"essais\" target=\"_blank\" rel=\"noopener\">essais<\/a>) a dynamit\u00e9 toutes les d\u00e9fenses de Pro D2 un nombre incalculable de fois et <strong>s&rsquo;est engag\u00e9 en Top 14 pour les 3 prochaines saisons,<\/strong> du c\u00f4t\u00e9 de <a href=\"https:\/\/www.lerugbynistere.fr\/clubs\/section-paloise.php\" ui-sref=\"app.team({teamId: 41})\" alt=\"Pau\" data-route=\"app.team\" data-param=\"teamId\" data-id=\"41\" target=\"_blank\" rel=\"noopener\">Pau<\/a>, m\u00eame si rien n&rsquo;a encore \u00e9t\u00e9 officialis\u00e9.<\/p>\n<p><a class=\"inserer_lien_article\" href=\"https:\/\/www.lerugbynistere.fr\/news\/31-essais-en-60-matchs-en-france-la-section-paloise-en-passe-de-soffrir-le-phenomene-de-la-prod2-1610251542.php\" data-id=\"46488\" data-route=\"app.article\" data-param=\"articleId\" ui-sref=\"app.article({articleId: 46488})\" alt=\"31 essais en 60 matchs en France : la Section Paloise en passe de s\u2019offrir LE ph\u00e9nom\u00e8ne de la ProD2\" title=\"31 essais en 60 matchs en France : la Section Paloise en passe de s\u2019offrir LE ph\u00e9nom\u00e8ne de la ProD2\" target=\"_blank\" rel=\"noopener\"><img decoding=\"async\" src=\"https:\/\/www.europesays.com\/fr\/wp-content\/uploads\/2025\/11\/yt-19-12-24-7723.jpg\" alt=\"31 essais en 60 matchs en France : la Section Paloise en passe de s\u2019offrir LE ph\u00e9nom\u00e8ne de la ProD2\"\/>31 essais en 60 matchs en France : la Section Paloise en passe de s\u2019offrir LE ph\u00e9nom\u00e8ne de la ProD2<\/a><\/p>\n<p>Dans le m\u00eame sens, l&rsquo;exemple de son co\u00e9quipier de <a href=\"https:\/\/www.lerugbynistere.fr\/clubs\/us-colomiers.php\" ui-sref=\"app.team({teamId: 48})\" alt=\"Colomiers\" data-route=\"app.team\" data-param=\"teamId\" data-id=\"48\" target=\"_blank\" rel=\"noopener\">Colomiers<\/a> <a href=\"https:\/\/www.lerugbynistere.fr\/fiches-joueurs\/valentin-delpy.php\" ui-sref=\"app.player({playerId: 15441})\" alt=\"Valentin Delpy\" data-route=\"app.player\" data-param=\"playerId\" data-id=\"15441\" target=\"_blank\" rel=\"noopener\">Valentin Delpy<\/a> (on aurait aussi pu citer le cas Ugo Seunes) est frappant, lui qui profita du cr\u00e9dit qu&rsquo;offrait la Nationale 1 aux joueurs n&rsquo;ayant par la chance d&rsquo;\u00e9voluer chez les Espoirs d&rsquo;un club de l&rsquo;\u00e9lite <strong>pour attirer l&rsquo;oeil du g\u00e9ant voisin qu&rsquo;est le Stade Toulousain.<\/strong><\/p>\n<p>Pr\u00eat\u00e9 \u00e0 <a href=\"https:\/\/www.lerugbynistere.fr\/clubs\/usap-perpignan.php\" ui-sref=\"app.team({teamId: 52})\" alt=\"Perpignan\" data-route=\"app.team\" data-param=\"teamId\" data-id=\"52\" target=\"_blank\" rel=\"noopener\">Perpignan<\/a> en fin de saison derni\u00e8re puis \u00e0 \u00a0\u00bb Colo\u00a0\u00bb pour cet exercice, l&rsquo;ouvreur de 22 ans retrouvera Toulouse l&rsquo;\u00e9t\u00e9 prochain. Avec cette fois l&rsquo;ambition d&rsquo;obtenir un temps de jeu r\u00e9gulier chez le champion de France en titre. \u00c0 mille lieues de ce qu&rsquo;il pouvait imaginer il y a 3 ans, lorsqu&rsquo;il faisait ses d\u00e9buts s\u00e9niors dans un club modeste de 3\u00e8me division&#8230;<\/p>\n<p><a class=\"inserer_lien_article\" href=\"https:\/\/www.lerugbynistere.fr\/news\/comme-les-bleus-villiere-et-spring-ces-anciens-amateurs-qui-ont-debute-en-federale-1-avant-dacceder-au-top-14-0307251823.php\" data-id=\"45457\" data-route=\"app.article\" data-param=\"articleId\" ui-sref=\"app.article({articleId: 45457})\" alt=\"Comme les Bleus Villi\u00e8re et Spring, ces anciens amateurs qui ont d\u00e9but\u00e9 en F\u00e9d\u00e9rale 1 avant d\u2019acc\u00e9der au Top 14\" title=\"Comme les Bleus Villi\u00e8re et Spring, ces anciens amateurs qui ont d\u00e9but\u00e9 en F\u00e9d\u00e9rale 1 avant d\u2019acc\u00e9der au Top 14\" target=\"_blank\" rel=\"noopener\"><img decoding=\"async\" src=\"https:\/\/www.europesays.com\/fr\/wp-content\/uploads\/2025\/07\/yt-03-07-25-9107.jpg\" alt=\"Comme les Bleus Villi\u00e8re et Spring, ces anciens amateurs qui ont d\u00e9but\u00e9 en F\u00e9d\u00e9rale 1 avant d\u2019acc\u00e9der au Top 14\"\/>Comme les Bleus Villi\u00e8re et Spring, ces anciens amateurs qui ont d\u00e9but\u00e9 en F\u00e9d\u00e9rale 1 avant d\u2019acc\u00e9der au Top 14<\/a><\/p>\n<p>Aujourd&rsquo;hui, avec un certain recul depuis la cr\u00e9ation de ces divisions, l\u2019un des objectifs initiaux est-il rempli, alors ? Focus sur ces joueurs qui, comme Marta ou Delpy, ont pu se servir des Nationale pour s\u2019ouvrir une porte vers les 2 \u00e9lites fran\u00e7aises.<\/p>\n<p>Ils ont \u00e9t\u00e9 recrut\u00e9s par des clubs de Pro D2 ou Top 14 alors qu&rsquo;ils \u00e9voluaient en Nationale :<\/p>\n<p>Rodrigo Marta (ailier\/centre, Dax &#8211; Colomiers, ProD2)<\/p>\n<p><a href=\"https:\/\/www.lerugbynistere.fr\/fiches-joueurs\/arthur-proult.php\" ui-sref=\"app.player({playerId: 12023})\" alt=\"Arthur Proult\" data-route=\"app.player\" data-param=\"playerId\" data-id=\"12023\" target=\"_blank\" rel=\"noopener\">Arthur Proult<\/a> (centre, Suresnes &#8211; <a href=\"https:\/\/www.lerugbynistere.fr\/clubs\/rc-vannes.php\" ui-sref=\"app.team({teamId: 126})\" alt=\"Vannes\" data-route=\"app.team\" data-param=\"teamId\" data-id=\"126\" target=\"_blank\" rel=\"noopener\">Vannes<\/a>, ProD2)<\/p>\n<p><a href=\"https:\/\/www.lerugbynistere.fr\/fiches-joueurs\/adam-vargas.php\" ui-sref=\"app.player({playerId: 12817})\" alt=\"Adam Vargas\" data-route=\"app.player\" data-param=\"playerId\" data-id=\"12817\" target=\"_blank\" rel=\"noopener\">Adam Vargas<\/a> (ailier, Mont\u00e9e en ProD2 avec le VRDR puis recrut\u00e9 en Top 14 par <a href=\"https:\/\/www.lerugbynistere.fr\/clubs\/castres-olympique-co.php\" ui-sref=\"app.team({teamId: 33})\" alt=\"Castres\" data-route=\"app.team\" data-param=\"teamId\" data-id=\"33\" target=\"_blank\" rel=\"noopener\">Castres<\/a>)<\/p>\n<p>Valentin Delpy (ouvreur, Blagnac &#8211; <a href=\"https:\/\/www.lerugbynistere.fr\/clubs\/le-stade-toulousain.php\" ui-sref=\"app.team({teamId: 34})\" alt=\"Toulouse\" data-route=\"app.team\" data-param=\"teamId\" data-id=\"34\" target=\"_blank\" rel=\"noopener\">Toulouse<\/a>, Top 14)<\/p>\n<p>Ugo Seunes (ouvreur, Blagnac, puis <a href=\"https:\/\/www.lerugbynistere.fr\/clubs\/stade-aurillacois.php\" ui-sref=\"app.team({teamId: 57})\" alt=\"Aurillac\" data-route=\"app.team\" data-param=\"teamId\" data-id=\"57\" target=\"_blank\" rel=\"noopener\">Aurillac<\/a>, puis <a href=\"https:\/\/www.lerugbynistere.fr\/clubs\/racing-metro-92.php\" ui-sref=\"app.team({teamId: 29})\" alt=\"Racing 92\" data-route=\"app.team\" data-param=\"teamId\" data-id=\"29\" target=\"_blank\" rel=\"noopener\">Racing 92<\/a>)<\/p>\n<p>Mathieu Vachon (3\u00e8me ligne, Blagnac &#8211; VRDR, ProD2)<\/p>\n<p><a href=\"https:\/\/www.lerugbynistere.fr\/fiches-joueurs\/atonio-ulutuipalelei.php\" ui-sref=\"app.player({playerId: 8361})\" alt=\"Atonio Ulutuipalelei\" data-route=\"app.player\" data-param=\"playerId\" data-id=\"8361\" target=\"_blank\" rel=\"noopener\">Atonio Ulutuipalelei<\/a> (pilier, US Bressane &#8211; Colomiers, ProD2)<\/p>\n<p><a href=\"https:\/\/www.lerugbynistere.fr\/fiches-joueurs\/thomas-geffre.php\" ui-sref=\"app.player({playerId: 8216})\" alt=\"Thomas Geffr\u00e9\" data-route=\"app.player\" data-param=\"playerId\" data-id=\"8216\" target=\"_blank\" rel=\"noopener\">Thomas Geffr\u00e9<\/a> (2\u00e8me ligne, Langon &#8211; Vannes, ProD2)<\/p>\n<p><a href=\"https:\/\/www.lerugbynistere.fr\/fiches-joueurs\/morgan-eames.php\" ui-sref=\"app.player({playerId: 11477})\" alt=\"Morgan Eames\" data-route=\"app.player\" data-param=\"playerId\" data-id=\"11477\" target=\"_blank\" rel=\"noopener\">Morgan Eames<\/a> (2\u00e8me ligne, Bourgoin &#8211; Stade Montois, ProD2)<\/p>\n<p><a href=\"https:\/\/www.lerugbynistere.fr\/fiches-joueurs\/yan-tabarot.php\" ui-sref=\"app.player({playerId: 11015})\" alt=\"Yan Tabarot\" data-route=\"app.player\" data-param=\"playerId\" data-id=\"11015\" target=\"_blank\" rel=\"noopener\">Yan Tabarot<\/a> (talonneur, Chamb\u00e9ry &#8211; <a href=\"https:\/\/www.lerugbynistere.fr\/clubs\/us-carcassonne.php\" ui-sref=\"app.team({teamId: 55})\" alt=\"Carcassonne\" data-route=\"app.team\" data-param=\"teamId\" data-id=\"55\" target=\"_blank\" rel=\"noopener\">Carcassonne<\/a>, ProD2)<\/p>\n<p><a href=\"https:\/\/www.lerugbynistere.fr\/fiches-joueurs\/iban-hiriart-urruty.php\" ui-sref=\"app.player({playerId: 6991})\" alt=\"Iban Hiriart-Urruty\" data-route=\"app.player\" data-param=\"playerId\" data-id=\"6991\" target=\"_blank\" rel=\"noopener\">Iban Hiriart-Urruty<\/a> (talonneur, St-Jean-de-Luz &#8211; Dax, ProD2)<\/p>\n<p><a href=\"https:\/\/www.lerugbynistere.fr\/fiches-joueurs\/paul-ravier.php\" ui-sref=\"app.player({playerId: 3498})\" alt=\"Paul Ravier\" data-route=\"app.player\" data-param=\"playerId\" data-id=\"3498\" target=\"_blank\" rel=\"noopener\">Paul Ravier<\/a> (demi de m\u00eal\u00e9e, US Dax \u2013 ProD2)<\/p>\n<p><a href=\"https:\/\/www.lerugbynistere.fr\/fiches-joueurs\/wilfried-rodrigues.php\" ui-sref=\"app.player({playerId: 3369})\" alt=\"Valentin Hutteau\" data-route=\"app.player\" data-param=\"playerId\" data-id=\"3369\" target=\"_blank\" rel=\"noopener\">Valentin Hutteau<\/a> (demi de m\u00eal\u00e9e, <a href=\"https:\/\/www.lerugbynistere.fr\/clubs\/rugby-club-massy-essonne.php\" ui-sref=\"app.team({teamId: 125})\" alt=\"Massy\" data-route=\"app.team\" data-param=\"teamId\" data-id=\"125\" target=\"_blank\" rel=\"noopener\">Massy<\/a> &#8211; UBB, Top 14)<\/p>\n<p>J-M Decubber (3\u00e8me ligne, Massy &#8211; Vannes, ProD2)<\/p>\n<p><a href=\"https:\/\/www.lerugbynistere.fr\/fiches-joueurs\/alfred-mouandjo.php\" ui-sref=\"app.player({playerId: 16115})\" alt=\"Alfred Mouandjo\" data-route=\"app.player\" data-param=\"playerId\" data-id=\"16115\" target=\"_blank\" rel=\"noopener\">Alfred Mouandjo<\/a> (ailier, Massy &#8211; Castres, Top 14)<\/p>\n<p><a href=\"https:\/\/www.lerugbynistere.fr\/fiches-joueurs\/thomas-lhusero.php\" ui-sref=\"app.player({playerId: 6934})\" alt=\"Thomas Lhusero\" data-route=\"app.player\" data-param=\"playerId\" data-id=\"6934\" target=\"_blank\" rel=\"noopener\">Thomas Lhusero<\/a> (demi de m\u00eal\u00e9e, Tarbes &#8211; Valence-Romans, ProD2)<\/p>\n<p><a href=\"https:\/\/www.lerugbynistere.fr\/fiches-joueurs\/sami-zouhair.php\" ui-sref=\"app.player({playerId: 6688})\" alt=\"Sami Zouhair\" data-route=\"app.player\" data-param=\"playerId\" data-id=\"6688\" target=\"_blank\" rel=\"noopener\">Sami Zouhair<\/a> (pilier, VRDR &#8211; Soyaux-<a href=\"https:\/\/www.lerugbynistere.fr\/clubs\/sa-xv.php\" ui-sref=\"app.team({teamId: 123})\" alt=\"Angoul\u00eame\" data-route=\"app.team\" data-param=\"teamId\" data-id=\"123\" target=\"_blank\" rel=\"noopener\">Angoul\u00eame<\/a>, ProD2)<\/p>\n<p><a href=\"https:\/\/www.lerugbynistere.fr\/fiches-joueurs\/maxime-oltmann.php\" ui-sref=\"app.player({playerId: 6495})\" alt=\"Maxime Oltmann\" data-route=\"app.player\" data-param=\"playerId\" data-id=\"6495\" target=\"_blank\" rel=\"noopener\">Maxime Oltmann<\/a> (ailier, Tarbes &#8211; US Dax, ProD2)<\/p>\n<p><a href=\"https:\/\/www.lerugbynistere.fr\/fiches-joueurs\/loan-real.php\" ui-sref=\"app.player({playerId: 11836})\" alt=\"Loan R\u00e9al\" data-route=\"app.player\" data-param=\"playerId\" data-id=\"11836\" target=\"_blank\" rel=\"noopener\">Loan R\u00e9al<\/a> (3\u00e8me ligne, Tarbes &#8211; Valence-Romans, ProD2)<\/p>\n<p><a href=\"https:\/\/www.lerugbynistere.fr\/fiches-joueurs\/mosese-mawalu.php\" ui-sref=\"app.player({playerId: 6809})\" alt=\"Mosese Mawalu\" data-route=\"app.player\" data-param=\"playerId\" data-id=\"6809\" target=\"_blank\" rel=\"noopener\">Mosese Mawalu<\/a> (ailier, Chamb\u00e9ry &#8211; Valence-Romans, ProD2)<\/p>\n<p><a href=\"https:\/\/www.lerugbynistere.fr\/fiches-joueurs\/heath-backhouse.php\" ui-sref=\"app.player({playerId: 6235})\" alt=\"Heath Backhouse\" data-route=\"app.player\" data-param=\"playerId\" data-id=\"6235\" target=\"_blank\" rel=\"noopener\">Heath Backhouse<\/a> (Albi &#8211; Aurillac)<\/p>\n<p>Mathieu Loudet (Narbonne &#8211; Dax)<\/p>\n<p><a href=\"https:\/\/www.lerugbynistere.fr\/fiches-joueurs\/leonel-oviedo.php\" ui-sref=\"app.player({playerId: 13330})\" alt=\"Leonel Oviedo\" data-route=\"app.player\" data-param=\"playerId\" data-id=\"13330\" target=\"_blank\" rel=\"noopener\">Leonel Oviedo<\/a> (talonneur, Hy\u00e8res-Carqueiranne &#8211; <a href=\"https:\/\/www.lerugbynistere.fr\/clubs\/parc-pays-d-aix-rugby-club.php\" ui-sref=\"app.team({teamId: 51})\" alt=\"Provence Rugby\" data-route=\"app.team\" data-param=\"teamId\" data-id=\"51\" target=\"_blank\" rel=\"noopener\">Provence Rugby<\/a>, ProD2)<\/p>\n<p>Exceptions :<\/p>\n<p><a href=\"https:\/\/www.lerugbynistere.fr\/fiches-joueurs\/yan-arnold.php\" ui-sref=\"app.player({playerId: 13736})\" alt=\"Yan Arnold\" data-route=\"app.player\" data-param=\"playerId\" data-id=\"13736\" target=\"_blank\" rel=\"noopener\">Yan Arnold<\/a>, pilier gauche de 25 ans recrut\u00e9 \u00e0 La Seyne (Nat 2) par Carcassonne en 2023 puis mont\u00e9e en ProD2 en 2025 avec le club audois.<\/p>\n<p><a href=\"https:\/\/www.lerugbynistere.fr\/fiches-joueurs\/iban-laclau.php\" ui-sref=\"app.player({playerId: 16441})\" alt=\"Iban Laclau\" data-route=\"app.player\" data-param=\"playerId\" data-id=\"16441\" target=\"_blank\" rel=\"noopener\">Iban Laclau<\/a>, ouvreur de 21 ans sign\u00e9 par <a href=\"https:\/\/www.lerugbynistere.fr\/clubs\/stade-montois-rugby.php\" ui-sref=\"app.team({teamId: 47})\" alt=\"Mont-de-Marsan\" data-route=\"app.team\" data-param=\"teamId\" data-id=\"47\" target=\"_blank\" rel=\"noopener\">Mont-de-Marsan<\/a> en provenance de la F\u00e9d\u00e9rale 1, mais avait d\u00e9j\u00e0 go\u00fbt\u00e9 \u00e0 la Nationale 2 avec Tyrosse.<\/p>\n<p><a href=\"https:\/\/www.lerugbynistere.fr\/fiches-joueurs\/louis-suaud.php\" ui-sref=\"app.player({playerId: 11613})\" alt=\"Louis Suaud\" data-route=\"app.player\" data-param=\"playerId\" data-id=\"11613\" target=\"_blank\" rel=\"noopener\">Louis Suaud<\/a>, 3\u00e8me ligne qui a fait la mont\u00e9e en ProD2 avec Nice, puis recrut\u00e9 par le VRDR.<\/p>\n","protected":false},"excerpt":{"rendered":"Dans un contexte ultra-concurrentiel, nombre d&rsquo;Espoirs de Top 14 et de Pro D2 barr\u00e9s dans leurs clubs n\u2019h\u00e9sitent&hellip;\n","protected":false},"author":2,"featured_media":543505,"comment_status":"","ping_status":"","sticky":false,"template":"","format":"standard","meta":{"footnotes":""},"categories":[1416],"tags":[1011,27,479,1468,60],"class_list":{"0":"post-543504","1":"post","2":"type-post","3":"status-publish","4":"format-standard","5":"has-post-thumbnail","7":"category-rugby","8":"tag-fr","9":"tag-france","10":"tag-rugby","11":"tag-rugby-football","12":"tag-sports"},"share_on_mastodon":{"url":"https:\/\/pubeurope.com\/@fr\/115573361994619241","error":""},"_links":{"self":[{"href":"https:\/\/www.europesays.com\/fr\/wp-json\/wp\/v2\/posts\/543504","targetHints":{"allow":["GET"]}}],"collection":[{"href":"https:\/\/www.europesays.com\/fr\/wp-json\/wp\/v2\/posts"}],"about":[{"href":"https:\/\/www.europesays.com\/fr\/wp-json\/wp\/v2\/types\/post"}],"author":[{"embeddable":true,"href":"https:\/\/www.europesays.com\/fr\/wp-json\/wp\/v2\/users\/2"}],"replies":[{"embeddable":true,"href":"https:\/\/www.europesays.com\/fr\/wp-json\/wp\/v2\/comments?post=543504"}],"version-history":[{"count":0,"href":"https:\/\/www.europesays.com\/fr\/wp-json\/wp\/v2\/posts\/543504\/revisions"}],"wp:featuredmedia":[{"embeddable":true,"href":"https:\/\/www.europesays.com\/fr\/wp-json\/wp\/v2\/media\/543505"}],"wp:attachment":[{"href":"https:\/\/www.europesays.com\/fr\/wp-json\/wp\/v2\/media?parent=543504"}],"wp:term":[{"taxonomy":"category","embeddable":true,"href":"https:\/\/www.europesays.com\/fr\/wp-json\/wp\/v2\/categories?post=543504"},{"taxonomy":"post_tag","embeddable":true,"href":"https:\/\/www.europesays.com\/fr\/wp-json\/wp\/v2\/tags?post=543504"}],"curies":[{"name":"wp","href":"https:\/\/api.w.org\/{rel}","templated":true}]}}