{"id":543506,"date":"2025-11-18T23:43:19","date_gmt":"2025-11-18T23:43:19","guid":{"rendered":"https:\/\/www.europesays.com\/fr\/543506\/"},"modified":"2025-11-18T23:43:19","modified_gmt":"2025-11-18T23:43:19","slug":"lequipe-de-france-de-tennis-balayee-par-la-belgique-en-quarts-de-finale-de-la-coupe-davis","status":"publish","type":"post","link":"https:\/\/www.europesays.com\/fr\/543506\/","title":{"rendered":"L\u2019\u00e9quipe de France de tennis balay\u00e9e par la Belgique en quarts de finale de la Coupe Davis"},"content":{"rendered":"<p>                      <img loading=\"lazy\" decoding=\"async\" src=\"https:\/\/www.europesays.com\/fr\/wp-content\/uploads\/2025\/11\/c2dafa3_ftp-import-images-1-utvlvls7d4yr-5464557-01-06.jpg\" alt=\"Le Belge Rapha\u00ebl Collignon (\u00e0 gauche) et le Fran\u00e7ais Corentin Moutet, \u00e0 l\u2019issue de leur match de Coupe Davis, \u00e0 Bologne (Italie), le 18\u00a0novembre 2025.\"   width=\"664\" height=\"443\"\/>    Le Belge Rapha\u00ebl Collignon (\u00e0 gauche) et le Fran\u00e7ais Corentin Moutet, \u00e0 l\u2019issue de leur match de Coupe Davis, \u00e0 Bologne (Italie), le 18\u00a0novembre 2025.  TIZIANA FABI \/ AFP                          <\/p>\n<p class=\"article__paragraph  \">L\u2019\u00e9quipe de France de tennis ne remportera pas un onzi\u00e8me saladier d\u2019argent. D\u00e8s leur entr\u00e9e en lice \u00e0 Bologne, en Italie, les Bleus ont \u00e9t\u00e9 \u00e9limin\u00e9s, mardi 18\u00a0novembre, de la phase finale de la Coupe Davis par la Belgique. Corentin Moutet\u00a0a d\u2019abord \u00e9t\u00e9 battu en trois sets (2-6, 7-5, 7-5) par Rapha\u00ebl Collignon, puis Arthur Rinderknech a \u00e9t\u00e9 domin\u00e9 par en deux manches (6-3, 7-6 [7-4]) par Zizou Bergs. Net\u2026 et avec bavures pour les tricolores.<\/p>\n<p>                                            Lire aussi |  <a href=\"https:\/\/www.lemonde.fr\/sport\/article\/2025\/11\/18\/coupe-davis-blesse-le-numero-1-mondial-carlos-alcaraz-renonce-aux-quarts-de-finale_6653849_3242.html\" class=\"js-article-read-also catcher--favoris__link\" data-premium=\"\" id=\"article-title-3447099\" rel=\"nofollow noopener\" target=\"_blank\">Carlos Alcaraz, bless\u00e9, renonce aux quarts de finale de la Coupe Davis<\/a>    <\/p>\n<p>   Lire plus tard  <\/p>\n<p class=\"article__paragraph  \">\u00ab\u00a0Sur un format court, \u00e7a se joue \u00e0 tr\u00e8s peu de choses, a comment\u00e9 apr\u00e8s le match Paul-Henri Mathieu, le capitaine des Bleus, au micro de BeIN Sports. Les joueurs belges \u00e9taient plus frais que nous aujourd\u2019hui, ils ont mieux saisi leur chance et ils ont tout simplement \u00e9t\u00e9 meilleurs.\u00a0\u00bb<\/p>\n<p class=\"article__paragraph  \">La rencontre s\u2019est disput\u00e9e\u00a0au Pavillon no37 du Parc des Expositions de Bologne, une salle de 10\u00a0000\u00a0places \u00e0 moiti\u00e9 vide. En demi-finales, la Belgique affrontera l\u2019Autriche ou les doubles tenants du titre italiens, qui s\u2019affrontent mercredi. R\u00e9unissant huit pays, cette comp\u00e9tition se joue sur dur indoor jusqu\u2019\u00e0 dimanche.<\/p>\n<p class=\"article__paragraph  \">Lors du match opposant dans la soir\u00e9e les deux num\u00e9ros un de chaque \u00e9quipe, Zizou Bergs (43e mondial) a battu Arthur Rinderknech (29e) en deux sets (6-3, 7-6 [7-4]). Sous pression apr\u00e8s\u00a0la d\u00e9faite de Corentin Moutet, le nouveau leader du tennis tricolore a eu du mal \u00e0 entrer dans la partie. Solide sur son engagement, son adversaire a r\u00e9alis\u00e9 le seul break de la premi\u00e8re manche, exp\u00e9di\u00e9e en 34 minutes.<\/p>\n<p>                    <strong>Rapha\u00ebl Collignon fait craquer Corentin Moutet<\/strong>                    <\/p>\n<p class=\"article__paragraph  \">Plus que jamais dos au mur, Rinderknech s\u2019est bien ressaisi dans la seconde manche. Men\u00e9 6-3, 5-4, il est parvenu \u00e0 d\u00e9breaker alors que Bergs servait pour le match. Le Fran\u00e7ais s\u2019est m\u00eame procur\u00e9 deux balles de set \u00e0 5-6, mais n\u2019a pas r\u00e9ussi \u00e0 les convertir. La partie s\u2019est donc d\u00e9cid\u00e9e au tie-break, que le num\u00e9ro un belge a remport\u00e9 sur sa deuxi\u00e8me balle de match avant d\u2019aller c\u00e9l\u00e9brer son succ\u00e8s devant un kop belge tr\u00e8s en voix mardi soir.<\/p>\n<p class=\"article__paragraph  \">Auparavant, le duel entre les deux num\u00e9ros deux, Rapha\u00ebl Collignon (86e mondial) et Corentin Moutet (35e), a longtemps \u00e9t\u00e9 \u00e9quilibr\u00e9. Au bout de 2\u00a0h\u00a033 d\u2019un combat intense, le Fran\u00e7ais a c\u00e9d\u00e9 en trois sets (6-2, 5-7, 5-7). Il peut regretter ses 37 fautes non provoqu\u00e9es, dont certaines aux pires moments du match. La rencontre a bascul\u00e9 \u00e0 5-6 dans le deuxi\u00e8me set, alors que Moutet servait pour aller au tie-break.<\/p>\n<p class=\"article__paragraph  \">Pour conclure de fa\u00e7on spectaculaire un point qui lui semblait acquis, le fantasque gaucher a tent\u00e9 sa \u00ab\u00a0sp\u00e9ciale\u00a0\u00bb, une amortie en \u00ab\u00a0tweener\u00a0\u00bb (coup entre les jambes) apr\u00e8s une feinte de smash. Un geste audacieux qui a termin\u00e9 pitoyablement dans le bas du filet. D\u00e9pit\u00e9, Moutet a encha\u00een\u00e9 avec une double faute qui a offert deux balles de set \u00e0 son adversaire. Sur la seconde, il a rat\u00e9 une vol\u00e9e facile, permettant \u00e0 Collignon de revenir \u00e0 hauteur.<\/p>\n<p>                                       Lire aussi |  Article r\u00e9serv\u00e9 \u00e0 nos abonn\u00e9s  <a href=\"https:\/\/www.lemonde.fr\/sport\/article\/2025\/11\/02\/jannik-sinner-s-impose-en-maitre-du-tennis-indoor-au-masters-1000-de-paris_6651154_3242.html\" class=\"js-article-read-also catcher--favoris__link\" data-premium=\"1\" id=\"article-title-3444799\" rel=\"nofollow noopener\" target=\"_blank\">Jannik Sinner s\u2019impose en ma\u00eetre du tennis indoor au Masters 1000 de Paris<\/a>    <\/p>\n<p>   Lire plus tard  <\/p>\n<p class=\"article__paragraph  \">Une s\u00e9rie de cadeaux d\u2019autant plus rageante pour les Bleus que le num\u00e9ro deux fran\u00e7ais avait profit\u00e9 de la nervosit\u00e9 de son adversaire pour empocher facilement la premi\u00e8re manche. Remis en selle, Rapha\u00ebl Collignon a ensuite d\u00e9roul\u00e9 au service dans le dernier set, frappant r\u00e9guli\u00e8rement \u00e0 plus de 200\u00a0km\/h. Sur ses six derniers jeux de service, il n\u2019a c\u00e9d\u00e9 qu\u2019un point. Touch\u00e9 mentalement, Corentin Moutet a de nouveau craqu\u00e9 \u00e0 5-6. Mis sous pression par le Belge sur son service, il a multipli\u00e9 les erreurs pour terminer par une grossi\u00e8re double faute.<\/p>\n<p> Newsletter  <\/p>\n<p> <a href=\"https:\/\/www.lemonde.fr\/newsletters\/sport\/\" class=\"inread__link js-services-inread-link\" target=\"_blank\" rel=\"nofollow noopener\">  <\/p>\n<p>\u00ab Sport \u00bb<\/p>\n<p>Enqu\u00eates, reportages, analyses : l&rsquo;actualit\u00e9 du sport dans votre bo\u00eete e-mail chaque samedi<\/p>\n<p>S&rsquo;inscrire<\/p>\n<p> <\/a>          <\/p>\n<p> Le Monde Guides d\u2019achat  <\/p>\n<p> <a href=\"https:\/\/www.lemonde.fr\/guides-d-achat\/article\/2018\/06\/30\/les-meilleurs-antivols-pour-attacher-son-velo_5323670_5306571.html\" class=\"inread__link js-services-inread-link\" target=\"_blank\" rel=\"nofollow noopener\">  <\/p>\n<p>Cadenas de v\u00e9lo<\/p>\n<p>Les meilleurs cadenas de v\u00e9lo<\/p>\n<p>Lire<\/p>\n<p> <\/a>      <\/p>\n<p> Newsletter  <\/p>\n<p> <a href=\"https:\/\/www.lemonde.fr\/newsletters\/sport\/\" class=\"inread__link js-services-inread-link\" target=\"_blank\" rel=\"nofollow noopener\">  <\/p>\n<p>\u00ab Sport \u00bb<\/p>\n<p>Enqu\u00eates, reportages, analyses : l&rsquo;actualit\u00e9 du sport dans votre bo\u00eete e-mail chaque samedi<\/p>\n<p>S&rsquo;inscrire<\/p>\n<p> <\/a>             <\/p>\n<p class=\"article__paragraph  \">Interrog\u00e9 sur son \u00ab\u00a0tweener\u00a0\u00bb rat\u00e9, Corentin Moutet a d\u00e9clar\u00e9 apr\u00e8s le match\u00a0: \u00ab\u00a0Je regrette \u00e9norm\u00e9ment d\u2019avoir fait ce coup, mais si je l\u2019avais mis\u00a0dans le terrain, peut-\u00eatre que \u00e7a aurait tout chang\u00e9, je n\u2019en sais rien.\u00a0\u00bb Le gaucher fran\u00e7ais a ensuite ajout\u00e9\u00a0: \u00ab\u00a0Quand on est tendu, pris par les \u00e9motions, chacun a une mani\u00e8re diff\u00e9rente de l\u2019exprimer. Il y en a qui vont faire des doubles fautes, il y en a qui vont rater des coups droits, ou il y en a comme moi qui vont faire des mauvais choix. C\u2019est s\u00fbr que claquer la vol\u00e9e aurait \u00e9t\u00e9 un choix plus judicieux \u00e0 ce moment-l\u00e0.\u00a0\u00bb La piteuse d\u00e9faite des Bleus en atteste.<\/p>\n<p class=\"article__author-container\"> <a class=\"article__author-link\" href=\"https:\/\/www.lemonde.fr\/signataires\/jerome-porier\/\" rel=\"nofollow noopener\" target=\"_blank\"> J\u00e9r\u00f4me Porier<\/a>  <\/p>\n<p>                <a href=\"https:\/\/www.lemonde.fr\/syndication\/\" class=\"reuse__content\" title=\"R\u00e9utiliser ce contenu\" target=\"_blank\" rel=\"nofollow noopener\">R\u00e9utiliser ce contenu<\/a>      <\/p>\n","protected":false},"excerpt":{"rendered":"Le Belge Rapha\u00ebl Collignon (\u00e0 gauche) et le Fran\u00e7ais Corentin Moutet, \u00e0 l\u2019issue de leur match de Coupe&hellip;\n","protected":false},"author":2,"featured_media":543507,"comment_status":"","ping_status":"","sticky":false,"template":"","format":"standard","meta":{"footnotes":""},"categories":[1415],"tags":[1011,27,60,1467],"class_list":{"0":"post-543506","1":"post","2":"type-post","3":"status-publish","4":"format-standard","5":"has-post-thumbnail","7":"category-tennis","8":"tag-fr","9":"tag-france","10":"tag-sports","11":"tag-tennis"},"share_on_mastodon":{"url":"https:\/\/pubeurope.com\/@fr\/115573362481546161","error":""},"_links":{"self":[{"href":"https:\/\/www.europesays.com\/fr\/wp-json\/wp\/v2\/posts\/543506","targetHints":{"allow":["GET"]}}],"collection":[{"href":"https:\/\/www.europesays.com\/fr\/wp-json\/wp\/v2\/posts"}],"about":[{"href":"https:\/\/www.europesays.com\/fr\/wp-json\/wp\/v2\/types\/post"}],"author":[{"embeddable":true,"href":"https:\/\/www.europesays.com\/fr\/wp-json\/wp\/v2\/users\/2"}],"replies":[{"embeddable":true,"href":"https:\/\/www.europesays.com\/fr\/wp-json\/wp\/v2\/comments?post=543506"}],"version-history":[{"count":0,"href":"https:\/\/www.europesays.com\/fr\/wp-json\/wp\/v2\/posts\/543506\/revisions"}],"wp:featuredmedia":[{"embeddable":true,"href":"https:\/\/www.europesays.com\/fr\/wp-json\/wp\/v2\/media\/543507"}],"wp:attachment":[{"href":"https:\/\/www.europesays.com\/fr\/wp-json\/wp\/v2\/media?parent=543506"}],"wp:term":[{"taxonomy":"category","embeddable":true,"href":"https:\/\/www.europesays.com\/fr\/wp-json\/wp\/v2\/categories?post=543506"},{"taxonomy":"post_tag","embeddable":true,"href":"https:\/\/www.europesays.com\/fr\/wp-json\/wp\/v2\/tags?post=543506"}],"curies":[{"name":"wp","href":"https:\/\/api.w.org\/{rel}","templated":true}]}}