{"id":543508,"date":"2025-11-18T23:47:14","date_gmt":"2025-11-18T23:47:14","guid":{"rendered":"https:\/\/www.europesays.com\/fr\/543508\/"},"modified":"2025-11-18T23:47:14","modified_gmt":"2025-11-18T23:47:14","slug":"sebastian-veslum-nira-finalement-pas-a-bourg-en-bresse-ain-cyclisme-actualite","status":"publish","type":"post","link":"https:\/\/www.europesays.com\/fr\/543508\/","title":{"rendered":"Sebastian Veslum n&rsquo;ira finalement pas \u00e0 Bourg-en-Bresse Ain Cyclisme &#8211; Actualit\u00e9"},"content":{"rendered":"<p style=\"text-align: justify;\">Alors que Bourg-en-Bresse Ain Cyclisme avait annonc\u00e9 l&rsquo;arriv\u00e9e de Sebastian Veslum pour 2026, le Norv\u00e9gien n&rsquo;ira finalement pas dans la Conti F\u00e9d\u00e9rale. Il s&rsquo;est engag\u00e9 avec le Team Coop-Repsol, qui devient le Team Drali-Repsol l&rsquo;an prochain.<\/p>\n<p><strong><a href=\"https:\/\/www.directvelo.com\/coureur\/52412\/sebastian-veslum\" target=\"_blank\" rel=\"noopener\">Sebastian Veslum<\/a><\/strong>, 20 ans, a gagn\u00e9 une manche de l&rsquo;Arden Challenge, et termin\u00e9 2e et 12e places sur les deux autres manches. Il a \u00e9galement d\u00e9croch\u00e9 la 2e d&rsquo;une \u00e9tape de la Course de la Paix Espoirs et la 3e du Prix de Manziat.<\/p>\n<p>Le soci\u00e9taire d&rsquo;Asker CK a pris la 11e place d&rsquo;une \u00e9tape du Province Cycling Tour (25e du g\u00e9n\u00e9ral) et du Triptyque Ardennais, la 15e d&rsquo;une autre \u00e9tape de la Course de la Paix, la 18e du Championnat de Norv\u00e8ge, ou encore la 19e du Bol d&rsquo;Or des Amateurs et la 21e du Troph\u00e9e des Champions.<\/p>\n<p>Retrouvez tous les transferts du peloton de Conti <strong><a href=\"https:\/\/www.directvelo.com\/mutations\/2026#pro-conti\" target=\"_blank\" rel=\"noopener\">en cliquant ici<\/a><\/strong>.<\/p>\n","protected":false},"excerpt":{"rendered":"Alors que Bourg-en-Bresse Ain Cyclisme avait annonc\u00e9 l&rsquo;arriv\u00e9e de Sebastian Veslum pour 2026, le Norv\u00e9gien n&rsquo;ira finalement pas&hellip;\n","protected":false},"author":2,"featured_media":543509,"comment_status":"","ping_status":"","sticky":false,"template":"","format":"standard","meta":{"footnotes":""},"categories":[1411],"tags":[834,828,836,829,837,827,83,826,824,823,1154,207,814,817,815,816,822,821,832,211,839,1011,27,820,818,819,835,831,830,833,838,60,212,208,825],"class_list":{"0":"post-543508","1":"post","2":"type-post","3":"status-publish","4":"format-standard","5":"has-post-thumbnail","7":"category-cyclisme","8":"tag-attaque","9":"tag-belgique","10":"tag-braquet","11":"tag-bretagne","12":"tag-chute","13":"tag-competition","14":"tag-coupe-de-france","15":"tag-coureur","16":"tag-course-cyclisme","17":"tag-course-cycliste","18":"tag-cycling","19":"tag-cyclisme","20":"tag-direct","21":"tag-direct-velo","22":"tag-directvelo","23":"tag-directvelo-com","24":"tag-epreuve","25":"tag-epreuve-cycliste","26":"tag-federation-francaise-de-cyclisme","27":"tag-ffc","28":"tag-flandres","29":"tag-fr","30":"tag-france","31":"tag-live","32":"tag-live-course","33":"tag-live-epreuve","34":"tag-peloton","35":"tag-radio-peloton","36":"tag-radio-tour","37":"tag-ravitaillement","38":"tag-relance","39":"tag-sports","40":"tag-uci","41":"tag-velo","42":"tag-velos"},"share_on_mastodon":{"url":"https:\/\/pubeurope.com\/@fr\/115573374689562002","error":""},"_links":{"self":[{"href":"https:\/\/www.europesays.com\/fr\/wp-json\/wp\/v2\/posts\/543508","targetHints":{"allow":["GET"]}}],"collection":[{"href":"https:\/\/www.europesays.com\/fr\/wp-json\/wp\/v2\/posts"}],"about":[{"href":"https:\/\/www.europesays.com\/fr\/wp-json\/wp\/v2\/types\/post"}],"author":[{"embeddable":true,"href":"https:\/\/www.europesays.com\/fr\/wp-json\/wp\/v2\/users\/2"}],"replies":[{"embeddable":true,"href":"https:\/\/www.europesays.com\/fr\/wp-json\/wp\/v2\/comments?post=543508"}],"version-history":[{"count":0,"href":"https:\/\/www.europesays.com\/fr\/wp-json\/wp\/v2\/posts\/543508\/revisions"}],"wp:featuredmedia":[{"embeddable":true,"href":"https:\/\/www.europesays.com\/fr\/wp-json\/wp\/v2\/media\/543509"}],"wp:attachment":[{"href":"https:\/\/www.europesays.com\/fr\/wp-json\/wp\/v2\/media?parent=543508"}],"wp:term":[{"taxonomy":"category","embeddable":true,"href":"https:\/\/www.europesays.com\/fr\/wp-json\/wp\/v2\/categories?post=543508"},{"taxonomy":"post_tag","embeddable":true,"href":"https:\/\/www.europesays.com\/fr\/wp-json\/wp\/v2\/tags?post=543508"}],"curies":[{"name":"wp","href":"https:\/\/api.w.org\/{rel}","templated":true}]}}