{"id":543514,"date":"2025-11-18T23:50:15","date_gmt":"2025-11-18T23:50:15","guid":{"rendered":"https:\/\/www.europesays.com\/fr\/543514\/"},"modified":"2025-11-18T23:50:15","modified_gmt":"2025-11-18T23:50:15","slug":"une-enquete-ouverte-apres-une-plainte-visant-la-maire-anne-vignot","status":"publish","type":"post","link":"https:\/\/www.europesays.com\/fr\/543514\/","title":{"rendered":"une enqu\u00eate ouverte apr\u00e8s une plainte visant la maire Anne Vignot"},"content":{"rendered":"<p>Depuis son arriv\u00e9e sur la place de la R\u00e9volution le 8 mars de cette ann\u00e9e, la sculpture rendant hommage \u00e0 Jenny d\u2019H\u00e9ricourt alimente les d\u00e9bats autant qu\u2019elle attise les reproches politiques. Si lors du conseil municipal du 15 mai dernier l\u2019opposition, via la voix de <a href=\"https:\/\/www.estrepublicain.fr\/politique\/2025\/05\/10\/j-ai-une-grande-confiance-en-ludovic-fagaut-c-est-un-de-nos-talents\" target=\"_blank\" rel=\"nofollow noopener\">Ludovic Fagaut<\/a> , estimait qu\u2019<a href=\"https:\/\/www.estrepublicain.fr\/p\/anne-vignot\" target=\"_blank\" rel=\"nofollow noopener\">Anne Vignot<\/a> \u00ab cachait des choses \u00bb, c\u2019est <a href=\"https:\/\/www.estrepublicain.fr\/politique\/2025\/04\/16\/jean-philippe-allenbach-porte-plainte-contre-la-mairie-pour-delit-de-favoritisme#PlugCommentsList2\" target=\"_blank\" rel=\"nofollow noopener\">Jean-Philippe Allenbach<\/a> qui s\u2019est montr\u00e9 le plus virulent. <\/p>\n<p>Le pr\u00e9sident du Mouvement Franche-Comt\u00e9 (MFC) d\u00e9nonce un \u00ab favoritisme id\u00e9ologique \u00bb quant au choix de l\u2019artiste Lili Reynaud-Dewar. \u00ab Pourquoi Anne Vignot a-t-elle \u00e9t\u00e9 amen\u00e9e \u00e0 choisir cette artiste, plut\u00f4t qu\u2019une autre sans demander \u00e0 personne d\u2019autre s\u2019il y avait moins cher et mieux. Il n\u2019y a pas eu d\u2019appel d\u2019offres ni de mise en concurrence. Et puis, la commande pass\u00e9e par la Ville est dat\u00e9e du 4 juin et le vote au conseil municipal o\u00f9 il est demand\u00e9 l\u2019accord pour passer le contrat date de janvier 2025. S\u2019ils avaient vot\u00e9 contre, que se serait-il pass\u00e9 ? \u00bb<\/p>\n<p>  Une plainte d\u00e9pos\u00e9e en mai dernier<\/p>\n<p>Peu convaincu par les <a href=\"https:\/\/www.estrepublicain.fr\/politique\/2025\/05\/15\/jenny-d-hericourt-la-polemique-encore-et-toujours\" target=\"_blank\" rel=\"nofollow noopener\">r\u00e9ponses<\/a> apport\u00e9es par l\u2019\u00e9dile, le f\u00e9d\u00e9raliste a d\u00e9pos\u00e9 une plainte \u00e0 l\u2019encontre de la maire le 26 mai dernier, pour suspicion de d\u00e9lit de favoritisme. Le procureur de la R\u00e9publique a d\u00e9cid\u00e9 d\u2019ouvrir une enqu\u00eate. Cette derni\u00e8re est actuellement en cours.<\/p>\n<p>Rien pour l\u2019instant ne permet d\u2019affirmer qu\u2019Anne Vignot sera entendue, et encore moins jug\u00e9e.\u00a0Contact\u00e9, l\u2019entourage de la maire de Besan\u00e7on n\u2019\u00e9tait pas en mesure d\u2019apporter des r\u00e9ponses au moment de la r\u00e9daction de cet article.<\/p>\n","protected":false},"excerpt":{"rendered":"Depuis son arriv\u00e9e sur la place de la R\u00e9volution le 8 mars de cette ann\u00e9e, la sculpture rendant&hellip;\n","protected":false},"author":2,"featured_media":543515,"comment_status":"","ping_status":"","sticky":false,"template":"","format":"standard","meta":{"footnotes":""},"categories":[1358],"tags":[1348,1384,1385,10112,14382,1386,58,8026,14383,59,274,1011,27,316,11058],"class_list":{"0":"post-543514","1":"post","2":"type-post","3":"status-publish","4":"format-standard","5":"has-post-thumbnail","7":"category-arts-et-design","8":"tag-arts","9":"tag-arts-and-design","10":"tag-arts-et-design","11":"tag-besancon","12":"tag-besancon-ville-25a","13":"tag-design","14":"tag-divertissement","15":"tag-doubs","16":"tag-edition-besancon","17":"tag-entertainment","18":"tag-faits-divers-justice","19":"tag-fr","20":"tag-france","21":"tag-politique","22":"tag-region-franche-comte"},"share_on_mastodon":{"url":"https:\/\/pubeurope.com\/@fr\/115573386325543424","error":""},"_links":{"self":[{"href":"https:\/\/www.europesays.com\/fr\/wp-json\/wp\/v2\/posts\/543514","targetHints":{"allow":["GET"]}}],"collection":[{"href":"https:\/\/www.europesays.com\/fr\/wp-json\/wp\/v2\/posts"}],"about":[{"href":"https:\/\/www.europesays.com\/fr\/wp-json\/wp\/v2\/types\/post"}],"author":[{"embeddable":true,"href":"https:\/\/www.europesays.com\/fr\/wp-json\/wp\/v2\/users\/2"}],"replies":[{"embeddable":true,"href":"https:\/\/www.europesays.com\/fr\/wp-json\/wp\/v2\/comments?post=543514"}],"version-history":[{"count":0,"href":"https:\/\/www.europesays.com\/fr\/wp-json\/wp\/v2\/posts\/543514\/revisions"}],"wp:featuredmedia":[{"embeddable":true,"href":"https:\/\/www.europesays.com\/fr\/wp-json\/wp\/v2\/media\/543515"}],"wp:attachment":[{"href":"https:\/\/www.europesays.com\/fr\/wp-json\/wp\/v2\/media?parent=543514"}],"wp:term":[{"taxonomy":"category","embeddable":true,"href":"https:\/\/www.europesays.com\/fr\/wp-json\/wp\/v2\/categories?post=543514"},{"taxonomy":"post_tag","embeddable":true,"href":"https:\/\/www.europesays.com\/fr\/wp-json\/wp\/v2\/tags?post=543514"}],"curies":[{"name":"wp","href":"https:\/\/api.w.org\/{rel}","templated":true}]}}