{"id":543516,"date":"2025-11-18T23:52:21","date_gmt":"2025-11-18T23:52:21","guid":{"rendered":"https:\/\/www.europesays.com\/fr\/543516\/"},"modified":"2025-11-18T23:52:21","modified_gmt":"2025-11-18T23:52:21","slug":"danielle-moreau-quitte-subitement-le-plateau-de-tout-beau-tout-neuf-cyril-hanouna-surpris-par-la-raison-de-ce-geste","status":"publish","type":"post","link":"https:\/\/www.europesays.com\/fr\/543516\/","title":{"rendered":"Danielle Moreau quitte subitement le plateau de Tout beau tout neuf, Cyril Hanouna surpris par la raison de ce geste"},"content":{"rendered":"<p>Ce mardi 18 novembre, Danielle Moreau a pr\u00e9f\u00e9r\u00e9 quitter le plateau de Tout beau, tout fun sur W9 alors que Cyril Hanouna commen\u00e7ait une chronique dont elle ne voulait rien savoir.<\/p>\n<p>Les risques du m\u00e9tier. Revenu \u00e0 l&rsquo;antenne en septembre avec une nouvelle \u00e9mission et sur une autre cha\u00eene, Cyril Hanouna s&rsquo;entoure de <a href=\"https:\/\/www.programme-tv.net\/news\/tv\/386582-tout-beau-tout-neuf-voici-tous-les-chroniqueurs-de-l-emission-photos\/\" data-api-deeplink=\"teleloisirs:\/\/news\/386582\" target=\"_blank\" rel=\"noopener\">plusieurs chroniqueurs embl\u00e9matiques de TPMP<\/a> dans Tout beau, tout neuf. Avant d&rsquo;aborder les faits divers qui secouent l&rsquo;actualit\u00e9 en France, l&rsquo;animateur aime revenir sur les derniers scoops ou s\u00e9quences qui ont fait r\u00e9agir \u00e0 la t\u00e9l\u00e9. Au programme : L&rsquo;amour est dans le pr\u00e9 qui diffusait ce lundi 17 novembre l&rsquo;ultime \u00e9pisode de la 20e saison en amont <a href=\"https:\/\/www.programme-tv.net\/news\/tv\/391050-c-est-deja-l-heure-du-bilan-de-l-amour-est-dans-le-pre-2025-voici-quand-il-sera-diffuse-sur-m6\/\" data-api-deeplink=\"teleloisirs:\/\/news\/391050\" target=\"_blank\" rel=\"noopener\">du bilan<\/a>. Une information dont se serait bien pass\u00e9e Danielle Moreau.<\/p>\n<p>Tout beau, tout fun : Pourquoi Danielle Moreau a-t-elle quitt\u00e9 le plateau ce mardi soir ?<\/p>\n<p>En grande fan du<a href=\"https:\/\/www.programme-tv.net\/news\/tv\/392220-karine-le-marchand-se-confie-sur-les-20-ans-de-l-amour-est-dans-le-pre-c-est-l-emission-de-ma-carriere\/\" data-api-deeplink=\"teleloisirs:\/\/news\/392220\" target=\"_blank\" rel=\"noopener\"> programme champ\u00eatre pr\u00e9sent\u00e9 par Karine Le Marchand<\/a>, Danielle Moreau sait plus ou moins <a href=\"https:\/\/www.programme-tv.net\/news\/tv\/391991-celia-lamour-est-dans-le-pre-2025-annonce-son-choix-a-florent-et-clement-dans-le-prochain-episode-a-voir-des-maintenant-on-ne-se-comprend-pas\/\" data-api-deeplink=\"teleloisirs:\/\/news\/391991\" target=\"_blank\" rel=\"noopener\">o\u00f9 en sont les agriculteurs et pr\u00e9tendant(e)s en qu\u00eate de trouver leur \u00e2me s\u0153ur<\/a>. Toutefois, en raison de sa pr\u00e9sence chaque soir dans Tout beau, touf neuf, la chroniqueuse a rat\u00e9 le num\u00e9ro de L&rsquo;amour est dans le pr\u00e9 propos\u00e9 hier \u00e0 partir de 21h10 sur M6. La journaliste n&rsquo;est donc pas tout \u00e0 fait \u00e0 jour ! \u00ab\u00a0Tout \u00e9tait plut\u00f4t calme, c&rsquo;\u00e9tait tr\u00e8s mignon pour tout le monde, mais il y a eu quand m\u00eame de la rigolade ! On commence par<a href=\"https:\/\/www.programme-tv.net\/news\/tele-realite\/392244-c-est-un-peu-brutal-les-agriculteurs-de-l-amour-vu-du-pre-choques-par-la-rupture-de-jean-louis-du-nord-et-isabelle\/\" data-api-deeplink=\"teleloisirs:\/\/news\/392244\" target=\"_blank\" rel=\"noopener\"> <\/a><a href=\"https:\/\/www.programme-tv.net\/news\/tv\/391432-je-suis-en-ebullition-sophie-lamour-est-dans-le-pre-2025-stressee-de-recevoir-jean-louis-du-sud-chez-elle-dans-le-prochain-episode-deja-visible\/\" data-api-deeplink=\"teleloisirs:\/\/news\/391432\" target=\"_blank\" rel=\"noopener\">Jean-Louis<\/a>, qui a emmen\u00e9 sa pr\u00e9tendante en Espagne\u00a0\u00bb, a d\u00e9crypt\u00e9 Cyril Hanouna se lan\u00e7ant dans le d\u00e9brief au lendemain de la diffusion de l&rsquo;\u00e9pisode. Aussit\u00f4t, Danielle Moreaus s&rsquo;est lev\u00e9e et a quitt\u00e9 le plateau pour attendre sagement en coulisses !<b> \u00ab\u00a0Elle a enregistr\u00e9<\/b><b> [L&rsquo;amour est dans le pr\u00e9]<\/b><b>, elle ne veut rien savoir, vous allez la spoiler. C&rsquo;est comme un match de foot Cyril, elle ne veut pas voir le r\u00e9sultat<\/b>\u00ab\u00a0, ont successivement d\u00e9clar\u00e9 Matthieu Delormeau et <a href=\"https:\/\/www.programme-tv.net\/biographie\/449788-de-luxe-jordan\/\" data-link-people=\"36a0716f-2c53-44b2-bb0d-a00a1ada1bef\" target=\"_blank\" rel=\"noopener\">Jordan De Luxe<\/a>. \u00ab\u00a0Quoi ? Elle sort parce qu&rsquo;elle a enregistr\u00e9 ? C&rsquo;est une tar\u00e9e, les gars !\u00a0\u00bb, a r\u00e9pondu l&rsquo;animateur qui a poursuivi la chronique avec les autres personnalit\u00e9s \u00e0 ses c\u00f4t\u00e9s.<\/p>\n<p>                        Cyril Hanouna se paie la t\u00eate de Danielle Moreau<\/p>\n<p>Apr\u00e8s cinq minutes de disparition, Danielle Moreau a finalement fait son retour autour de la table sous les applaudissements du public. \u00ab\u00a0Ce qui est bien, c&rsquo;est que Cyril l&rsquo;avait compl\u00e8tement oubli\u00e9e\u00a0\u00bb, a gliss\u00e9 avec humour <a href=\"https:\/\/www.programme-tv.net\/biographie\/48590-delormeau-matthieu\/\" data-link-people=\"4a7b875f-0ef8-4ac7-bbb6-8282fef8c354\" target=\"_blank\" rel=\"noopener\">Matthieu Delormeau<\/a>. Et Cyril Hanouna d&rsquo;ironiser : \u00ab\u00a0J&rsquo;\u00e9tais en train de me dire que j&rsquo;aurais pu \u00e9conomiser un cachet\u00a0\u00bb.<\/p>\n","protected":false},"excerpt":{"rendered":"Ce mardi 18 novembre, Danielle Moreau a pr\u00e9f\u00e9r\u00e9 quitter le plateau de Tout beau, tout fun sur W9&hellip;\n","protected":false},"author":2,"featured_media":543517,"comment_status":"","ping_status":"","sticky":false,"template":"","format":"standard","meta":{"footnotes":""},"categories":[1356],"tags":[244,1083,31151,58,59,1011,27,252,22497,49534,1364,2395,1630],"class_list":{"0":"post-543516","1":"post","2":"type-post","3":"status-publish","4":"format-standard","5":"has-post-thumbnail","7":"category-television","8":"tag-commentaire","9":"tag-cyril-hanouna","10":"tag-danielle-moreau","11":"tag-divertissement","12":"tag-entertainment","13":"tag-fr","14":"tag-france","15":"tag-television","16":"tag-tout-beau","17":"tag-tout-n9uf","18":"tag-tv","19":"tag-w9","20":"tag-zapping"},"share_on_mastodon":{"url":"https:\/\/pubeurope.com\/@fr\/115573394360076275","error":""},"_links":{"self":[{"href":"https:\/\/www.europesays.com\/fr\/wp-json\/wp\/v2\/posts\/543516","targetHints":{"allow":["GET"]}}],"collection":[{"href":"https:\/\/www.europesays.com\/fr\/wp-json\/wp\/v2\/posts"}],"about":[{"href":"https:\/\/www.europesays.com\/fr\/wp-json\/wp\/v2\/types\/post"}],"author":[{"embeddable":true,"href":"https:\/\/www.europesays.com\/fr\/wp-json\/wp\/v2\/users\/2"}],"replies":[{"embeddable":true,"href":"https:\/\/www.europesays.com\/fr\/wp-json\/wp\/v2\/comments?post=543516"}],"version-history":[{"count":0,"href":"https:\/\/www.europesays.com\/fr\/wp-json\/wp\/v2\/posts\/543516\/revisions"}],"wp:featuredmedia":[{"embeddable":true,"href":"https:\/\/www.europesays.com\/fr\/wp-json\/wp\/v2\/media\/543517"}],"wp:attachment":[{"href":"https:\/\/www.europesays.com\/fr\/wp-json\/wp\/v2\/media?parent=543516"}],"wp:term":[{"taxonomy":"category","embeddable":true,"href":"https:\/\/www.europesays.com\/fr\/wp-json\/wp\/v2\/categories?post=543516"},{"taxonomy":"post_tag","embeddable":true,"href":"https:\/\/www.europesays.com\/fr\/wp-json\/wp\/v2\/tags?post=543516"}],"curies":[{"name":"wp","href":"https:\/\/api.w.org\/{rel}","templated":true}]}}