{"id":543518,"date":"2025-11-18T23:53:13","date_gmt":"2025-11-18T23:53:13","guid":{"rendered":"https:\/\/www.europesays.com\/fr\/543518\/"},"modified":"2025-11-18T23:53:13","modified_gmt":"2025-11-18T23:53:13","slug":"radio-france-et-france-tv-portent-plainte-contre-cnews-europe-1-et-le-jdd","status":"publish","type":"post","link":"https:\/\/www.europesays.com\/fr\/543518\/","title":{"rendered":"Radio France et France TV portent plainte contre CNews, Europe 1 et \u00ab\u00a0Le JDD\u00a0\u00bb"},"content":{"rendered":"<p>        <img decoding=\"async\" loading=\"lazy\" src=\"https:\/\/www.europesays.com\/fr\/wp-content\/uploads\/2025\/11\/8993d96_upload-1-ubwc76b21cqu-afp-20251021-hl-quentindegroeve-2925793-v2-highres-francemediasradiofr.jpeg\"  width=\"728\" height=\"409\" alt=\"La Maison de la Radio et de la Musique, \u00e0 Paris, le 21 octobre 2025.\"\/>  <\/p>\n<p>QUENTIN DE GROEVE \/ Hans Lucas via AFP<\/p>\n<p>La Maison de la Radio et de la Musique, \u00e0 Paris, le 21 octobre 2025.<\/p>\n<p class=\"asset asset-text\">M\u00c9DIAS &#8211; Bataille judiciaire dans le monde des m\u00e9dias. <a href=\"https:\/\/www.huffingtonpost.fr\/medias\/article\/affaire-legrand-cohen-les-patronnes-de-france-tv-et-radio-france-ripostent-contre-les-medias-bollore_254950.html\" target=\"_blank\" rel=\"noopener\" title=\"Nouvelle fen\u00eatre\">Radio France et France T\u00e9l\u00e9visions<\/a> ont assign\u00e9 en justice CNews, Europe 1 et Le JDD, dans le giron du milliardaire conservateur <a href=\"https:\/\/www.huffingtonpost.fr\/medias\/article\/face-a-la-menace-bollore-la-redaction-du-parisien-se-met-en-greve_255257.html\" target=\"_blank\" rel=\"noopener\" title=\"Nouvelle fen\u00eatre\">Vincent Bollor\u00e9<\/a>, pour \u00ab\u00a0d\u00e9nigrement\u00a0\u00bb, a-t-on appris ce mardi 18\u00a0novembre de source proche, confirmant <a href=\"https:\/\/www.lefigaro.fr\/medias\/radio-france-et-france-televisions-assignent-cnews-europe-1-et-le-jdd-en-justice-20251118\" target=\"_blank\" rel=\"noopener\" title=\"Nouvelle fen\u00eatre\">une information du Figaro<\/a>.<\/p>\n<p class=\"asset asset-text\">Les deux groupes publics n\u2019ont pas fait de commentaire sur cette action en justice engag\u00e9e s\u00e9par\u00e9ment aupr\u00e8s du tribunal des affaires \u00e9conomiques, qui intervient sur fond de conflit avec les m\u00e9dias priv\u00e9s de Vincent Bollor\u00e9 qui accusent l\u2019audiovisuel public de partialit\u00e9.<\/p>\n<p class=\"asset asset-text\">Dans un article publi\u00e9 sur son site, Le Figaro indique que la plainte a \u00e9t\u00e9 d\u00e9pos\u00e9e \u00ab\u00a0la semaine derni\u00e8re\u00a0\u00bb pour \u00ab\u00a0d\u00e9nigrement\u00a0\u00bb, qui \u00ab\u00a0est un grief constitutif de la concurrence d\u00e9loyale\u00a0\u00bb. Il pr\u00e9cise que Radio France et France T\u00e9l\u00e9visions \u00ab\u00a0se sont concert\u00e9s\u00a0\u00bb mais qu\u2019ils ont \u00ab\u00a0agi s\u00e9par\u00e9ment\u00a0\u00bb.<\/p>\n<p class=\"asset asset-text\">Contact\u00e9e, la direction de la radio Europe 1 a indiqu\u00e9 \u00ab\u00a0ne pas commenter\u00a0\u00bb ces informations.<\/p>\n<p class=\"asset asset-text\">Le conflit entre ces deux blocs m\u00e9diatiques a explos\u00e9 en septembre dans le sillage de <a href=\"https:\/\/www.huffingtonpost.fr\/politique\/article\/pourquoi-la-video-legrand-cohen-avec-le-ps-a-tout-pour-declencher-une-bronca-opportuniste_254488.html\" target=\"_blank\" rel=\"noopener\">l\u2019affaire Legrand-Cohen<\/a>, deux journalistes du service public accus\u00e9s de connivence avec le PS.<\/p>\n<p>    L\u2019Arcom saisie    <\/p>\n<p class=\"asset asset-text\">Ces hostilit\u00e9s ont \u00e9t\u00e9 d\u00e9clench\u00e9es par <a href=\"https:\/\/www.huffingtonpost.fr\/medias\/video\/comment-la-video-cohen-legrand-a-vire-a-la-guerre-entre-les-medias-du-groupe-bollore-et-l-audiovisuel-public_255032.html\" target=\"_blank\" rel=\"noopener\">une vid\u00e9o diffus\u00e9e d\u00e9but septembre par le m\u00e9dia L\u2019Incorrect<\/a>, source d\u2019une vive pol\u00e9mique politico-m\u00e9diatique.<\/p>\n<p class=\"asset asset-text\">Cette affaire a \u00e9t\u00e9 amplement comment\u00e9e sur CNews, Europe 1 et Le Journal du dimanche, qui y ont vu un signe de partialit\u00e9 politique du service public.<\/p>\n<p class=\"asset asset-text\">France T\u00e9l\u00e9visions et Radio France ont contre-attaqu\u00e9 en saisissant l\u2019Arcom, le r\u00e9gulateur de l\u2019audiovisuel aupr\u00e8s duquel ils ont d\u00e9nonc\u00e9 \u00ab\u00a0une campagne de d\u00e9nigrement\u00a0\u00bb.<\/p>\n<p class=\"asset asset-text\">\u00ab\u00a0La galaxie m\u00e9diatique de Vincent Bollor\u00e9 veut la peau de l\u2019audiovisuel public, r\u00e9clame sa privatisation\u00a0\u00bb, <a href=\"https:\/\/www.huffingtonpost.fr\/medias\/article\/la-charge-frontale-de-delphine-ernotte-contre-cnews-chaine-d-extreme-droite_254963.html\" target=\"_blank\" rel=\"noopener\">avait d\u00e9clar\u00e9 Delphine Ernotte Cunci<\/a>, la pr\u00e9sidente de France T\u00e9l\u00e9visions, dans une interview au Monde mi-septembre. \u00ab\u00a0Il faut admettre que CNews est un m\u00e9dia d\u2019opinion. Qu\u2019ils assument d\u2019\u00eatre une cha\u00eene d\u2019extr\u00eame droite\u00a0!\u00a0\u00bb, avait-elle ajout\u00e9.<\/p>\n<p class=\"asset asset-text\">Le patron de CNews, Serge Nedjar, avait r\u00e9agi en d\u00e9non\u00e7ant un \u00ab\u00a0manque de mesure et de responsabilit\u00e9 de la part de la pr\u00e9sidente de France T\u00e9l\u00e9visions\u00a0\u00bb.<\/p>\n<p class=\"asset asset-text\">Apr\u00e8s avoir entendu Delphine Ernotte Cunci et Sibyle Veil, pr\u00e9sidente de Radio France, sur l\u2019affaire Legrand-Cohen, l\u2019Arcom avait indiqu\u00e9 vouloir \u00ab\u00a0approfondir ses travaux sur l\u2019impartialit\u00e9 du service public\u00a0\u00bb.<\/p>\n","protected":false},"excerpt":{"rendered":"QUENTIN DE GROEVE \/ Hans Lucas via AFP La Maison de la Radio et de la Musique, \u00e0&hellip;\n","protected":false},"author":2,"featured_media":543519,"comment_status":"","ping_status":"","sticky":false,"template":"","format":"standard","meta":{"footnotes":""},"categories":[1355],"tags":[4690,9722,251,58,59,1473,1011,27,2400,43528,303,500,1361,873,10316,1022],"class_list":{"0":"post-543518","1":"post","2":"type-post","3":"status-publish","4":"format-standard","5":"has-post-thumbnail","7":"category-musique","8":"tag-arcom","9":"tag-cnews","10":"tag-culture","11":"tag-divertissement","12":"tag-entertainment","13":"tag-europe-1","14":"tag-fr","15":"tag-france","16":"tag-france-televisions","17":"tag-jdd","18":"tag-justice","19":"tag-medias","20":"tag-music","21":"tag-musique","22":"tag-radio-france","23":"tag-vincent-bollore"},"share_on_mastodon":{"url":"https:\/\/pubeurope.com\/@fr\/115573398876573525","error":""},"_links":{"self":[{"href":"https:\/\/www.europesays.com\/fr\/wp-json\/wp\/v2\/posts\/543518","targetHints":{"allow":["GET"]}}],"collection":[{"href":"https:\/\/www.europesays.com\/fr\/wp-json\/wp\/v2\/posts"}],"about":[{"href":"https:\/\/www.europesays.com\/fr\/wp-json\/wp\/v2\/types\/post"}],"author":[{"embeddable":true,"href":"https:\/\/www.europesays.com\/fr\/wp-json\/wp\/v2\/users\/2"}],"replies":[{"embeddable":true,"href":"https:\/\/www.europesays.com\/fr\/wp-json\/wp\/v2\/comments?post=543518"}],"version-history":[{"count":0,"href":"https:\/\/www.europesays.com\/fr\/wp-json\/wp\/v2\/posts\/543518\/revisions"}],"wp:featuredmedia":[{"embeddable":true,"href":"https:\/\/www.europesays.com\/fr\/wp-json\/wp\/v2\/media\/543519"}],"wp:attachment":[{"href":"https:\/\/www.europesays.com\/fr\/wp-json\/wp\/v2\/media?parent=543518"}],"wp:term":[{"taxonomy":"category","embeddable":true,"href":"https:\/\/www.europesays.com\/fr\/wp-json\/wp\/v2\/categories?post=543518"},{"taxonomy":"post_tag","embeddable":true,"href":"https:\/\/www.europesays.com\/fr\/wp-json\/wp\/v2\/tags?post=543518"}],"curies":[{"name":"wp","href":"https:\/\/api.w.org\/{rel}","templated":true}]}}