{"id":543526,"date":"2025-11-18T23:57:15","date_gmt":"2025-11-18T23:57:15","guid":{"rendered":"https:\/\/www.europesays.com\/fr\/543526\/"},"modified":"2025-11-18T23:57:15","modified_gmt":"2025-11-18T23:57:15","slug":"alain-souchon-apres-la-polemique-et-sa-sortie-sur-le-rn-le-chanteur-en-rajoute-une-couche-dans-c-a-vous","status":"publish","type":"post","link":"https:\/\/www.europesays.com\/fr\/543526\/","title":{"rendered":"Alain Souchon, apr\u00e8s la pol\u00e9mique et sa sortie sur le RN, le chanteur en rajoute une couche dans \u00ab\u00a0C \u00e0 Vous\u00a0\u00bb"},"content":{"rendered":"<p>Si les partisans du Rassemblement national (RN) attendaient des excuses, c\u2019est loup\u00e9. Ce mardi 18 novembre 2025, <a href=\"https:\/\/vsd.fr\/tag\/alain-souchon\/\" target=\"_blank\" rel=\"noopener\">Alain Souchon<\/a> se trouvait sur le plateau de <strong>C \u00e0 Vous<\/strong> en compagnie de ses fils pour la promotion de leur album sorti vendredi dernier, <strong>Studio Saint-Germain<\/strong>.\u00a0<\/p>\n<p>Un album que le chanteur de 81 ans a \u00e9voqu\u00e9 le jour m\u00eame de sa sortie, dans la matinale de RTL de Marc-Olivier Fogiel. Mais le journaliste a profit\u00e9 de la venue de l\u2019interpr\u00e8te de Foule sentimentale, pour l\u2019interroger sur un sujet politique : la mont\u00e9e du RN dans les sondages. Le journaliste lui a d\u2019abord rappel\u00e9 que les derniers chiffres d\u2019un sondage donnent\u00a0<a href=\"https:\/\/www.public.fr\/tag\/marine-le-pen\" target=\"_blank\" rel=\"noopener\">Marine Le Pen<\/a>\u00a0\u00e0 35 % d\u2019intentions de vote \u00e0 l\u2019approche de l\u2019\u00e9lection pr\u00e9sidentielle de 2027. \u00ab\u00a0Oui bah 35, ce n\u2019est pas 50 !\u00a0\u00bb, r\u00e9pondait le chanteur.<\/p>\n<p>Alain Souchon et ses propos sur le RN suscitent la pol\u00e9mique<\/p>\n<p>Apr\u00e8s cette pointe d\u2019humour, Alain Souchon se lancer dans <a href=\"https:\/\/www.public.fr\/je-ne-crois-pas-que-les-francais-soient-assez-cons-alain-souchon-menace-de-sexiler-en-suisse-si-le-rn-arrive-au-pouvoir-en-2027\" target=\"_blank\" rel=\"noopener\">une r\u00e9flexion plus large sur l\u2019\u00e9lectorat fran\u00e7ais<\/a>. <strong>\u00ab\u00a0Je ne crois pas que les Fran\u00e7ais soient assez cons pour \u00e9lire quelqu\u2019un du Front national pour diriger\u00a0\u00bb<\/strong>, l\u00e2chait-il avant de poursuivre : \u00ab\u00a0S\u2019il y a un pr\u00e9sident d\u2019extr\u00eame droite, il y aura une r\u00e9volution\u00a0\u00bb. Avec humour, \u00e0 la fin de l\u2019entretien, il s\u2019amusait m\u00eame avec Marc-Olivier Fogiel en balan\u00e7ant : <strong>\u00ab\u00a0Si jamais \u00e7a arrivait, on irait en Suisse\u00a0\u00bb<\/strong>.<\/p>\n<p>Mais la d\u00e9claration d\u2019Alain Souchon a fait sortir de leurs gonds de nombreux repr\u00e9sentants du Rassemblement national. \u00c0 commencer par le d\u00e9put\u00e9 S\u00e9bastien Chenu qui a vivement critiqu\u00e9 le chanteur sur son compte X.\u00a0<\/p>\n<p>\u00ab\u00a0Comme quoi, on peut \u00e9crire de jolies chansons pleines de bons sentiments et<strong>\u00a0\u00eatre parfaitement m\u00e9prisant et insultant vis-\u00e0-vis du public<\/strong>\u00ab\u00a0, \u00e9crivait le cinqui\u00e8me vice-pr\u00e9sident de l&rsquo;Assembl\u00e9e nationale a d\u00e9clar\u00e9. De son c\u00f4t\u00e9, <a href=\"https:\/\/www.public.fr\/le-depute-rn-jean-philippe-tanguy-insulte-alain-souchon\" target=\"_blank\" rel=\"noopener\">Jean-Philippe Tanguy se montrait bien plus violent<\/a> : \u00ab\u00a0Souchon est donc assez con selon ses crit\u00e8res de phare moral de l&rsquo;humanit\u00e9\u00a0<strong>puisque la Suisse applique largement le programme du RN<\/strong>, et que le parti populiste qui a gagn\u00e9 les derni\u00e8res \u00e9lections l\u00e9gislatives est \u00e0 la droite du RN\u00a0\u00bb. \u00ab\u00a040 ans apr\u00e8s, Souchon est toujours bien au chaud en France, ce truc qu&rsquo;il estimait d\u00e9mod\u00e9 par rapport \u00e0 l&rsquo;UE.<strong>\u00a0Il veut n\u00e9anmoins se r\u00e9fugier en Suisse, qui refuse totalement de rentrer dans l&rsquo;UE<\/strong>. Comprenne qui pourra\u00a0\u00bb, ajoutait-il dans un autre tweet.<\/p>\n<p>Le chanteur en rajoute une couche face \u00e0 Anne-\u00c9lisabeth Lemoine<\/p>\n<p>Quelques jours apr\u00e8s cette pol\u00e9mique, qu\u2019en pense r\u00e9ellement Alain Souchon ? Le principal int\u00e9ress\u00e9 a justement \u00e9t\u00e9 interrog\u00e9 sur le sujet ce mardi 18 novembre 2025, sur le plateau de <strong>C \u00e0 Vous<\/strong>. En fin d\u2019\u00e9mission, <a href=\"https:\/\/www.public.fr\/tag\/anne-elisabeth-lemoine\" target=\"_blank\" rel=\"noopener\">Anne-\u00c9lisabeth Lemoine<\/a> a en effet demand\u00e9 \u00e0 son invit\u00e9 : \u00ab\u00a0Alain, \u00e7a vous a surpris cette&#8230; Ces r\u00e9actions aussi vives \u00e0 vos propos ?\u00a0\u00bb\u00a0<\/p>\n<p>\u00ab\u00a0\u00c9videmment\u00a0\u00bb, a d\u00e9but\u00e9 le chanteur avant d\u2019en rajouter une couche : \u00ab\u00a0parce que <strong>j&rsquo;ai eu une \u00e9ducation bourgeoise et on ne dit pas \u2018con\u2019 \u00e0 la t\u00e9l\u00e9vision. C&rsquo;est un gros mot<\/strong>\u00ab\u00a0, rendant hilares les \u00e9quipes de <strong>C \u00e0 Vous.<\/strong> \u00ab\u00a0Il n&rsquo;y a que le &lsquo;con&rsquo; ? Mais en tout cas, vous ne vouliez insulter personne, ni aucun \u00e9lecteur, ni aucun Fran\u00e7ais\u00a0\u00bb, a rench\u00e9ri Anne-\u00c9lisabeth Lemoine une fois son s\u00e9rieux retrouv\u00e9. \u00ab\u00a0Bien s\u00fbr, <strong>on dit des choses comme \u00e7a. J&rsquo;ai fait comme si j&rsquo;\u00e9tais avec des amis chez moi. <\/strong>En fait, il faut mesurer tout ce qu&rsquo;on dit\u00a0\u00bb, a finalement conclu le chanteur, assumant n\u00e9anmoins sa sortie sur RTL.<\/p>\n<p>De leurs c\u00f4t\u00e9s, ses fils ont pr\u00e9cis\u00e9 que son \u00ab\u00a0d\u00e9part en Suisse\u00a0\u00bb \u00e9voqu\u00e9 \u00e9tait une \u00ab\u00a0blague\u00a0\u00bb. \u00ab\u00a0<strong>Jamais mon p\u00e8re ne quittera son pays.<\/strong> Il n&rsquo;y a m\u00eame jamais pens\u00e9. Sauf que dans le montage, il y a un montage dans les r\u00e9seaux sociaux, le montage est tronqu\u00e9 (\u2026) Il a pris la Suisse expr\u00e8s parce que c&rsquo;est un clich\u00e9 d&rsquo;un exil. <strong>C&rsquo;\u00e9tait une grosse blague<\/strong>\u00ab\u00a0, ont pr\u00e9cis\u00e9 les enfants de l\u2019artiste, afin de mettre fin \u00e0 la pol\u00e9mique.\u00a0<\/p>\n<p>\n          Hits &amp; People en continu\n        <\/p>\n<p>\n          Public Radio\n        <\/p>\n<p>      Mentionn\u00e9s dans cet article<\/p>\n<p>      Sur le m\u00eame sujet<\/p>\n","protected":false},"excerpt":{"rendered":"Si les partisans du Rassemblement national (RN) attendaient des excuses, c\u2019est loup\u00e9. Ce mardi 18 novembre 2025, Alain&hellip;\n","protected":false},"author":2,"featured_media":543527,"comment_status":"","ping_status":"","sticky":false,"template":"","format":"standard","meta":{"footnotes":""},"categories":[8],"tags":[36362,5631,5632,58,59,1011,27,45887,2556,2700],"class_list":{"0":"post-543526","1":"post","2":"type-post","3":"status-publish","4":"format-standard","5":"has-post-thumbnail","7":"category-divertissement","8":"tag-alain-souchon","9":"tag-anne-elisabeth-lemoine","10":"tag-c-a-vous","11":"tag-divertissement","12":"tag-entertainment","13":"tag-fr","14":"tag-france","15":"tag-marc-olivier-fogiel","16":"tag-rassemblement-national-rn","17":"tag-rtl"},"share_on_mastodon":{"url":"https:\/\/pubeurope.com\/@fr\/115573414576166693","error":""},"_links":{"self":[{"href":"https:\/\/www.europesays.com\/fr\/wp-json\/wp\/v2\/posts\/543526","targetHints":{"allow":["GET"]}}],"collection":[{"href":"https:\/\/www.europesays.com\/fr\/wp-json\/wp\/v2\/posts"}],"about":[{"href":"https:\/\/www.europesays.com\/fr\/wp-json\/wp\/v2\/types\/post"}],"author":[{"embeddable":true,"href":"https:\/\/www.europesays.com\/fr\/wp-json\/wp\/v2\/users\/2"}],"replies":[{"embeddable":true,"href":"https:\/\/www.europesays.com\/fr\/wp-json\/wp\/v2\/comments?post=543526"}],"version-history":[{"count":0,"href":"https:\/\/www.europesays.com\/fr\/wp-json\/wp\/v2\/posts\/543526\/revisions"}],"wp:featuredmedia":[{"embeddable":true,"href":"https:\/\/www.europesays.com\/fr\/wp-json\/wp\/v2\/media\/543527"}],"wp:attachment":[{"href":"https:\/\/www.europesays.com\/fr\/wp-json\/wp\/v2\/media?parent=543526"}],"wp:term":[{"taxonomy":"category","embeddable":true,"href":"https:\/\/www.europesays.com\/fr\/wp-json\/wp\/v2\/categories?post=543526"},{"taxonomy":"post_tag","embeddable":true,"href":"https:\/\/www.europesays.com\/fr\/wp-json\/wp\/v2\/tags?post=543526"}],"curies":[{"name":"wp","href":"https:\/\/api.w.org\/{rel}","templated":true}]}}