{"id":543532,"date":"2025-11-19T00:00:16","date_gmt":"2025-11-19T00:00:16","guid":{"rendered":"https:\/\/www.europesays.com\/fr\/543532\/"},"modified":"2025-11-19T00:00:16","modified_gmt":"2025-11-19T00:00:16","slug":"comment-marjorie-greene-est-passee-de-groupie-a-nouvelle-ennemie-de-trump","status":"publish","type":"post","link":"https:\/\/www.europesays.com\/fr\/543532\/","title":{"rendered":"Comment Marjorie Greene est pass\u00e9e de groupie \u00e0 nouvelle ennemie de Trump\u00a0?"},"content":{"rendered":"<p>La relation entre <a href=\"https:\/\/www.20minutes.fr\/dossier\/donald_trump\" target=\"_blank\" class=\"c-link c-link--is-underlined\" rel=\"noopener\">Donald Trump<\/a> et <a href=\"https:\/\/www.20minutes.fr\/monde\/2967335-20210202-etats-unis-marjorie-taylor-greene-elue-pro-qanon-horrifie-parlement\" target=\"_blank\" class=\"c-link c-link--is-underlined\" rel=\"noopener\">Marjorie Taylor Greene<\/a>, longtemps pr\u00e9sent\u00e9e comme l\u2019un des piliers du camp <a href=\"https:\/\/www.20minutes.fr\/politique\/maga\/\" target=\"_blank\" class=\"c-link c-link--is-underlined\" rel=\"noopener\">MAGA<\/a>, s\u2019est brutalement d\u00e9lit\u00e9e au point de devenir un affrontement public. Celle qui arborait encore au printemps une casquette \u00ab\u00a0Trump avait raison sur tout\u00a0\u00bb est d\u00e9sormais qualifi\u00e9e par le pr\u00e9sident de \u00ab\u00a0Marjorie \u00ab\u00a0La Tra\u00eetresse\u00a0\u00bb Greene\u00a0\u00bb, un signe clair du retournement op\u00e9r\u00e9 au sein m\u00eame de son premier cercle politique.<\/p>\n<p>Le basculement s\u2019est cristallis\u00e9 autour de l\u2019<a href=\"https:\/\/www.20minutes.fr\/societe\/affaire-epstein\/\" target=\"_blank\" class=\"c-link c-link--is-underlined\" rel=\"noopener\">affaire Jeffrey Epstein<\/a>. Marjorie Taylor Greene a reproch\u00e9 \u00e0 Donald Trump sa gestion du dossier, estimant que \u00ab\u00a0malheureusement, tout se r\u00e9sumait \u00e0 l\u2019affaire Epstein, et cela est choquant\u00a0\u00bb. Mis en cause par certains \u00e9lus qui l\u2019accusaient de vouloir bloquer un vote sur la publication des documents li\u00e9s \u00e0 Jeffrey Epstein, Donald Trump a fini par soutenir leur divulgation, affirmant n\u2019avoir \u00ab\u00a0rien \u00e0 cacher\u00a0\u00bb, un revirement interpr\u00e9t\u00e9 comme une mani\u00e8re d\u2019\u00e9viter une humiliation politique.<\/p>\n<\/p>\n<p>Le foss\u00e9 se creuse autour des enjeux \u00e9conomiques<\/p>\n<p>Au-del\u00e0 de cette affaire, le foss\u00e9 s\u2019est \u00e9largi sur des enjeux \u00e9conomiques majeurs. Marjorie Taylor Greene exhortait Donald Trump \u00e0 se recentrer sur le pouvoir d\u2019achat, un sujet devenu central pour la base MAGA. Les annonces du pr\u00e9sident, dividende national de 2.000 dollars sur les <a href=\"https:\/\/www.20minutes.fr\/economie\/droits-douane-americains\/\" target=\"_blank\" class=\"c-link c-link--is-underlined\" rel=\"noopener\">droits de douane<\/a> ou pr\u00eats immobiliers sur cinquante ans, n\u2019ont pas suffi \u00e0 calmer la contestation. La pol\u00e9mique provoqu\u00e9e par l\u2019interview de Tucker Carlson avec l\u2019influenceur extr\u00e9miste Nick Fuentes a encore accentu\u00e9 les divisions, Donald Trump r\u00e9pondant qu\u2019\u00ab\u00a0on ne peut pas lui dire qui interviewer\u00a0\u00bb.<\/p>\n<p><a href=\"https:\/\/www.20minutes.fr\/monde\/etats-unis\/\" target=\"_blank\" class=\"c-link c-btn c-btn--primary\" rel=\"noopener\">Notre dossier sur les Etats-Unis<\/a><\/p>\n<p>Ces tensions internes annoncent une recomposition du mouvement \u00e0 l\u2019approche des <a href=\"https:\/\/www.20minutes.fr\/dossier\/midterms\" target=\"_blank\" class=\"c-link c-link--is-underlined\" rel=\"noopener\">midterms<\/a> de\u00a02026 et de l\u2019\u00e9lection pr\u00e9sidentielle de\u00a02028. Le vice-pr\u00e9sident <a href=\"https:\/\/www.20minutes.fr\/monde\/vance\/\" target=\"_blank\" class=\"c-link c-link--is-underlined\" rel=\"noopener\">J.D. Vance<\/a> appara\u00eet comme successeur potentiel, m\u00eame si la base reste partag\u00e9e. Quant \u00e0 Marjorie Taylor Greene, qui nie toute ambition politique, elle est devenue l\u2019une des principales opposantes internes, incarnant la perte progressive de contr\u00f4le de Donald Trump sur un mouvement qu\u2019il dirigeait jusqu\u2019ici sans contestation.<\/p>\n","protected":false},"excerpt":{"rendered":"La relation entre Donald Trump et Marjorie Taylor Greene, longtemps pr\u00e9sent\u00e9e comme l\u2019un des piliers du camp MAGA,&hellip;\n","protected":false},"author":2,"featured_media":543533,"comment_status":"","ping_status":"","sticky":false,"template":"","format":"standard","meta":{"footnotes":""},"categories":[5],"tags":[47,11,14751,75,73,1011,27,14,79,51817,42217,74,12,28],"class_list":{"0":"post-543532","1":"post","2":"type-post","3":"status-publish","4":"format-standard","5":"has-post-thumbnail","7":"category-international","8":"tag-actualite","9":"tag-actualites","10":"tag-affaire-epstein","11":"tag-donald-trump","12":"tag-etats-unis","13":"tag-fr","14":"tag-france","15":"tag-international","16":"tag-j-d-vance","17":"tag-maga","18":"tag-midterms","19":"tag-monde","20":"tag-news","21":"tag-world"},"share_on_mastodon":{"url":"","error":""},"_links":{"self":[{"href":"https:\/\/www.europesays.com\/fr\/wp-json\/wp\/v2\/posts\/543532","targetHints":{"allow":["GET"]}}],"collection":[{"href":"https:\/\/www.europesays.com\/fr\/wp-json\/wp\/v2\/posts"}],"about":[{"href":"https:\/\/www.europesays.com\/fr\/wp-json\/wp\/v2\/types\/post"}],"author":[{"embeddable":true,"href":"https:\/\/www.europesays.com\/fr\/wp-json\/wp\/v2\/users\/2"}],"replies":[{"embeddable":true,"href":"https:\/\/www.europesays.com\/fr\/wp-json\/wp\/v2\/comments?post=543532"}],"version-history":[{"count":0,"href":"https:\/\/www.europesays.com\/fr\/wp-json\/wp\/v2\/posts\/543532\/revisions"}],"wp:featuredmedia":[{"embeddable":true,"href":"https:\/\/www.europesays.com\/fr\/wp-json\/wp\/v2\/media\/543533"}],"wp:attachment":[{"href":"https:\/\/www.europesays.com\/fr\/wp-json\/wp\/v2\/media?parent=543532"}],"wp:term":[{"taxonomy":"category","embeddable":true,"href":"https:\/\/www.europesays.com\/fr\/wp-json\/wp\/v2\/categories?post=543532"},{"taxonomy":"post_tag","embeddable":true,"href":"https:\/\/www.europesays.com\/fr\/wp-json\/wp\/v2\/tags?post=543532"}],"curies":[{"name":"wp","href":"https:\/\/api.w.org\/{rel}","templated":true}]}}