{"id":543534,"date":"2025-11-19T00:01:13","date_gmt":"2025-11-19T00:01:13","guid":{"rendered":"https:\/\/www.europesays.com\/fr\/543534\/"},"modified":"2025-11-19T00:01:13","modified_gmt":"2025-11-19T00:01:13","slug":"aujourdhui-jai-decide-de-ne-pas-repondre-aux-questions-liberation","status":"publish","type":"post","link":"https:\/\/www.europesays.com\/fr\/543534\/","title":{"rendered":"\u00abAujourd\u2019hui, j\u2019ai d\u00e9cid\u00e9 de ne pas r\u00e9pondre aux questions\u00bb \u2013 Lib\u00e9ration"},"content":{"rendered":"<p class=\"sc-cPiKLX AiZTS text-element\">Nouvelle surprise dans un proc\u00e8s qui n\u2019en manque pas. Fr\u00e9d\u00e9ric P\u00e9chier rejoint la barre des t\u00e9moins avant m\u00eame que la cour d\u2019assises du Doubs ne s\u2019installe. La mine tranquille du garnement qui pr\u00e9pare son coup pendable. Mains sagement crois\u00e9es sur le pupitre, l\u2019ex-anesth\u00e9siste star de la clinique Saint-Vincent de Besan\u00e7on, accus\u00e9 de 30 empoisonnements dont 12 mortels entre 2008 et 2017, doit prendre la parole pour la treizi\u00e8me fois depuis l\u2019ouverture de son proc\u00e8s, le 8 septembre. Mais ce mardi 18 novembre, il coupe court : \u00abJ\u2019ai d\u00e9cid\u00e9 de ne pas r\u00e9pondre aux questions aujourd\u2019hui.\u00bb<\/p>\n<p class=\"sc-cPiKLX AiZTS text-element\">Echange de regards interloqu\u00e9s sur les bancs des parties civiles et de l\u2019accusation. \u00abCe qu\u2019il s\u2019est pass\u00e9 hier et aujourd\u2019hui m\u2019a profond\u00e9ment choqu\u00e9\u00bb, argue le m\u00e9decin d\u00e9chu, \u00e0 la perplexit\u00e9 g\u00e9n\u00e9rale. Son explication suit, alambiqu\u00e9e. Selon lui, le duo d\u2019experts auditionn\u00e9 le matin a r\u00e9pondu trop rapidement, apr\u00e8s seulement quelques heures de recherche, \u00e0 la question qu\u2019il a pos\u00e9e la veille, \u00e0 la suite d\u2019une brusque et tardive inspiration. Soit : quelle est la vitesse de d\u00e9gradation de l\u2019adr\u00e9naline, sortie de son conditionnement d\u2019origine et m\u00e9lang\u00e9e \u00e0 un solut\u00e9 d\u2019hydratation ? Le point est technique mais crucial, aux yeux de P\u00e9chier.<\/p>\n<p class=\"sc-cPiKLX AiZTS text-element\">C\u2019est que l\u2019acte d\u2019accusation repose beaucoup sur le fait qu\u2019il soit <a href=\"https:\/\/www.liberation.fr\/societe\/police-justice\/proces-de-frederic-pechier-a-besancon-lanesthesiste-star-et-les-empoisonnements-en-serie-20250908_53XZZA7VTNHSHPFCZ27LAVZXHM\/&lt;\/p&gt;&lt;\/div&gt;&lt;\/article&gt;&lt;\/div&gt;&lt;div data-fusion-lazy-id=\" f0f8vgvlad832fw=\"\" rel=\"nofollow noopener\" target=\"_blank\"><\/p>\n","protected":false},"excerpt":{"rendered":"Nouvelle surprise dans un proc\u00e8s qui n\u2019en manque pas. Fr\u00e9d\u00e9ric P\u00e9chier rejoint la barre des t\u00e9moins avant m\u00eame&hellip;\n","protected":false},"author":2,"featured_media":543535,"comment_status":"","ping_status":"","sticky":false,"template":"","format":"standard","meta":{"footnotes":""},"categories":[4],"tags":[11,10112,1011,27,51056,12,25],"class_list":{"0":"post-543534","1":"post","2":"type-post","3":"status-publish","4":"format-standard","5":"has-post-thumbnail","7":"category-france","8":"tag-actualites","9":"tag-besancon","10":"tag-fr","11":"tag-france","12":"tag-frederic-pechier","13":"tag-news","14":"tag-republique-francaise"},"share_on_mastodon":{"url":"https:\/\/pubeurope.com\/@fr\/115573429800078548","error":""},"_links":{"self":[{"href":"https:\/\/www.europesays.com\/fr\/wp-json\/wp\/v2\/posts\/543534","targetHints":{"allow":["GET"]}}],"collection":[{"href":"https:\/\/www.europesays.com\/fr\/wp-json\/wp\/v2\/posts"}],"about":[{"href":"https:\/\/www.europesays.com\/fr\/wp-json\/wp\/v2\/types\/post"}],"author":[{"embeddable":true,"href":"https:\/\/www.europesays.com\/fr\/wp-json\/wp\/v2\/users\/2"}],"replies":[{"embeddable":true,"href":"https:\/\/www.europesays.com\/fr\/wp-json\/wp\/v2\/comments?post=543534"}],"version-history":[{"count":0,"href":"https:\/\/www.europesays.com\/fr\/wp-json\/wp\/v2\/posts\/543534\/revisions"}],"wp:featuredmedia":[{"embeddable":true,"href":"https:\/\/www.europesays.com\/fr\/wp-json\/wp\/v2\/media\/543535"}],"wp:attachment":[{"href":"https:\/\/www.europesays.com\/fr\/wp-json\/wp\/v2\/media?parent=543534"}],"wp:term":[{"taxonomy":"category","embeddable":true,"href":"https:\/\/www.europesays.com\/fr\/wp-json\/wp\/v2\/categories?post=543534"},{"taxonomy":"post_tag","embeddable":true,"href":"https:\/\/www.europesays.com\/fr\/wp-json\/wp\/v2\/tags?post=543534"}],"curies":[{"name":"wp","href":"https:\/\/api.w.org\/{rel}","templated":true}]}}