{"id":543538,"date":"2025-11-19T00:03:24","date_gmt":"2025-11-19T00:03:24","guid":{"rendered":"https:\/\/www.europesays.com\/fr\/543538\/"},"modified":"2025-11-19T00:03:24","modified_gmt":"2025-11-19T00:03:24","slug":"privas-le-grand-bal-de-la-compagnie-dyptik-jeudi-20-novembre","status":"publish","type":"post","link":"https:\/\/www.europesays.com\/fr\/543538\/","title":{"rendered":"Privas. Le Grand Bal de la compagnie Dyptik, jeudi 20\u00a0novembre"},"content":{"rendered":"<p>Ballet ou battle chor\u00e9graphique\u00a0? \u00c7a va remuer, jeudi 20\u00a0novembre au th\u00e9\u00e2tre de Privas, qui accueille, \u00e0 20\u00a0heures, la compagnie Dyptik. Tout en hip-hop et gestuelle traditionnelle, Souhail Marchiche et Mehdi Meghari orchestreront leur Grand Bal avec les solos et figures \u00e0 l\u2019unisson de leurs huit danseurs. Fi\u00e8vre, transes collectives et effets stroboscopiques en perspective\u2026<\/p>\n<p class=\"note\">Tarifs\u00a0: 29\/25\u00a0\u20ac. R\u00e9servations au 04\u00a075\u00a064\u00a093\u00a039 ou billetterie@theatredeprivas.com<\/p>\n","protected":false},"excerpt":{"rendered":"Ballet ou battle chor\u00e9graphique\u00a0? \u00c7a va remuer, jeudi 20\u00a0novembre au th\u00e9\u00e2tre de Privas, qui accueille, \u00e0 20\u00a0heures, la&hellip;\n","protected":false},"author":2,"featured_media":543539,"comment_status":"","ping_status":"","sticky":false,"template":"","format":"standard","meta":{"footnotes":""},"categories":[9653],"tags":[1111,11,2430,1687,4645,1777,674,1795,1011,27,12,17020,25679,25,4001],"class_list":{"0":"post-543538","1":"post","2":"type-post","3":"status-publish","4":"format-standard","5":"has-post-thumbnail","7":"category-saint-etienne","8":"tag-actu","9":"tag-actualites","10":"tag-auvergne-rhone-alpes","11":"tag-culture-loisirs","12":"tag-edition-aubenas-privas-vallee-du-rhone","13":"tag-eu","14":"tag-europe","15":"tag-fil-web","16":"tag-fr","17":"tag-france","18":"tag-news","19":"tag-privas","20":"tag-privas-bassin","21":"tag-republique-francaise","22":"tag-saint-etienne"},"share_on_mastodon":{"url":"https:\/\/pubeurope.com\/@fr\/115573437469143369","error":""},"_links":{"self":[{"href":"https:\/\/www.europesays.com\/fr\/wp-json\/wp\/v2\/posts\/543538","targetHints":{"allow":["GET"]}}],"collection":[{"href":"https:\/\/www.europesays.com\/fr\/wp-json\/wp\/v2\/posts"}],"about":[{"href":"https:\/\/www.europesays.com\/fr\/wp-json\/wp\/v2\/types\/post"}],"author":[{"embeddable":true,"href":"https:\/\/www.europesays.com\/fr\/wp-json\/wp\/v2\/users\/2"}],"replies":[{"embeddable":true,"href":"https:\/\/www.europesays.com\/fr\/wp-json\/wp\/v2\/comments?post=543538"}],"version-history":[{"count":0,"href":"https:\/\/www.europesays.com\/fr\/wp-json\/wp\/v2\/posts\/543538\/revisions"}],"wp:featuredmedia":[{"embeddable":true,"href":"https:\/\/www.europesays.com\/fr\/wp-json\/wp\/v2\/media\/543539"}],"wp:attachment":[{"href":"https:\/\/www.europesays.com\/fr\/wp-json\/wp\/v2\/media?parent=543538"}],"wp:term":[{"taxonomy":"category","embeddable":true,"href":"https:\/\/www.europesays.com\/fr\/wp-json\/wp\/v2\/categories?post=543538"},{"taxonomy":"post_tag","embeddable":true,"href":"https:\/\/www.europesays.com\/fr\/wp-json\/wp\/v2\/tags?post=543538"}],"curies":[{"name":"wp","href":"https:\/\/api.w.org\/{rel}","templated":true}]}}